{"id":68124,"date":"2019-11-21T14:17:24","date_gmt":"2019-11-21T19:17:24","guid":{"rendered":"https:\/\/linitiative.ca\/International\/afrique-vers-une-coalition-contre-linegalite-des-sexes\/"},"modified":"2019-11-21T14:17:24","modified_gmt":"2019-11-21T19:17:24","slug":"afrique-vers-une-coalition-contre-linegalite-des-sexes","status":"publish","type":"post","link":"https:\/\/linitiative.ca\/International\/afrique-vers-une-coalition-contre-linegalite-des-sexes\/","title":{"rendered":"Afrique: Vers une coalition contre l\u2019in\u00e9galit\u00e9 des sexes"},"content":{"rendered":"<p>Initi\u00e9e par la Fondation Helpline for the Needy Abuja (Nigeria) en partenariat avec le Centre International de Diplomatie (Maroc) et en collaboration avec Echoes Africa Initiatives (New York), cette Conf\u00e9rence, qui se veut l\u2019un des plus \u00e9minents rassemblements annuels d\u2019experts, d\u2019institutions, d\u2019organisations non gouvernementales et d\u2019entreprises, a pour but de d\u00e9finir des agendas et des options viables, \u00e0 travers lesquels les acteurs de la politique africaine peuvent canaliser les diverses ressources dont disposent les femmes africaines vers le d\u00e9veloppement durable du Continent.<\/p>\n<p>Cette rencontre rassemble des femmes africaines pour \u00e9changer et favoriser de nouvelles id\u00e9es susceptibles d\u2019accro\u00eetre leur influence et leur productivit\u00e9 dans leurs diff\u00e9rents domaines d\u2019activit\u00e9s, et pour offrir aux entreprises, philanthropes et investisseurs \u00e9trangers ax\u00e9s sur l\u2019Afrique une plateforme leur permettant de rencontrer et de forger des alliances avec des femmes africaines entrepreneures, d\u00e9cideuses, influenceuses et professionnelles pour d\u00e9velopper leurs projets.<\/p>\n<p>S\u2019exprimant \u00e0 cette occasion, la ministre de la solidarit\u00e9, du d\u00e9veloppement social, de l\u2019\u00e9galit\u00e9 et de la famille, Jamila El Moussali a appel\u00e9 au renforcement de la coop\u00e9ration et de la coordination entre les diff\u00e9rents acteurs et intervenants africains pour promouvoir les droits des femmes, valoriser leurs capacit\u00e9s, renforcer leurs comp\u00e9tences et faciliter leur inclusion dans les sph\u00e8res de d\u00e9cision \u00e9conomique et politique.<\/p>\n<p>L\u2019am\u00e9lioration de la situation de la femme africaine est tributaire de l\u2019engagement de tous, en f\u00e9d\u00e9rant l\u2019ensemble des actions et initiatives pour une meilleure performance et efficacit\u00e9 dans le domaine de l\u2019\u00e9galit\u00e9 et la consolidation de la participation politique et \u00e9conomique des femmes, a indiqu\u00e9 Mme El Moussali dans une allocution lue en son nom par la repr\u00e9sentante du minist\u00e8re, Hanane Nadir, soulignant l\u2019importance du d\u00e9veloppement du partenariat avec les institutions et les instances actives dans ce domaine aux niveaux national et international.<\/p>\n<p>Elle a, ainsi, mis en avant l\u2019engagement du Royaume en faveur de la promotion de l\u2019\u00e9galit\u00e9 entre les femmes et les hommes et l\u2019int\u00e9gration des droits des femmes au niveau des politiques publiques et programmes de d\u00e9veloppement.<\/p>\n<p>Le Maroc a r\u00e9alis\u00e9 des avanc\u00e9es notables en mati\u00e8re d\u2019autonomisation sociale, \u00e9conomique et politique des femmes, \u00e0 travers l\u2019adoption d\u2019une s\u00e9rie de r\u00e9formes et la consolidation de l\u2019arsenal juridique pour garantir les droits des femmes et assurer leur dignit\u00e9, s\u2019est-elle f\u00e9licit\u00e9e, faisant \u00e9tat de l\u2019am\u00e9lioration des indicateurs socio-\u00e9conomiques li\u00e9s \u00e0 l\u2019\u00e9galit\u00e9 entre les femmes et les hommes, conform\u00e9ment aux engagements du Royaume pour la mise en \u0153uvre des Objectifs du Mill\u00e9naire pour le D\u00e9veloppement.<\/p>\n<p>Elle a \u00e9galement jet\u00e9 la lumi\u00e8re sur le Plan Gouvernemental pour l\u2019Egalit\u00e9 (PGE) qui traduit les efforts d\u00e9ploy\u00e9s par l\u2019Ex\u00e9cutif pour instaurer une politique d\u2019\u00e9galit\u00e9 des genres, en accordant une importance capitale aux axes relatifs \u00e0 l\u2019autonomisation sociale et \u00e9conomique des femmes et \u00e0 l\u2019acc\u00e8s \u00e9gal et \u00e9quitable aux postes de prise de d\u00e9cision aux niveaux administratif, politique et \u00e9conomique, outre l\u2019appui des diff\u00e9rentes initiatives visant la promotion de l\u2019\u00e9galit\u00e9 femmes-hommes.<\/p>\n<p>De son c\u00f4t\u00e9, la pr\u00e9sidente du Centre International de Diplomatie \u00e0 Rabat et partenaire de la Conf\u00e9rence, Karima Rhanem, a indiqu\u00e9 que cette manifestation continentale d\u2019envergure vise la construction d\u2019une coalition pour mettre fin aux in\u00e9galit\u00e9s des sexes en Afrique, faisant observer qu\u2019aujourd\u2019hui, les pays africains sont appel\u00e9s, plus que jamais, \u00e0 conjuguer les efforts et \u00e0 travailler en r\u00e9seau pour d\u00e9velopper des campagnes de plaidoyer plus efficaces afin de promouvoir l\u2019\u00e9galit\u00e9 des sexes, les droits des femmes et la lutte contre tout genre de discrimination et de violence \u00e0 l\u2019\u00e9gard des femmes.<\/p>\n<p>\u00ab\u00a0Ce rendez-vous important conna\u00eet une mobilisation non seulement de la part des femmes leaders du Continent, mais aussi des hommes qui ont vu la n\u00e9cessit\u00e9 de se joindre \u00e0 nous pour lancer une campagne continentale visant \u00e0 promouvoir les questions d\u2019\u00e9galit\u00e9 et de genre en Afrique\u00a0\u00bb, a-t-elle soutenu.<\/p>\n<p>Le Maroc a \u00e9t\u00e9 choisi pour son engagement en faveur du d\u00e9veloppement de l\u2019Afrique et ses diff\u00e9rentes initiatives dans le Continent, notamment le volume des investissements, a-t-elle not\u00e9, ajoutant que cette conf\u00e9rence permettra de partager l\u2019exp\u00e9rience marocaine en la mati\u00e8re et promouvoir la coop\u00e9ration Sud-Sud.<\/p>\n<p>Cette Conf\u00e9rence regroupe des experts et des acteurs du monde politique et \u00e9conomique des diff\u00e9rents pays africains pour discuter et d\u00e9battre des questions li\u00e9es \u00e0 l\u2019approche genre et \u00e0 l\u2019\u00e9galit\u00e9 homme-femme en Afrique, a-t-elle conclu.<\/p>\n<p>Pour sa part, l\u2019ambassadeur du Nigeria au Maroc, Baba Garba, a salu\u00e9 cette initiative louable visant la construction d\u2019une coalition en faveur de la promotion des droits de la femme africaine, estimant que l\u2019\u00e9galit\u00e9 des sexes est plac\u00e9e aujourd\u2019hui au c\u0153ur du d\u00e9veloppement des Nations.<\/p>\n<p>La question du genre doit \u00eatre d\u00e9sormais int\u00e9gr\u00e9e dans les politiques publiques africaines pour faire participer la femme au d\u00e9veloppement socio-\u00e9conomique et politique, a-t-il insist\u00e9, appelant \u00e0 s\u2019investir davantage dans l\u2019\u00e9ducation des filles et l\u2019autonomisation de la femme rurale.<\/p>\n<p>A cette occasion, il a mis en avant l\u2019exp\u00e9rience marocaine pour l\u2019am\u00e9lioration des conditions des femmes, l\u2019instauration de la culture d\u2019\u00e9galit\u00e9 et l\u2019autonomisation \u00e9conomique et politique, citant l\u2019exemple des coop\u00e9ratives qui jouent un r\u00f4le important dans le d\u00e9veloppement socio-\u00e9conomique de cette frange de la soci\u00e9t\u00e9 et la valorisation des produits du terroir.<\/p>\n<p>Quant \u00e0 la pr\u00e9sidente de la Fondation Helpline, Jumai Ahmadu, elle a soulign\u00e9 que les femmes africaines disposent de potentialit\u00e9s importantes et sont devenues un r\u00e9el facteur et acteur de d\u00e9veloppement.<\/p>\n<p>Cette conf\u00e9rence, qui r\u00e9unit des femmes africaines de plusieurs pays, permettra de sortir avec des solutions et d\u2019\u00e9tablir des partenariats solides entre diff\u00e9rents intervenants pour le d\u00e9veloppement du Continent, a-t-elle affirm\u00e9.<\/p>\n<p>Elle a aussi appel\u00e9 au renforcement de l\u2019assistance au profit des femmes africaines, \u00e0 la facilitation de leur acc\u00e8s aux postes de responsabilit\u00e9 et de d\u00e9cision et \u00e0 la lutte contre les in\u00e9galit\u00e9s des sexes.<\/p>\n<p>Lors de ce conclave, qui se poursuivra jusqu\u2019au 23 novembre, plusieurs hauts dignitaires et d\u2019autres personnalit\u00e9s du Nigeria, du Liberia, du Ghana, du S\u00e9n\u00e9gal, de la Gambie, de la Namibie, du Kenya, du Cameroun, du Tchad, du Niger, du Maroc et d\u2019autres pays africains, dont des ministres f\u00e9d\u00e9raux, \u00e9pouses de gouverneurs d\u2019Etat, propri\u00e9taires d\u2019entreprises et des repr\u00e9sentants d\u2019organisations de la soci\u00e9t\u00e9 civile, sont attendus.<\/p>\n<p>Cette troisi\u00e8me \u00e9dition conna\u00eet la participation d\u2019une d\u00e9l\u00e9gation de haut niveau du Nigeria, ainsi que des chefs d\u2019entreprises int\u00e9ress\u00e9s par l\u2019\u00e9conomie africaine de toute l\u2019Afrique et de la diaspora, des hauts fonctionnaires, des femmes innovantes, des femmes parlementaires et des \u00e9pouses de chefs de gouvernement.<\/p>\n<p>La Conf\u00e9rence des Femmes Africaines a \u00e9t\u00e9 fond\u00e9e par la Fondation Helpline for the Needy Abuja, une ONG dot\u00e9e du statut consultatif aupr\u00e8s des Nations Unies, en collaboration avec Echoes Africa Initiatives New York. Elle se veut un rassemblement annuel des femmes africaines op\u00e9rant dans les secteurs formels et non formels de l\u2019\u00e9conomie africaine.<\/p>\n<p>L\u2019\u00e9dition inaugurale de l\u2019AWC s\u2019est tenue \u00e0 New York \u00e0 la veille de l\u2019organisation du CSW62 des Nations Unies en mars 2018 avec la participation impressionnante de d\u00e9l\u00e9gu\u00e9s, diplomates, entrepreneurs, politiciens, philanthropes, et ONGs, alors que la deuxi\u00e8me \u00e9dition a eu lieu \u00e0 Windhoek, en Namibie, du 22 au 24 novembre 2018.<\/p>\n<p>Le Centre International de Diplomatie (ICD), partenaire principal de l\u2019AWC, est une ONG marocaine cr\u00e9\u00e9e le 2 avril 2011 dans l\u2019objectif d\u2019am\u00e9liorer la repr\u00e9sentativit\u00e9 et l\u2019influence des acteurs non \u00e9tatiques marocains sur les politiques men\u00e9es par les instances internationales, ainsi que de renforcer les liens d\u2019amiti\u00e9 et de coop\u00e9ration avec les acteurs non \u00e9tatiques dans les diff\u00e9rents pays du monde.<\/p>\n<p>Auteur: Meriem IGASS<br \/>\n<a href=\"http:\/\/www.mapmarrakech.ma\/fr\/femmes\/\">Cliquez ici pour lire l&rsquo;article depuis sa source.<\/a><\/p>\n","protected":false},"excerpt":{"rendered":"<p>Initi\u00e9e par la Fondation Helpline for the Needy Abuja (Nigeria) en partenariat avec le Centre International de Diplomatie (Maroc) et en collaboration avec Echoes Africa Initiatives (New York), cette Conf\u00e9rence, qui se veut l\u2019un des plus \u00e9minents rassemblements annuels d\u2019experts, d\u2019institutions, d\u2019organisations non gouvernementales et d\u2019entreprises, a pour but de d\u00e9finir des agendas et des [&hellip;]<\/p>\n","protected":false},"author":1788,"featured_media":0,"comment_status":"closed","ping_status":"closed","sticky":false,"template":"","format":"standard","meta":{"fifu_image_url":"","fifu_image_alt":"","footnotes":""},"categories":[54,76],"tags":[],"class_list":["post-68124","post","type-post","status-publish","format-standard","hentry","category-maroc","category-regions"],"_links":{"self":[{"href":"https:\/\/linitiative.ca\/International\/wp-json\/wp\/v2\/posts\/68124","targetHints":{"allow":["GET"]}}],"collection":[{"href":"https:\/\/linitiative.ca\/International\/wp-json\/wp\/v2\/posts"}],"about":[{"href":"https:\/\/linitiative.ca\/International\/wp-json\/wp\/v2\/types\/post"}],"author":[{"embeddable":true,"href":"https:\/\/linitiative.ca\/International\/wp-json\/wp\/v2\/users\/1788"}],"replies":[{"embeddable":true,"href":"https:\/\/linitiative.ca\/International\/wp-json\/wp\/v2\/comments?post=68124"}],"version-history":[{"count":0,"href":"https:\/\/linitiative.ca\/International\/wp-json\/wp\/v2\/posts\/68124\/revisions"}],"wp:attachment":[{"href":"https:\/\/linitiative.ca\/International\/wp-json\/wp\/v2\/media?parent=68124"}],"wp:term":[{"taxonomy":"category","embeddable":true,"href":"https:\/\/linitiative.ca\/International\/wp-json\/wp\/v2\/categories?post=68124"},{"taxonomy":"post_tag","embeddable":true,"href":"https:\/\/linitiative.ca\/International\/wp-json\/wp\/v2\/tags?post=68124"}],"curies":[{"name":"wp","href":"https:\/\/api.w.org\/{rel}","templated":true}]}}