{"id":68125,"date":"2019-11-21T05:04:02","date_gmt":"2019-11-21T10:04:02","guid":{"rendered":"https:\/\/linitiative.ca\/International\/presidentielle-les-candidats-accentuent-la-cadence-presse-ouest\/"},"modified":"2019-11-21T05:04:02","modified_gmt":"2019-11-21T10:04:02","slug":"presidentielle-les-candidats-accentuent-la-cadence-presse-ouest","status":"publish","type":"post","link":"https:\/\/linitiative.ca\/International\/presidentielle-les-candidats-accentuent-la-cadence-presse-ouest\/","title":{"rendered":"Pr\u00e9sidentielle: les candidats accentuent la \u00ab\u00a0cadence\u00a0\u00bb (presse Ouest)"},"content":{"rendered":"<div readability=\"35\">\n<p><strong>ORAN &#8211; Les journaux oranais observent, jeudi, une augmentation de la \u00ab\u00a0cadence\u00a0\u00bb dans les activit\u00e9s des cinq candidats en lice pour la Pr\u00e9sidentielle du 12 d\u00e9cembre prochain.<\/strong><\/p>\n<\/div>\n<div readability=\"73\">\n<p>Dans ses \u00e9ditions co\u00efncidant avec le 5\u00e8me jour de la campagne \u00e9lectorale, la presse oranaise juge ainsi positivement les efforts des candidats visant \u00e0 sensibiliser la population sur les enjeux du prochain scrutin.<\/p>\n<p>A ce stade de la course \u00e9lectorale, \u00ab\u00a0les candidats \u00e0 la magistrature supr\u00eame ont pris la cadence qu&rsquo;il faut\u00a0\u00bb, \u00e9crit le quotidien \u00ab\u00a0Ouest Tribune\u00a0\u00bb, soutenant qu&rsquo;au-del\u00e0 des \u00ab\u00a0promesses faites aux auditoires\u00a0\u00bb, l&rsquo;enjeu de cette campagne est \u00ab\u00a0d&rsquo;installer la pratique d\u00e9mocratique\u00a0\u00bb.<\/p>\n<p>La m\u00eame publication retient que ce qui est important \u00e0 travers cette campagne, c&rsquo;est qu&rsquo;elle constitue \u00ab\u00a0un pas historique dans une nouvelle \u00e8re\u00a0\u00bb, \u00e0 savoir l&rsquo;\u00e8re de \u00ab\u00a0la souverainet\u00e9 du peuple\u00a0\u00bb et de \u00ab\u00a0l&rsquo;alternance au pouvoir\u00a0\u00bb.<\/p>\n<p>Le journal \u00ab\u00a0L&rsquo;Echo d&rsquo;Oran\u00a0\u00bb abonde dans le m\u00eame sens, observant que depuis le lancement de la campagne \u00e9lectorale, \u00ab\u00a0les candidats semblent avoir donn\u00e9 un coup d\u2019acc\u00e9l\u00e9rateur \u00e0 leur apparition publique\u00a0\u00bb.<\/p>\n<p>Et de pr\u00e9voir que \u00ab\u00a0les prochains jours seront d\u00e9cisifs dans l&rsquo;\u0153uvre de s\u00e9duction des candidats\u00a0\u00bb, et ce, tant pour la promotion de leurs programmes que pour \u00ab\u00a0appeler \u00e0 un vote massif\u00a0\u00bb.<\/p>\n<p>Le quotidien \u00ab\u00a0Cap Ouest\u00a0\u00bb estime de son c\u00f4t\u00e9 que pour concr\u00e9tiser le \u00ab\u00a0changement\u00a0\u00bb, il est aussi n\u00e9cessaire de \u00ab\u00a0faire preuve de beaucoup d\u2019indulgence et, surtout, de sagesse\u00a0\u00bb.<\/p>\n<p>Le journal \u00ab\u00a0El-Djoumhouria\u00a0\u00bb focalise, quant \u00e0 lui, sur l&rsquo;absence de prise de position chez les partis et les organisations durant cette campagne \u00e9lectorale, relevant encore que les candidats eux-m\u00eames n&rsquo;ont fait mention de l&rsquo;appui d&rsquo;aucune formation politique.<\/p>\n<\/div>\n<p>Auteur:<br \/>\n<a href=\"http:\/\/www.aps.dz\/regions\/97827-presidentielle-les-candidats-accentuent-la-cadence-presse-ouest\">Cliquez ici pour lire l&rsquo;article depuis sa source.<\/a><\/p>\n","protected":false},"excerpt":{"rendered":"<p>ORAN &#8211; Les journaux oranais observent, jeudi, une augmentation de la \u00ab\u00a0cadence\u00a0\u00bb dans les activit\u00e9s des cinq candidats en lice pour la Pr\u00e9sidentielle du 12 d\u00e9cembre prochain. Dans ses \u00e9ditions co\u00efncidant avec le 5\u00e8me jour de la campagne \u00e9lectorale, la presse oranaise juge ainsi positivement les efforts des candidats visant \u00e0 sensibiliser la population sur [&hellip;]<\/p>\n","protected":false},"author":1790,"featured_media":0,"comment_status":"closed","ping_status":"closed","sticky":false,"template":"","format":"standard","meta":{"fifu_image_url":"","fifu_image_alt":"","footnotes":""},"categories":[53,76],"tags":[],"class_list":["post-68125","post","type-post","status-publish","format-standard","hentry","category-algerie","category-regions"],"_links":{"self":[{"href":"https:\/\/linitiative.ca\/International\/wp-json\/wp\/v2\/posts\/68125","targetHints":{"allow":["GET"]}}],"collection":[{"href":"https:\/\/linitiative.ca\/International\/wp-json\/wp\/v2\/posts"}],"about":[{"href":"https:\/\/linitiative.ca\/International\/wp-json\/wp\/v2\/types\/post"}],"author":[{"embeddable":true,"href":"https:\/\/linitiative.ca\/International\/wp-json\/wp\/v2\/users\/1790"}],"replies":[{"embeddable":true,"href":"https:\/\/linitiative.ca\/International\/wp-json\/wp\/v2\/comments?post=68125"}],"version-history":[{"count":0,"href":"https:\/\/linitiative.ca\/International\/wp-json\/wp\/v2\/posts\/68125\/revisions"}],"wp:attachment":[{"href":"https:\/\/linitiative.ca\/International\/wp-json\/wp\/v2\/media?parent=68125"}],"wp:term":[{"taxonomy":"category","embeddable":true,"href":"https:\/\/linitiative.ca\/International\/wp-json\/wp\/v2\/categories?post=68125"},{"taxonomy":"post_tag","embeddable":true,"href":"https:\/\/linitiative.ca\/International\/wp-json\/wp\/v2\/tags?post=68125"}],"curies":[{"name":"wp","href":"https:\/\/api.w.org\/{rel}","templated":true}]}}