{"id":68127,"date":"2019-11-21T06:06:05","date_gmt":"2019-11-21T11:06:05","guid":{"rendered":"https:\/\/linitiative.ca\/International\/rabehi-inaugure-un-centre-de-la-television-algerienne-a-tindouf\/"},"modified":"2019-11-21T06:06:05","modified_gmt":"2019-11-21T11:06:05","slug":"rabehi-inaugure-un-centre-de-la-television-algerienne-a-tindouf","status":"publish","type":"post","link":"https:\/\/linitiative.ca\/International\/rabehi-inaugure-un-centre-de-la-television-algerienne-a-tindouf\/","title":{"rendered":"Rabehi inaugure un centre de la t\u00e9l\u00e9vision alg\u00e9rienne \u00e0 Tindouf"},"content":{"rendered":"<div readability=\"37\">\n<p><strong>TINDOUF- Un Centre de l&rsquo;entreprise nationale de la t\u00e9l\u00e9vision alg\u00e9rienne a \u00e9t\u00e9 inaugur\u00e9 jeudi \u00e0 Tindouf par le ministre de la Communication, Porte parole du gouvernement, et ministre de la Culture par int\u00e9rim, Hassane Rabehi.<\/strong><\/p>\n<\/div>\n<div readability=\"95.7337011033\">\n<p>L&rsquo;inauguration de ce nouvel organe audiovisuel, qui vient renforcer le paysage m\u00e9diatique national, co\u00efncide avec la manifestation \u00e9conomico-commerciale internationale \u00ab\u00a0Mouggar\u00a0\u00bb qu&rsquo;accueille actuellement Tindouf, et traduit la place de l&rsquo;Alg\u00e9rie dans la r\u00e9gion, a indiqu\u00e9 le ministre \u00e0 cette occasion.<\/p>\n<blockquote readability=\"12\">\n<p><em><strong>\u00ab\u00a0La participation d&rsquo;un bon nombre de pays du voisinage \u00e0 cet \u00e9v\u00e8nement \u00e9conomico-commerciale, refl\u00e8te l&rsquo;engagement de l&rsquo;Alg\u00e9rie \u00e0 la consolidation des liens de coop\u00e9ration, de solidarit\u00e9 et de bon voisinage dans la r\u00e9gion\u00a0\u00bb, a soulign\u00e9 M. Rabehi, ajoutant que l&rsquo;Etat a donn\u00e9, \u00e0 travers<\/strong><\/em><\/p>\n<\/blockquote>\n<p>l&rsquo;\u00e9v\u00e8nement du Mouggar, un signal sinc\u00e8re de l&rsquo;int\u00e9r\u00eat qu&rsquo;il attache aux rapports avec son voisinage et de son souci de doter la r\u00e9gion de l&rsquo;ensemble des conditions d&rsquo;une vie d\u00e9cente.<\/p>\n<p>La participation de nombreux op\u00e9rateurs de ces pays voisins aux c\u00f4t\u00e9s de leurs homologues alg\u00e9riens \u00e0 cette manifestation, qui raffermit la solidarit\u00e9 avec ces pays, est de nature \u00e0 r\u00e9unir les conditions de stabilit\u00e9 et de d\u00e9veloppement dans la r\u00e9gion, a-t-il poursuivi.<\/p>\n<blockquote readability=\"9\">\n<p><em><strong>Mettant en exergue son r\u00f4le attendu pour la valorisation et la promotion des potentialit\u00e9s de cette r\u00e9gion frontali\u00e8re, M. Rabehi a indiqu\u00e9 que le centre de la t\u00e9l\u00e9vision de Tindouf est confi\u00e9 \u00e0 des jeunes de la r\u00e9gion qui ont re\u00e7u pr\u00e9alablement une formation au niveau des stations de la t\u00e9l\u00e9vision alg\u00e9rienne.<\/strong><\/em><\/p>\n<\/blockquote>\n<p>Ceci, en plus de l&rsquo;impact positif qu&rsquo;il ne manquera pas de susciter sur l&rsquo;impulsion de la dynamique de d\u00e9veloppement dans la wilaya de Tindouf qui renferme d&rsquo;importants atouts, a estim\u00e9 le membre du Gouvernement, rappelant que les programmes arr\u00eat\u00e9s par les pouvoirs publics refl\u00e8tent la d\u00e9termination \u00e0 accompagner le d\u00e9veloppement de cette wilaya et sa prosp\u00e9rit\u00e9.<\/p>\n<hr\/>\n<p><strong>Lire aussi:<\/strong>\u00a0<a href=\"http:\/\/www.aps.dz\/economie\/97769-le-mouggar-amorce-d-une-veritable-cooperation-avec-les-pays-africains-voisins\">Le \u00ab\u00a0Mouggar\u00a0\u00bb, amorce d\u2019une v\u00e9ritable coop\u00e9ration avec les pays africains voisins<\/a><\/p>\n<hr\/>\n<p>Le nouveau centre de la t\u00e9l\u00e9vision alg\u00e9rienne \u00e0 Tindouf est constitu\u00e9 de trois ailes (r\u00e9daction, montage et administration), selon la pr\u00e9sentation fournie \u00e0 la d\u00e9l\u00e9gation minist\u00e9rielle.<\/p>\n<p>Poursuivant sa visite, le ministre s&rsquo;est rendu au si\u00e8ge de la radio locale, o\u00f9 il a insist\u00e9 sur le r\u00f4le important attendu des m\u00e9dias nationaux dans l&rsquo;accompagnement du processus \u00e9lectoral que connait le pays.<\/p>\n<blockquote readability=\"7\">\n<p><em><strong>M.Rabehi s&rsquo;est enquis des diff\u00e9rentes activit\u00e9s de cette radio et \u00e9cout\u00e9 un expos\u00e9 sur le projet de r\u00e9alisation d&rsquo;un nouveau si\u00e8ge pour lequel a \u00e9t\u00e9 mobilis\u00e9 un financement de 100 millions DA.<\/strong><\/em><\/p>\n<\/blockquote>\n<p>Le projet en question, qui couvre une superficie de 4.600 m2, dont 1.390 m2 b\u00e2tis, est compos\u00e9 de trois studios (production, diffusion, et r\u00e9serve), en plus d&rsquo;une aile de r\u00e9daction et d&rsquo;une autre pour l&rsquo;administration, selon sa fiche technique.<\/p>\n<p>Le ministre de la Communication, Porte parole du gouvernement, et ministre de la Culture par int\u00e9rim poursuit sa visite de travail dans la wilaya par l&rsquo;inspection d&rsquo;autres structures relevant des secteurs de la Communication et de la Culture.<\/p>\n<\/div>\n<p>Auteur:<br \/>\n<a href=\"http:\/\/www.aps.dz\/regions\/97838-rabehi-inaugure-un-centre-de-la-television-algerienne-a-tindouf\">Cliquez ici pour lire l&rsquo;article depuis sa source.<\/a><\/p>\n","protected":false},"excerpt":{"rendered":"<p>TINDOUF- Un Centre de l&rsquo;entreprise nationale de la t\u00e9l\u00e9vision alg\u00e9rienne a \u00e9t\u00e9 inaugur\u00e9 jeudi \u00e0 Tindouf par le ministre de la Communication, Porte parole du gouvernement, et ministre de la Culture par int\u00e9rim, Hassane Rabehi. L&rsquo;inauguration de ce nouvel organe audiovisuel, qui vient renforcer le paysage m\u00e9diatique national, co\u00efncide avec la manifestation \u00e9conomico-commerciale internationale \u00ab\u00a0Mouggar\u00a0\u00bb [&hellip;]<\/p>\n","protected":false},"author":1790,"featured_media":0,"comment_status":"closed","ping_status":"closed","sticky":false,"template":"","format":"standard","meta":{"fifu_image_url":"","fifu_image_alt":"","footnotes":""},"categories":[53,76],"tags":[],"class_list":["post-68127","post","type-post","status-publish","format-standard","hentry","category-algerie","category-regions"],"_links":{"self":[{"href":"https:\/\/linitiative.ca\/International\/wp-json\/wp\/v2\/posts\/68127","targetHints":{"allow":["GET"]}}],"collection":[{"href":"https:\/\/linitiative.ca\/International\/wp-json\/wp\/v2\/posts"}],"about":[{"href":"https:\/\/linitiative.ca\/International\/wp-json\/wp\/v2\/types\/post"}],"author":[{"embeddable":true,"href":"https:\/\/linitiative.ca\/International\/wp-json\/wp\/v2\/users\/1790"}],"replies":[{"embeddable":true,"href":"https:\/\/linitiative.ca\/International\/wp-json\/wp\/v2\/comments?post=68127"}],"version-history":[{"count":0,"href":"https:\/\/linitiative.ca\/International\/wp-json\/wp\/v2\/posts\/68127\/revisions"}],"wp:attachment":[{"href":"https:\/\/linitiative.ca\/International\/wp-json\/wp\/v2\/media?parent=68127"}],"wp:term":[{"taxonomy":"category","embeddable":true,"href":"https:\/\/linitiative.ca\/International\/wp-json\/wp\/v2\/categories?post=68127"},{"taxonomy":"post_tag","embeddable":true,"href":"https:\/\/linitiative.ca\/International\/wp-json\/wp\/v2\/tags?post=68127"}],"curies":[{"name":"wp","href":"https:\/\/api.w.org\/{rel}","templated":true}]}}