{"id":68128,"date":"2019-11-21T12:44:12","date_gmt":"2019-11-21T17:44:12","guid":{"rendered":"https:\/\/linitiative.ca\/International\/tamanrasset-une-campagne-medicale-militaire-au-profit-des-populations-des-zones-enclavees-de-silet\/"},"modified":"2019-11-21T12:44:12","modified_gmt":"2019-11-21T17:44:12","slug":"tamanrasset-une-campagne-medicale-militaire-au-profit-des-populations-des-zones-enclavees-de-silet","status":"publish","type":"post","link":"https:\/\/linitiative.ca\/International\/tamanrasset-une-campagne-medicale-militaire-au-profit-des-populations-des-zones-enclavees-de-silet\/","title":{"rendered":"Tamanrasset: une campagne m\u00e9dicale militaire au profit des populations des zones enclav\u00e9es de Silet"},"content":{"rendered":"<div readability=\"34\">\n<p><strong>TAMANRASSET- Des consultations m\u00e9dicales ont \u00e9t\u00e9 entam\u00e9es jeudi par des commissions m\u00e9dicales relevant de la 6\u00e8me R\u00e9gion Militaire de Tamanrasset au profit des populations des zones enclav\u00e9es de\u00a0la da\u00efra de Silet (140 km Nord-ouest de Tamanrasset).<\/strong><\/p>\n<\/div>\n<div readability=\"62\">\n<p>Retenue au titre des missions m\u00e9dicales militaires p\u00e9riodiques, cette initiative, men\u00e9e avec le concours d\u2019autres secteurs, vise \u00e0 am\u00e9liorer la prise en charge m\u00e9dicale des citoyens des r\u00e9gions \u00e9loign\u00e9es, en mettant \u00e0 leur disposition le mat\u00e9riel m\u00e9dical et les produits m\u00e9dicaux et pharmaceutiques n\u00e9cessaires \u00e0 une bonne prise en charge.<\/p>\n<p>Le wali de Tamanrasset, Djilali Doumi, a soulign\u00e9, lors du d\u00e9part de la caravane m\u00e9dicale \u00e0 partir du\u00a0si\u00e8ge de la wilaya, que cette campagne contribuera \u00e0 fournir des prestations m\u00e9dicales en se rapprochant au plus pr\u00e8s des populations des zones enclav\u00e9es, avant de faire l\u2019annonce d\u2019une caravane similaire qui\u00a0ciblera d\u2019autres r\u00e9gions enclav\u00e9es.<\/p>\n<p>Le lieutenant Aboubakr Barnous, un des officiers en charge de cette op\u00e9ration, a affirm\u00e9 que \u00ab\u00a0cette initiative m\u00e9dicale est de nature \u00e0 raffermir les relations Arm\u00e9e-Nation et permettre de s\u2019enqu\u00e9rir de pr\u00e8s de l\u2019\u00e9tat de sant\u00e9 des populations dans les hameaux et localit\u00e9s \u00e9loign\u00e9es et de les prendre en charge m\u00e9dicalement\u00a0\u00bb.<\/p>\n<p>La campagne pr\u00e9voit, outre les consultations, des op\u00e9rations de vaccination pour enfants et femmes enceintes pour les pr\u00e9munir de certaines pathologies, ont indiqu\u00e9 les organisateurs.<\/p>\n<\/div>\n<p>Auteur:<br \/>\n<a href=\"http:\/\/www.aps.dz\/regions\/97854-tamanrasset-une-campagne-medicale-militaire-au-profit-des-populations-des-zones-enclavees-de-silet\">Cliquez ici pour lire l&rsquo;article depuis sa source.<\/a><\/p>\n","protected":false},"excerpt":{"rendered":"<p>TAMANRASSET- Des consultations m\u00e9dicales ont \u00e9t\u00e9 entam\u00e9es jeudi par des commissions m\u00e9dicales relevant de la 6\u00e8me R\u00e9gion Militaire de Tamanrasset au profit des populations des zones enclav\u00e9es de\u00a0la da\u00efra de Silet (140 km Nord-ouest de Tamanrasset). Retenue au titre des missions m\u00e9dicales militaires p\u00e9riodiques, cette initiative, men\u00e9e avec le concours d\u2019autres secteurs, vise \u00e0 am\u00e9liorer [&hellip;]<\/p>\n","protected":false},"author":1790,"featured_media":0,"comment_status":"closed","ping_status":"closed","sticky":false,"template":"","format":"standard","meta":{"fifu_image_url":"","fifu_image_alt":"","footnotes":""},"categories":[53,76],"tags":[],"class_list":["post-68128","post","type-post","status-publish","format-standard","hentry","category-algerie","category-regions"],"_links":{"self":[{"href":"https:\/\/linitiative.ca\/International\/wp-json\/wp\/v2\/posts\/68128","targetHints":{"allow":["GET"]}}],"collection":[{"href":"https:\/\/linitiative.ca\/International\/wp-json\/wp\/v2\/posts"}],"about":[{"href":"https:\/\/linitiative.ca\/International\/wp-json\/wp\/v2\/types\/post"}],"author":[{"embeddable":true,"href":"https:\/\/linitiative.ca\/International\/wp-json\/wp\/v2\/users\/1790"}],"replies":[{"embeddable":true,"href":"https:\/\/linitiative.ca\/International\/wp-json\/wp\/v2\/comments?post=68128"}],"version-history":[{"count":0,"href":"https:\/\/linitiative.ca\/International\/wp-json\/wp\/v2\/posts\/68128\/revisions"}],"wp:attachment":[{"href":"https:\/\/linitiative.ca\/International\/wp-json\/wp\/v2\/media?parent=68128"}],"wp:term":[{"taxonomy":"category","embeddable":true,"href":"https:\/\/linitiative.ca\/International\/wp-json\/wp\/v2\/categories?post=68128"},{"taxonomy":"post_tag","embeddable":true,"href":"https:\/\/linitiative.ca\/International\/wp-json\/wp\/v2\/tags?post=68128"}],"curies":[{"name":"wp","href":"https:\/\/api.w.org\/{rel}","templated":true}]}}