{"id":68129,"date":"2019-11-21T12:47:22","date_gmt":"2019-11-21T17:47:22","guid":{"rendered":"https:\/\/linitiative.ca\/International\/tindouf-radio-et-telediffusion-les-zones-dombre-eliminees-dans-les-huit-prochain-mois\/"},"modified":"2019-11-21T12:47:22","modified_gmt":"2019-11-21T17:47:22","slug":"tindouf-radio-et-telediffusion-les-zones-dombre-eliminees-dans-les-huit-prochain-mois","status":"publish","type":"post","link":"https:\/\/linitiative.ca\/International\/tindouf-radio-et-telediffusion-les-zones-dombre-eliminees-dans-les-huit-prochain-mois\/","title":{"rendered":"Tindouf\/ Radio et t\u00e9l\u00e9diffusion: les zones d\u2019ombre \u00e9limin\u00e9es dans les huit prochain mois"},"content":{"rendered":"<div readability=\"40\">\n<p>TINDOUF- Le ministre de la Communication, Porte-parole du Gouvernement, et ministre de la Culture par int\u00e9rim, Hassen Rabehi, a annonc\u00e9, jeudi \u00e0 Tindouf, l\u2019\u00e9limination de toutes les zones d\u2019ombre de la radio e t\u00e9l\u00e9diffusion dans les huit prochains mois dans cette r\u00e9gion du pays.<\/p>\n<\/div>\n<div readability=\"93.2418524871\">\n<p>\u00ab\u00a0Toutes les zones d\u2019ombre de la diffusion t\u00e9l\u00e9visuelle et radiophonique seront \u00e9limin\u00e9es au cours des huit prochains mois dans la r\u00e9gion de Tindouf et les localit\u00e9s enclav\u00e9es, gr\u00e2ce aux nouvelles installations en cours de r\u00e9alisation\u00a0\u00bb, a affirm\u00e9 le ministre lors de l\u2019inspection du si\u00e8ge local de l\u2019entreprise de t\u00e9l\u00e9diffusion alg\u00e9rienne (TDA).<\/p>\n<p>Mettant en avant la mission d\u00e9volue \u00e0 TDA, M.Rabehi a indiqu\u00e9 que \u00ab\u00a0la gestion de telles entreprises avec des techniques de pointe, y compris l\u2019entretien, est assur\u00e9e par des cadres et comp\u00e9tences nationaux, notamment de la r\u00e9gion\u00a0\u00bb.<\/p>\n<p>Les explications fournies au ministre font \u00e9tat de la mise en service prochaine de quatre stations de TDA dans la r\u00e9gion, qui seront suivies de quatre autres installations du type \u00e0 moyen terme.<\/p>\n<p>Le ministre a visit\u00e9, par ailleurs, le mus\u00e9e du Moudjahid \u00ab\u00a0Ahmed Mahsas\u00a0\u00bb \u00e0 Tindouf, et s\u2019est enquis des activit\u00e9s de l\u2019Office national du parc culturel de Tindouf, cr\u00e9e le 29 novembre 2009 et couvrant une superficie de 168.000 km2.<\/p>\n<hr\/>\n<p>Lire aussi:\u00a0<a href=\"http:\/\/www.aps.dz\/regions\/97838-rabehi-inaugure-un-centre-de-la-television-algerienne-a-tindouf\">Rabehi inaugure un centre de la t\u00e9l\u00e9vision alg\u00e9rienne \u00e0 Tindouf<\/a><\/p>\n<hr\/>\n<p>Le membre du Gouvernement a pris connaissance des contraintes rencontr\u00e9es par le Parc, dont les rudes acc\u00e8s et l\u2019\u00e9tendue du territoire de la r\u00e9gion, rendant difficiles les op\u00e9rations de contr\u00f4le et de surveillance.<\/p>\n<p>Apr\u00e8s avoir suivi un expos\u00e9 sur les sp\u00e9cificit\u00e9s culturelles et les atouts naturels de la wilaya, dont l\u2019arganier, r\u00e9pandu dans la r\u00e9gion, M. Rabehi a mis l\u2019accent sur la pr\u00e9servation du patrimoine mat\u00e9riel et immat\u00e9riel de la r\u00e9gion, avant d\u2019exprimer son \u00ab\u00a0enti\u00e8re confiance\u00a0\u00bb en la d\u00e9termination des cadres nationaux et sp\u00e9cialistes \u00e0 concr\u00e9tiser cet objectif.<\/p>\n<p>Le ministre a visit\u00e9, au terme de la premi\u00e8re journ\u00e9e de visite dans la wilaya, il a visit\u00e9 des structures culturelles et patrimoniales, dont Douiret Ahl-Laabed et la mosqu\u00e9e antique, qui, a-t-il dit, repr\u00e9sentent \u00ab\u00a0des rep\u00e8res historiques de la r\u00e9gion, qu\u2019il appartient de pr\u00e9server, \u00e0 travers des actions de restauration et d\u2019entretien\u00a0\u00bb.<\/p>\n<p>Il a annonc\u00e9, \u00e0 cette occasion, le d\u00e9placement, dans les semaines \u00e0 venir, d\u2019une \u00e9quipe de l\u2019Office national de gestion et d\u2019exploitation des biens culturels et sauvegard\u00e9s, pour \u00e9tablir une \u00e9valuation de la situation de ces monuments.<\/p>\n<\/div>\n<p>Auteur:<br \/>\n<a href=\"http:\/\/www.aps.dz\/regions\/97855-tindouf-radio-et-telediffusion-les-zones-d-ombre-eliminees-dans-les-huit-prochain-mois\">Cliquez ici pour lire l&rsquo;article depuis sa source.<\/a><\/p>\n","protected":false},"excerpt":{"rendered":"<p>TINDOUF- Le ministre de la Communication, Porte-parole du Gouvernement, et ministre de la Culture par int\u00e9rim, Hassen Rabehi, a annonc\u00e9, jeudi \u00e0 Tindouf, l\u2019\u00e9limination de toutes les zones d\u2019ombre de la radio e t\u00e9l\u00e9diffusion dans les huit prochains mois dans cette r\u00e9gion du pays. \u00ab\u00a0Toutes les zones d\u2019ombre de la diffusion t\u00e9l\u00e9visuelle et radiophonique seront [&hellip;]<\/p>\n","protected":false},"author":1790,"featured_media":0,"comment_status":"closed","ping_status":"closed","sticky":false,"template":"","format":"standard","meta":{"fifu_image_url":"","fifu_image_alt":"","footnotes":""},"categories":[53,76],"tags":[],"class_list":["post-68129","post","type-post","status-publish","format-standard","hentry","category-algerie","category-regions"],"_links":{"self":[{"href":"https:\/\/linitiative.ca\/International\/wp-json\/wp\/v2\/posts\/68129","targetHints":{"allow":["GET"]}}],"collection":[{"href":"https:\/\/linitiative.ca\/International\/wp-json\/wp\/v2\/posts"}],"about":[{"href":"https:\/\/linitiative.ca\/International\/wp-json\/wp\/v2\/types\/post"}],"author":[{"embeddable":true,"href":"https:\/\/linitiative.ca\/International\/wp-json\/wp\/v2\/users\/1790"}],"replies":[{"embeddable":true,"href":"https:\/\/linitiative.ca\/International\/wp-json\/wp\/v2\/comments?post=68129"}],"version-history":[{"count":0,"href":"https:\/\/linitiative.ca\/International\/wp-json\/wp\/v2\/posts\/68129\/revisions"}],"wp:attachment":[{"href":"https:\/\/linitiative.ca\/International\/wp-json\/wp\/v2\/media?parent=68129"}],"wp:term":[{"taxonomy":"category","embeddable":true,"href":"https:\/\/linitiative.ca\/International\/wp-json\/wp\/v2\/categories?post=68129"},{"taxonomy":"post_tag","embeddable":true,"href":"https:\/\/linitiative.ca\/International\/wp-json\/wp\/v2\/tags?post=68129"}],"curies":[{"name":"wp","href":"https:\/\/api.w.org\/{rel}","templated":true}]}}