{"id":68130,"date":"2019-11-21T09:45:00","date_gmt":"2019-11-21T14:45:00","guid":{"rendered":"https:\/\/linitiative.ca\/International\/plus-de-3-tonnes-de-chira-saisies-et-2-personnes-arretees\/"},"modified":"2019-11-21T09:45:00","modified_gmt":"2019-11-21T14:45:00","slug":"plus-de-3-tonnes-de-chira-saisies-et-2-personnes-arretees","status":"publish","type":"post","link":"https:\/\/linitiative.ca\/International\/plus-de-3-tonnes-de-chira-saisies-et-2-personnes-arretees\/","title":{"rendered":"Plus de 3 tonnes de chira saisies et 2 personnes arr\u00eat\u00e9es"},"content":{"rendered":"<div class=\"single-featured\"><img alt=\"\" data-src=\"http:\/\/www.mapoujda.ma\/map\/uploads\/2019\/11\/Saisie-de-Chira-\u00e0-Nador-M750\u00d7430-MAP.jpg\"\/><\/div>\n<div class=\"entry-content clearfix single-post-content\" readability=\"63\">\n<p class=\"c4\">Les \u00e9l\u00e9ments de la Brigade de la police judiciaire de\u00a0Nador\u00a0ont arr\u00eat\u00e9 mercredi soir, sur la base de donn\u00e9es pr\u00e9cises fournies par la Direction g\u00e9n\u00e9rale de la surveillance du territoire, deux individus pour leurs liens pr\u00e9sum\u00e9s avec un r\u00e9seau criminel actif dans le trafic de drogue et de psychotropes.<\/p>\n<p class=\"c4\">La Direction g\u00e9n\u00e9rale de la s\u00fbret\u00e9 nationale (DGSN) a indiqu\u00e9 jeudi, dans un communiqu\u00e9, que les suspects ont \u00e9t\u00e9 arr\u00eat\u00e9s \u00e0 bord d\u2019une voiture utilitaire dans la commune rurale \u00ab\u00a0Tazarine\u00a0\u00bb, \u00e0 80 km de\u00a0Nador, en direction d\u2019Al Hoceima, pr\u00e9cisant que les perquisitions effectu\u00e9es dans le v\u00e9hicule ont permis la saisie de 3 tonnes et 657 kg de chira envelopp\u00e9s dans 70 paquets de grand format.<\/p>\n<p class=\"c4\">Les mis en cause, \u00e2g\u00e9s de 37 et 40 ans,\u00a0ont \u00e9t\u00e9 plac\u00e9s en garde \u00e0 vue \u00e0 la disposition de l\u2019enqu\u00eate men\u00e9e sous la supervision du parquet comp\u00e9tent pour identifier le reste des suspects impliqu\u00e9s dans ce r\u00e9seau criminel et d\u00e9terminer ses \u00e9ventuelles ramifications nationales ou internationales, a ajout\u00e9 la m\u00eame source.<\/p>\n<p class=\"c4\">Cette op\u00e9ration intervient dans le cadre des efforts intensifs, men\u00e9s par les services de la s\u00fbret\u00e9 nationale en coordination avec\u00a0la Direction g\u00e9n\u00e9rale de la surveillance du territoire, pour lutter contre les r\u00e9seaux criminels actifs dans le trafic de drogue et de psychotropes, a conclu la DGSN.<\/p>\n<\/div>\n<p>Auteur: Soufiane ELAHMAR<br \/>\n<a href=\"http:\/\/www.mapoujda.ma\/fr\/plus-de-3-tonnes-de-chira-saisies-et-2-personnes-arretees\/\">Cliquez ici pour lire l&rsquo;article depuis sa source.<\/a><\/p>\n","protected":false},"excerpt":{"rendered":"<p>Les \u00e9l\u00e9ments de la Brigade de la police judiciaire de\u00a0Nador\u00a0ont arr\u00eat\u00e9 mercredi soir, sur la base de donn\u00e9es pr\u00e9cises fournies par la Direction g\u00e9n\u00e9rale de la surveillance du territoire, deux individus pour leurs liens pr\u00e9sum\u00e9s avec un r\u00e9seau criminel actif dans le trafic de drogue et de psychotropes. La Direction g\u00e9n\u00e9rale de la s\u00fbret\u00e9 nationale [&hellip;]<\/p>\n","protected":false},"author":1788,"featured_media":68131,"comment_status":"closed","ping_status":"closed","sticky":false,"template":"","format":"standard","meta":{"fifu_image_url":"","fifu_image_alt":"","footnotes":""},"categories":[54,76],"tags":[],"class_list":["post-68130","post","type-post","status-publish","format-standard","has-post-thumbnail","hentry","category-maroc","category-regions"],"_links":{"self":[{"href":"https:\/\/linitiative.ca\/International\/wp-json\/wp\/v2\/posts\/68130","targetHints":{"allow":["GET"]}}],"collection":[{"href":"https:\/\/linitiative.ca\/International\/wp-json\/wp\/v2\/posts"}],"about":[{"href":"https:\/\/linitiative.ca\/International\/wp-json\/wp\/v2\/types\/post"}],"author":[{"embeddable":true,"href":"https:\/\/linitiative.ca\/International\/wp-json\/wp\/v2\/users\/1788"}],"replies":[{"embeddable":true,"href":"https:\/\/linitiative.ca\/International\/wp-json\/wp\/v2\/comments?post=68130"}],"version-history":[{"count":0,"href":"https:\/\/linitiative.ca\/International\/wp-json\/wp\/v2\/posts\/68130\/revisions"}],"wp:featuredmedia":[{"embeddable":true,"href":"https:\/\/linitiative.ca\/International\/wp-json\/"}],"wp:attachment":[{"href":"https:\/\/linitiative.ca\/International\/wp-json\/wp\/v2\/media?parent=68130"}],"wp:term":[{"taxonomy":"category","embeddable":true,"href":"https:\/\/linitiative.ca\/International\/wp-json\/wp\/v2\/categories?post=68130"},{"taxonomy":"post_tag","embeddable":true,"href":"https:\/\/linitiative.ca\/International\/wp-json\/wp\/v2\/tags?post=68130"}],"curies":[{"name":"wp","href":"https:\/\/api.w.org\/{rel}","templated":true}]}}