{"id":68139,"date":"2019-11-21T06:30:00","date_gmt":"2019-11-21T11:30:00","guid":{"rendered":"https:\/\/linitiative.ca\/International\/retraites-en-france-comment-combler-le-deficit\/"},"modified":"2019-11-21T06:30:00","modified_gmt":"2019-11-21T11:30:00","slug":"retraites-en-france-comment-combler-le-deficit","status":"publish","type":"post","link":"https:\/\/linitiative.ca\/International\/retraites-en-france-comment-combler-le-deficit\/","title":{"rendered":"Retraites en France: Comment combler le d\u00e9ficit"},"content":{"rendered":"<div readability=\"34\">\n<p>Pr\u00e8s de 8 \u00e0 17 milliards d\u2019euros \u00e0 r\u00e9sorber<\/p>\n<p>Une conf\u00e9rence sociale pour d\u00e9samorcer la crise<\/p>\n<\/div>\n<div readability=\"80.5\">\n<p class=\"rtejustify\">\u00abPour qu&rsquo;il y ait r\u00e9conciliation, il faut qu&rsquo;il y ait divorce\u2026\u00bb. En d\u00e9bat sur la r\u00e9forme des retraites en France, le haut-commissaire Jean-Paul Delevoye a r\u00e9cus\u00e9 toute brouille avec le Premier ministre Edouard Philippe. Celui-ci a de son c\u00f4t\u00e9 assur\u00e9 qu&rsquo;il y aurait toujours des discussions.<\/p>\n<p class=\"rtejustify\">Delevoye et Philippe ont entretenu r\u00e9cemment des divergences sur l&rsquo;introduction d&rsquo;une \u00abclause du grand-p\u00e8re\u00bb qui consisterait \u00e0 n&rsquo;appliquer la r\u00e9forme qu&rsquo;aux futurs travailleurs. Si le Premier ministre souhaite maintenir toutes les options ouvertes avant l&rsquo;\u00e9criture du projet de loi, le haut-commissaire avait jug\u00e9 son application \u00abimpossible pour une question d&rsquo;\u00e9quit\u00e9\u00bb.<\/p>\n<p class=\"rtejustify\">L&rsquo;ex\u00e9cutif veut d\u00e9battre sur la r\u00e9forme des retraites en d\u00e9pit d&rsquo;un risque de convergence des conflits sociaux. Les alli\u00e9s centristes ont appel\u00e9 \u00e0 d\u00e9samorcer la situation par une conf\u00e9rence sociale.<\/p>\n<p class=\"rtejustify\">\u00abLa volont\u00e9 de l&rsquo;ex\u00e9cutif de transformer la France \u00e9tait intacte. Et si le pays restait immobile il serait dans une situation dangereuse\u2026 \u00bb. C\u2019est ce qu\u2019a assur\u00e9 Edouard Philippe depuis Dakar o\u00f9 il participe \u00e0 la 6e \u00e9dition du Forum international sur la paix et la s\u00e9curit\u00e9 en Afrique tenue jusqu&rsquo;au 19 novembre. Des propos tenus \u00e9galement au lendemain d&rsquo;un premier anniversaire du mouvement des \u00abgilets jaunes\u00bb, \u00e9maill\u00e9 de violences \u00e0 Paris.<\/p>\n<p class=\"rtejustify\">Interrog\u00e9 sur le risque d&rsquo;une convergence des col\u00e8res qui s&rsquo;expriment \u00e0 l&rsquo;universit\u00e9, \u00e0 l&rsquo;h\u00f4pital ou encore \u00e0 la SNCF pour la journ\u00e9e de mobilisation interprofessionnelle du 5 d\u00e9cembre contre la r\u00e9forme des retraites, le patron de La R\u00e9publique en marche, Stanislas Gu\u00e9rini a dit \u00abne pas le craindre\u00bb. \u00abNotre responsabilit\u00e9 c&rsquo;est de garder la porte du dialogue ouverte\u00bb, a-t-il toutefois ajout\u00e9.<\/p>\n<p class=\"rtejustify\">Les partenaires sociaux doivent \u00eatre re\u00e7us par Edouard Philippe la semaine du 25 novembre sur le projet de r\u00e9forme des retraites. Les syndicats repr\u00e9sentatifs de la SNCF sont invit\u00e9s \u00e0 une r\u00e9union ce jeudi 21 novembre avec Delevoye et le secr\u00e9taire d&rsquo;Etat aux Transports Jean-Baptiste Djebbari. Le Premier ministre avait mis en garde les cadres de la macronie sur les turbulences \u00e0 venir et la n\u00e9cessit\u00e9 de serrer les rangs.<\/p>\n<p class=\"rtejustify\">La question du d\u00e9ficit du syst\u00e8me de retraite est au c\u0153ur du d\u00e9bat. Il devrait s&rsquo;\u00e9tablir entre 7,9 milliards et 17,2 milliards d&rsquo;euros en 2025, selon le rapport du conseil d&rsquo;orientation (COR) command\u00e9 pour justifier d&rsquo;\u00e9ventuelles mesures d&rsquo;\u00e9conomies avant l&rsquo;instauration d&rsquo;un r\u00e9gime universel.<\/p>\n<blockquote readability=\"14\">\n<p class=\"rtecenter\"><strong><span class=\"c4\">Le solde financier<\/span><\/strong><\/p>\n<p class=\"rtejustify\">Compris entre -0,3% et -0,7% du PIB, le solde financier du syst\u00e8me serait ainsi dans un ordre de grandeur proche de la pr\u00e9vision \u00e9voqu\u00e9e en juin dans le rapport annuel du Conseil d&rsquo;orientation des retraites. Celui-ci tablait alors sur un d\u00e9ficit d&rsquo;environ 10 milliards d&rsquo;euros (0,4% du PIB) en 2022, selon un document qui doit \u00eatre remis ce jeudi \u00e0 Matignon et dont la presse fran\u00e7aise s\u2019est fait l\u2019\u00e9cho. Les l\u00e9gers \u00e9carts constat\u00e9s entre juin et novembre s&rsquo;expliquent par la prise en compte de la sous-indexation des pensions au-del\u00e0 de 2.000 euros en 2020, des hypoth\u00e8ses d&rsquo;inflation plus faibles \u00e0 l&rsquo;horizon 2023 et de la r\u00e9vision \u00e0 la baisse par le gouvernement de l&rsquo;objectif de suppressions de postes dans la fonction publique.<\/p>\n<\/blockquote>\n<p class=\"rtejustify\"><em>F. Z. T.<\/em><\/p>\n<p class=\"rtejustify\">\u00a0<\/p>\n<\/div>\n<p>Auteur: hlafriqi<br \/>\n<a href=\"https:\/\/www.leconomiste.com\/article\/1053335-retraites-en-france-comment-combler-le-deficit\">Cliquez ici pour lire l&rsquo;article depuis sa source.<\/a><\/p>\n","protected":false},"excerpt":{"rendered":"<p>Pr\u00e8s de 8 \u00e0 17 milliards d\u2019euros \u00e0 r\u00e9sorber Une conf\u00e9rence sociale pour d\u00e9samorcer la crise \u00abPour qu&rsquo;il y ait r\u00e9conciliation, il faut qu&rsquo;il y ait divorce\u2026\u00bb. En d\u00e9bat sur la r\u00e9forme des retraites en France, le haut-commissaire Jean-Paul Delevoye a r\u00e9cus\u00e9 toute brouille avec le Premier ministre Edouard Philippe. Celui-ci a de son c\u00f4t\u00e9 [&hellip;]<\/p>\n","protected":false},"author":1763,"featured_media":0,"comment_status":"closed","ping_status":"closed","sticky":false,"template":"","format":"standard","meta":{"fifu_image_url":"","fifu_image_alt":"","footnotes":""},"categories":[78,54],"tags":[],"class_list":["post-68139","post","type-post","status-publish","format-standard","hentry","category-economie","category-maroc"],"_links":{"self":[{"href":"https:\/\/linitiative.ca\/International\/wp-json\/wp\/v2\/posts\/68139","targetHints":{"allow":["GET"]}}],"collection":[{"href":"https:\/\/linitiative.ca\/International\/wp-json\/wp\/v2\/posts"}],"about":[{"href":"https:\/\/linitiative.ca\/International\/wp-json\/wp\/v2\/types\/post"}],"author":[{"embeddable":true,"href":"https:\/\/linitiative.ca\/International\/wp-json\/wp\/v2\/users\/1763"}],"replies":[{"embeddable":true,"href":"https:\/\/linitiative.ca\/International\/wp-json\/wp\/v2\/comments?post=68139"}],"version-history":[{"count":0,"href":"https:\/\/linitiative.ca\/International\/wp-json\/wp\/v2\/posts\/68139\/revisions"}],"wp:attachment":[{"href":"https:\/\/linitiative.ca\/International\/wp-json\/wp\/v2\/media?parent=68139"}],"wp:term":[{"taxonomy":"category","embeddable":true,"href":"https:\/\/linitiative.ca\/International\/wp-json\/wp\/v2\/categories?post=68139"},{"taxonomy":"post_tag","embeddable":true,"href":"https:\/\/linitiative.ca\/International\/wp-json\/wp\/v2\/tags?post=68139"}],"curies":[{"name":"wp","href":"https:\/\/api.w.org\/{rel}","templated":true}]}}