{"id":68142,"date":"2019-11-21T15:13:59","date_gmt":"2019-11-21T20:13:59","guid":{"rendered":"https:\/\/linitiative.ca\/International\/international-modric-remporte-le-golden-foot-2019\/"},"modified":"2019-11-21T15:13:59","modified_gmt":"2019-11-21T20:13:59","slug":"international-modric-remporte-le-golden-foot-2019","status":"publish","type":"post","link":"https:\/\/linitiative.ca\/International\/international-modric-remporte-le-golden-foot-2019\/","title":{"rendered":"International : Modric remporte le Golden Foot 2019"},"content":{"rendered":"<p>Le milieu de terrain croate du Real Madrid, Luka Modric a remport\u00e9\u00a0 le troph\u00e9e du Golden Foot Award 2019, un troph\u00e9e destin\u00e9 aux joueurs qui ont d\u00e9pass\u00e9 28 ans. L\u2019ancien joueur de Tottenham a re\u00e7u sa r\u00e9compense \u00e0 Monaco, devenant ainsi le 17e joueur \u00e0 remporter ce troph\u00e9e.\u00a0 Le premier joueur \u00e0 avoir remport\u00e9 cette r\u00e9compense fut l\u2019Italien Roberto Baggio, en 2003. Luka Modric devient ainsi le premier joueur croate \u00e0 remporter cette distinction et aussi le second de l\u2019histoire du Real Madrid, apr\u00e8s le Br\u00e9silien Ronaldo, en 2006. Ce prix, r\u00e9serv\u00e9 aux joueurs de plus de 28 ans, veut r\u00e9compenser toute une carri\u00e8re, et pas seulement une saison. Voil\u00e0 pourquoi le milieu de 34 ans, quadruple vainqueur de la Ligue des champions avec le Real Madrid, a \u00e9t\u00e9 choisi pour succ\u00e9der \u00e0 Edinson Cavani (2018), Iker Casillas (2017) ou Gianluigi Buffon (2016) : \u00abC\u2019est un honneur pour moi de recevoir ce troph\u00e9e, je suis en train de retrouver mon meilleur niveau. Nous avons encore sept matchs tr\u00e8s importants d\u2019ici la fin de l\u2019ann\u00e9e, nous devons continuer \u00e0 jouer du mieux possible. [&#8230;] Nous allons essayer de gagner de nouveau la Ligue des champions cette saison, nous allons tout donner pour cela. Nous l\u2019avons peut-\u00eatre gagn\u00e9e quatre fois en cinq ans, mais le d\u00e9sir de remporter ce troph\u00e9e est toujours l\u00e0. Vous voulez trois favoris ? Le Real Madrid, le Real Madrid et le Real Madrid\u00bb, a-t-il r\u00e9agi apr\u00e8s sa cons\u00e9cration.<\/p>\n<p><strong>El Heddaf\/Le Buteur, le seul m\u00e9dia arabe pr\u00e9sent au gala du Golden Foot<\/strong><br \/>Comme \u00e0 son habitude, lors des plus grands \u00e9v\u00e8nements internationaux, El Heddaf\/Le Buteur \u00e9tait pr\u00e9sent au gala du Golden Foot qui s\u2019est d\u00e9roul\u00e9 \u00e0 Monaco.\u00a0 Le num\u00e9ro 1 de la presse sportive en Alg\u00e9rie a tenu \u00e0 rapporter les moindres d\u00e9tails \u00e0 ses fid\u00e8les lecteurs concernant les stars du ballon rond pr\u00e9sentes \u00e0 cette 17e \u00e9dition du Golden Foot. El Heddaf TV \u00e9tait au rendez-vous en compagnie de plusieurs cha\u00eenes de t\u00e9l\u00e9 du monde entier, telles que Premium Sports, Sky Sports ainsi que d\u2019autres cha\u00eenes allemandes et espagnoles. La pr\u00e9sence d\u2019El Heddaf TV \u00e0 et \u00e9v\u00e8nement a \u00e9t\u00e9 salu\u00e9e par l\u2019ensemble des pr\u00e9sents \u00e0 cette soir\u00e9e.<\/p>\n<p><strong>Patrick Vieira, Altafini, Falc\u00e3o et Suba\u0161ic, les invit\u00e9s vedettes de la soir\u00e9e<\/strong><br \/>Comme \u00e0 leurs habitudes, les organisateurs de la 17e \u00e9dition du Golden Foot ont choisi quatre invit\u00e9s d\u2019honneur. Ainsi, la commission pr\u00e9sid\u00e9e par le c\u00e9l\u00e8bre Antonio Caliendo a choisi l\u2019entra\u00eeneur fran\u00e7ais de l\u2019OGC Nice, Patrick Vieira, le Br\u00e9silien Paulo Roberto Falc\u00e3o, l\u2019Italo-Br\u00e9silien Jos\u00e9 Altafini ainsi que le gardien de but de l\u2019AS Monaco, Danijel Suba\u0161ic. Ces invit\u00e9s \u00e9taient accompagn\u00e9s de leurs familles. Luka Modric, quant \u00e0 lui, \u00e9tait accompagn\u00e9 de son \u00e9pouse. Modric \u00e9tait d\u2019ailleurs tr\u00e8s convoit\u00e9 lors de cette m\u00e9morable soir\u00e9e puisque la majorit\u00e9 des pr\u00e9sents ont souhait\u00e9 prendre des photos souvenirs avec lui.<\/p>\n<p><strong>El Heddaf\/Le Buteur savait le nom du laur\u00e9at bien \u00e0 l\u2019avance<\/strong><br \/>El Heddaf\/Le Buteur a r\u00e9ussi, gr\u00e2ce \u00e0 ses sources, \u00e0 conna\u00eetre le nom du laur\u00e9at de cette 17e \u00e9dition du Golden Foot. Mieux encore, le m\u00e9dia alg\u00e9rien a r\u00e9ussi \u00e0 s\u2019infiltrer dans les coulisses qui ont pr\u00e9c\u00e9d\u00e9 la soir\u00e9e, au moment o\u00f9 le suspense battait son plein, pour conna\u00eetre le nom du joueur qui allait remporter ce troph\u00e9e Golden Foot 2019. Finalement, c\u2019est le milieu de terrain du Real Madrid, Modric, qui a succ\u00e9d\u00e9 \u00e0 l\u2019Uruguayen, Cavani. Modric ajoute ainsi un nouveau troph\u00e9e \u00e0 son palmar\u00e8s, lui qui avait remport\u00e9 le Ballon d\u2019Or ainsi que le troph\u00e9e The Best en 2018.<\/p>\n<p>________________<\/p>\n<p>Il s\u2019est content\u00e9 de faire des d\u00e9clarations aux Sponsors :<br \/><strong>Le Real Madrid a interdit \u00e0 Modric de s\u2019adresser \u00e0 la presse<\/strong><br \/>Le moins que l\u2019on puisse dire est que l\u2019organisation \u00e9tait parfaite lors de cette 17e \u00e9dition du Golden Foot. Cet \u00e9v\u00e8nement s\u2019est tenu mardi dernier dans la Salle d\u2019Or de l\u2019H\u00f4tel Fairmont Monte-Carlo. Et comme il fallait s\u2019y attendre, les organisateurs de cette soir\u00e9e n\u2019ont rien laiss\u00e9 au hasard. Ainsi, Modric a fait son entr\u00e9e et sa sortie de l\u2019h\u00f4tel dans le secret le plus total. Modric a \u00e9galement \u00e9t\u00e9 accompagn\u00e9 du charg\u00e9 de communication du Real Madrid\u00a0 afin qu\u2019il ne puisse pas faire de d\u00e9claration \u00e0 la presse, \u00e0 l\u2019exception des sponsors du Golden Foot. D\u2019ailleurs, tr\u00e8s sollicit\u00e9 par la presse, Modric s\u2019est gentiment excus\u00e9, expliquant qu\u2019il n\u2019est pas autoris\u00e9 \u00e0 s\u2019exprimer \u00e0 la presse.\u00a0<\/p>\n<p><strong>Il est arriv\u00e9 deux heures avant le d\u00e9but de la c\u00e9r\u00e9monie<\/strong><br \/>La star du Real Madrid, Luka Modric, est arriv\u00e9e \u00e0 l\u2019h\u00f4tel Fairmont Monte-Carlo, deux heures avant le d\u00e9but de la c\u00e9r\u00e9monie. Le Croate s\u2019est dirig\u00e9 directement vers sa loge pour se changer et porter sa tenue officielle. Il a, par la suite, d\u00een\u00e9 en compagnie de plusieurs personnalit\u00e9s du monde sportif et politique. Modric a eu, par la suite, le privil\u00e8ge de laisser ses empreintes des pieds sur la Promenade des Champions de Monte-Carlo. Et de s\u2019amuser lors de la grande f\u00eate qui s\u2019ensuivra, en pr\u00e9sence de nombreux footballeurs qui ont \u00e9crit en lettre d\u2019or l\u2019histoire du foot par le biais de leurs crampons. Aussit\u00f4t apr\u00e8s la fin de la c\u00e9r\u00e9monie, Modric a pris l\u2019avion, en compagnie du gardien de but Danijel Suba\u0161i\u0107, pour prendre part au stage de la s\u00e9lection de Croatie.<\/p>\n<p><strong>Modric : \u00abJ\u2019aurais tant voulu jouer aux c\u00f4t\u00e9s de Totti\u00bb<\/strong><br \/>Apr\u00e8s avoir re\u00e7u son troph\u00e9e, Luka Modric a d\u00e9clar\u00e9 aux pr\u00e9sents : \u00abJe suis tr\u00e8s content d\u2019avoir remport\u00e9 ce troph\u00e9e. Je remercie tous les organisateurs du Golden Foot.\u00bb Pour ce qui est de son avenir, Modric dira : \u00abMon avenir est au Real Madrid. Je suis encore sous contrat avec mon club. Le Real, c\u2019est ma seconde famille.\u00bb \u00c0 la question de savoir avec quel joueur il aurait r\u00eav\u00e9 jouer, Modric n\u2019a pas h\u00e9sit\u00e9 \u00e0 r\u00e9pondre : \u00abSinc\u00e8rement, j\u2019aurais tant voulu jouer aux c\u00f4t\u00e9s de Totti.\u00bb<\/p>\n<p>_________________________<\/p>\n<p><strong>Le prince\u00a0Albert II n\u2019a pas assist\u00e9 \u00e0 la c\u00e9r\u00e9monie<\/strong><br \/>Le prince de Monaco, Albert II, n\u2019a pas assist\u00e9 \u00e0 la c\u00e9r\u00e9monie Golden Foot. Alors qu\u2019il devait remettre le troph\u00e9e \u00e0 Luka Modric, le prince Albert II s\u2019est excus\u00e9 \u00e0 la toute derni\u00e8re minute de ne pas pouvoir venir. En son absence, c\u2019est l\u2019autre membre de la famille princi\u00e8re de Monaco, Louis Ducruet, qui a remis le troph\u00e9e au milieu de terrain du Real Madrid.<\/p>\n<p><strong>Danijel Suba\u0161ic \u00e9tait accompagn\u00e9 de son \u00e9pouse<\/strong><br \/>Le gardien de but croate de l\u2019AS Monaco, Danijel Suba\u0161ic, a assist\u00e9 \u00e0 la 17e c\u00e9r\u00e9monie du Golden Foot en compagnie de son \u00e9pouse. Le couple en question a pris table avec Luka Modric. Danijel Suba\u0161ic, tr\u00e8s \u00e9l\u00e9gant lors de cette soir\u00e9e, a tenu \u00e0 assister \u00e0 cette soir\u00e9e et \u00e0 partager la joie avec son compatriote, Luka Modric.<\/p>\n<p><strong>Modric refroidit les espoirs des Italiens<\/strong><br \/>Au moment de monter sur l\u2019estrade pour r\u00e9cup\u00e9rer son troph\u00e9e du Golden Foot 2019, Lua Modric a refroidi les espoirs des Italiens lorsqu\u2019il a \u00e9t\u00e9 interrog\u00e9 sur son avenir. Alors que son nom est r\u00e9guli\u00e8rement cit\u00e9 du c\u00f4t\u00e9 de la S\u00e9rie A,\u00a0 le Ballon d\u2019Or 2018 a insist\u00e9 pour affirmer que son avenir est du c\u00f4t\u00e9 du Real Madrid : \u00abMon avenir est au Real Madrid.\u00bb Le joueur du Real Madrid n\u2019a pas cess\u00e9 de r\u00e9p\u00e9ter cette phrase.\u00a0 C\u2019est ce qui a r\u00e9duit \u00e0 n\u00e9ant les chances des Italiens de voir Modric porter un jour le maillot d\u2019un club de S\u00e9rie A.<\/p>\n<p>______________________________<\/p>\n<p><strong>Vieira : \u00abCe qu\u2019a fait\u00a0Belmadi avec l\u2019Alg\u00e9rie est la marque des grands entra\u00eeneurs\u00bb<\/strong><br \/>L\u2019entra\u00eeneur de l\u2019OGC Nice, Patrick Vieira, a accord\u00e9 un entretien exclusif \u00e0 El Heddaf\/Le Buteur, en marge de la 17e \u00e9dition de la c\u00e9r\u00e9monie du Golden Foot. Le technicien fran\u00e7ais s\u2019est confi\u00e9 sur ses trois joueurs alg\u00e9riens, en l\u2019occurrence Boudaoui, Atal et Ounas. Il a aussi parl\u00e9 du s\u00e9lectionneur national, Djamel Belmadi, de la star de l\u2019EN, Ryad Marrez ainsi que de l\u2019EN championne d\u2019Afrique en Egypte.<br \/><strong>Tout d\u2019abord, on vous remercie d\u2019avoir accept\u00e9 de r\u00e9pondre \u00e0 nos questions. Pour commencer, que pourriez-vous nous dire sur le sacre de l\u2019EN en Egypte ?<\/strong><br \/>J\u2019ai suivi l\u2019\u00e9quipe alg\u00e9rienne pendant cette CAN qui s\u2019\u00e9tait d\u00e9roul\u00e9e en Egypte. Sinc\u00e8rement, ils ont une g\u00e9n\u00e9ration extraordinaire. On a vraiment vu que le plus important n\u2019\u00e9tait pas d\u2019avoir de tr\u00e8s bons joueurs, mais de savoir comment les faire jouer ensemble. Et l\u00e0, je pense que l\u2019entra\u00eeneur (Ndlr : Belmadi) m\u00e9rite \u00e9norm\u00e9ment de cr\u00e9dit, parce qu\u2019il a r\u00e9ussi \u00e0 cr\u00e9er un groupe. Il a r\u00e9ussi \u00e0 faire comprendre aux joueurs qu\u2019individuellement, ils seraient encore plus forts collectivement. Et \u00e7a c\u2019est la marque des grands entra\u00eeneurs.\u00a0<\/p>\n<p><strong>Pour vous, Atal est plus un d\u00e9fenseur ou bien un attaquant ?<\/strong><br \/>La force d\u2019Atal est qu\u2019il peut \u00e0 la fois d\u00e9fendre et attaquer. C\u2019est un joueur qui d\u00e9fend, mais qui arrive \u00e0 faire la transition vers l\u2019attaque tr\u00e8s rapidement. Le point fort de Youcef est que c\u2019est quelqu\u2019un qui a l\u2019esprit tr\u00e8s comp\u00e9titeur, c\u2019est quelqu\u2019un qui va tout donner sur le terrain. Et c\u2019est vraiment un plaisir de travailler avec lui. C\u2019est aussi quelqu\u2019un qui travaille beaucoup et qui a envie de progresser. Il a le potentiel pour aller jusqu\u2019au tr\u00e8s haut niveau.<br \/><strong>Est-ce que vous \u00eates int\u00e9ress\u00e9 par d\u2019autres joueurs alg\u00e9riens ?<\/strong><br \/>Il y a beaucoup de tr\u00e8s bons joueurs alg\u00e9riens. Je pense qu\u2019ils ont une g\u00e9n\u00e9ration extraordinaire. A l\u2019OGC Nice, on est toujours int\u00e9ress\u00e9 par les bons joueurs.\u00a0<br \/><strong>Que pourriez-vous nous dire sur le s\u00e9lectionneur alg\u00e9rien, Djamel Belmadi ?<\/strong><br \/>Il fait du tr\u00e8s bon travail. Je suis l\u2019\u00e9quipe d\u2019Alg\u00e9rie par rapport aux joueurs alg\u00e9riens qu\u2019on a. Je suis leur organisation tactique. C\u2019est une \u00e9quipe tr\u00e8s dou\u00e9e techniquement, mais c\u2019est aussi une \u00e9quipe tr\u00e8s combative et disciplin\u00e9e sur le terrain. C\u2019est une \u00e9quipe vraiement agr\u00e9able \u00e0 voir jouer.\u00a0\u00a0<br \/><strong>Un mot sur Mahrez ?<\/strong><br \/>Mahrez, on n\u2019en parle plus. Il fait partie des grands joueurs europ\u00e9ens.\u00a0 Quand on voit les joueurs alg\u00e9riens qui \u00e9voluent dans les grands clubs europ\u00e9ens, cela prouve que le foot alg\u00e9rien est parmi les meilleurs en Afrique.\u00a0<br \/><strong>Trois joueurs alg\u00e9riens jouent sous votre coupe\u2026\u00a0<\/strong><br \/>C\u2019est vrai que nous avons un trio alg\u00e9rien. Ce sont de jeunes joueurs qui ont \u00e9norm\u00e9ment de talent. Youcef (Ndlr Atal) avec qui je travaille pour la deuxi\u00e8me ann\u00e9e de suite est en train de progresser. Il peut am\u00e9liorer encore son jeu. \u00c7a d\u00e9pendra de son investissement pour voir jusqu\u2019\u00e0 quel niveau il ira. C\u2019est quelqu\u2019un de s\u00e9rieux qui travaille bien et qui a envie de r\u00e9ussir. Adam (Ndlr, Ounas) est arriv\u00e9 de Naples et a l\u2019exp\u00e9rience du tr\u00e8s haut niveau. Malheureusement, il a eu des blessures qui ont ralenti son adaptation. Mais c\u2019est quelqu\u2019un qui peut \u00eatre tr\u00e8s important \u00e0 Nice parce qu\u2019il est capable de faire la diff\u00e9rence et de marquer des buts. Pour Boudaoui, c\u2019est un joueur \u00e0 qui il faut laisser le temps de bien s\u2019adapter \u00e0 une nouvelle fa\u00e7on de travailler. Il a \u00e9norm\u00e9ment de potentiel et qui peut encore progresser davantage.\u00a0<br \/><strong>Un mot pour le peuple alg\u00e9rien ?\u00a0<\/strong><br \/>J\u2019\u2019esp\u00e8re que j\u2019aurai un jour l\u2019occasion de venir en Alg\u00e9rie pour voir comment ils travaillent et comment ils accordent de l\u2019importance au d\u00e9veloppement des jeunes joueurs. Car il existe une g\u00e9n\u00e9ration tr\u00e8s talentueuse.\u00a0<\/p>\n<p>___________________________<\/p>\n<p><strong>Falc\u00e3o : \u00abJ\u2019ai \u00e9t\u00e9\u00a0impressionn\u00e9 par le\u00a0jeu technique de\u00a0l\u2019Alg\u00e9rie en 1986\u00bb<\/strong><br \/>L\u2019ancien milieu de terrain du Br\u00e9sil, Paulo Roberto Falc\u00e3o, s\u2019est exprim\u00e9 \u00e0 El Heddaf\/Le Buteur o\u00f9 il est revenu sur le Mondial 1986 et le fameux match entre le Br\u00e9sil et l\u2019EN. Il a aussi \u00e9voqu\u00e9 la cons\u00e9cration des Verts lors de la derni\u00e8re CAN en Egypte.<br \/><strong>Quelle est la premi\u00e8re chose qui vous vient \u00e0 l\u2019esprit lorsqu\u2019on \u00e9voque l\u2019\u00e9quipe d\u2019Alg\u00e9rie ?<\/strong><br \/>La rapidit\u00e9 et le jeu technique de l\u2019\u00e9quipe de 1986. Je me souviens aussi de Madjer qui \u00e9tait un excellent joueur. On a \u00e9t\u00e9 surpris par cette \u00e9quipe alg\u00e9rienne lors du Mondial 1986. On ne s\u2019attendait gu\u00e8re \u00e0 voir une \u00e9quipe alg\u00e9rienne aussi forte. Les Verts \u00e9taient bien organis\u00e9s sur le terrain et jouaient bien le contre. Ils nous ont pos\u00e9 beaucoup de probl\u00e8mes, m\u00eame si nous avons r\u00e9ussi \u00e0 gagner par un but \u00e0 z\u00e9ro.<br \/><strong>Avez-vous suivi la CAN 2019 remport\u00e9e par l\u2019Alg\u00e9rie ?<\/strong><br \/>Oui, j\u2019ai suivi quelques matchs de la CAN 2019. J\u2019ai vu quelques matchs de l\u2019Alg\u00e9rie. L\u2019\u00e9quipe alg\u00e9rienne a montr\u00e9 un beau visage et a amplement m\u00e9rit\u00e9 son sacre. Ils ont jou\u00e9 avec beaucoup de grinta. A titre d\u2019exemple, le Br\u00e9sil a r\u00e9alis\u00e9 de bonnes prestations parce que ses joueurs, pour la plupart, \u00e9voluent en Europe. C\u2019est la m\u00eame chose pour l\u2019Alg\u00e9rie. Les Alg\u00e9riens ont acquis en Europe beaucoup, notamment en qui concerne le volet technico-tactique.<br \/><strong>En Alg\u00e9rie, on se souvient toujours du match des 8es de finale de la Coupe du monde 2014 face \u00e0 l\u2019Allemagne. Vous avez sans doute suivi ce match\u2026<\/strong><br \/>Sinc\u00e8rement, l\u2019\u00e9quipe d\u2019Alg\u00e9rie parvient toujours \u00e0 faire parler d\u2019elle. C\u2019est une \u00e9quipe qui cr\u00e9e souvent le danger par rapport aux grandes \u00e9quipes europ\u00e9ennes et mondiales.\u00a0 Vous avez r\u00e9alis\u00e9 une grosse prestation face \u00e0 l\u2019Allemagne au Mondial 2014. Je pense que les Alg\u00e9riens doivent prendre confiance en eux, m\u00eame face aux grandes s\u00e9lections mondiales.<br \/><strong>Un mot pour le public alg\u00e9rien ?<\/strong><br \/>Je salue les Alg\u00e9riens et je vous f\u00e9licite une nouvelle fois pour votre sacre \u00e0 la CAN 2019 en Egypte.<\/p>\n<p>___________________________<\/p>\n<p><strong>Suba\u0161ic : \u00abSlimani est\u00a0un attaquant\u00a0fantastique\u00bb<\/strong><br \/>Avant le d\u00e9but de la c\u00e9r\u00e9monie du Golden Foot, le portier croate de l\u2019AS Monaco, Danijel Suba\u0161ic, a bien accept\u00e9 de nous parler de son co\u00e9quipier alg\u00e9rien, Islam Slimani. Ayabt atteint la finale de la Coupe du monde 2018 en Russie, le portier de l\u2019ASM n\u2019a pas tari d\u2019\u00e9loges sur l\u2019attaquant alg\u00e9rien : \u00abSlimani est un attaquant fantastique.\u00bb Danijel Suba\u0161ic n\u2019a pas oubli\u00e9 l\u2019autre joueur alg\u00e9rien avec lequel il a \u00e9volu\u00e9 \u00e0 l\u2019ASM en l\u2019occurrence, Carl Medjani.<\/p>\n<p>__________________________<\/p>\n<p><strong>Ducruet : \u00abSlimani est un\u00a0attaquant incroyable, j\u2019esp\u00e8re qu\u2019il restera \u00e0 Monaco\u00bb<\/strong><br \/>El Heddaf\/Le Buteur a profit\u00e9 de la pr\u00e9sence du membre de la famille princi\u00e8re de Monaco, Louis Ducruet, qui est \u00e9galement un recruteur international pour le club mon\u00e9gasque pour lui poser quelques questions.\u00a0<\/p>\n<p><strong>On vous remercie de nous avoir accord\u00e9 un peu de votre temps. Que pensez-vous du rendement de Slimani cette saison avec l\u2019ASM ?<\/strong><br \/>Il r\u00e9alise un bon d\u00e9but de saison. Heureusement qu\u2019il est avec nous. Il a r\u00e9ussi \u00e0 apporter un plus \u00e0 notre \u00e9quipe. Il l\u2019a fait progresser. Monaco lui est reconnaissante pour tout ce qu\u2019il apporte au club sur le rectangle vert.<br \/><strong>Souhaiteriez-vous qu\u2019il reste \u00e0 Monaco la saison prochaine ?<\/strong><br \/>On ne peut pas savoir s\u2019il va rester ou pas. La d\u00e9cision lui revient \u00e0 lui et aux dirigeants de l\u2019AS Monaco. Cela dit, les deux parties trouveront leur compte s\u2019il poursuit l\u2019aventure avec l\u2019ASM la saison prochaine.<br \/>Merci \u00e0 vous\u2026<br \/>De rien.<\/p>\n<p>______________________________<\/p>\n<p><strong>Le quotidien sportif num\u00e9ro 1 en Alg\u00e9rie fid\u00e8le\u00a0\u00e0 ses traditions<\/strong><br \/>El Heddaf\/ Le Buteur re\u00e7oit\u00a0<br \/><strong>les \u00e9loges de la presse mondiale<\/strong><br \/>Une fois de plus, El Heddaf\/Le Buteur suit l\u2019actualit\u00e9 mondiale du foot. Ayant d\u00e9j\u00e0 assur\u00e9 la couverture de plusieurs \u00e9v\u00e8nements exclusifs, El Heddaf\/Le Buteur, pr\u00e9sent \u00e0 la 17e \u00e9dition du Golden Foot, a re\u00e7u les \u00e9loges de la presse mondiale ainsi que des organisateurs de cet \u00e9v\u00e8nement plan\u00e9taire.\u00a0<br \/>\u00a0<\/p>\n<p><strong>Publi\u00e9 dans :<\/strong> <span>slimani<\/span> <span>Belmadi<\/span> <span>Vieira<\/span> <span>Falcao<\/span> <span>modric<\/span> <span>Boudaoui<\/span> <span>Ducruet<\/span> <span>Atal et Ounas<\/span><\/p>\n<p>Auteur:<br \/>\n<a href=\"http:\/\/www.lebuteur.com\/article\/detail?titre=modric-remporte-le-golden-foot-2019&#038;id=93092&#038;utm_source=feedburner&#038;utm_medium=feed&#038;utm_campaign=Feed%3A+GalerieFArtciles+%28Les+derniers+articles++-+lebuteur.com%29\">Cliquez ici pour lire l&rsquo;article depuis sa source.<\/a><\/p>\n","protected":false},"excerpt":{"rendered":"<p>Le milieu de terrain croate du Real Madrid, Luka Modric a remport\u00e9\u00a0 le troph\u00e9e du Golden Foot Award 2019, un troph\u00e9e destin\u00e9 aux joueurs qui ont d\u00e9pass\u00e9 28 ans. L\u2019ancien joueur de Tottenham a re\u00e7u sa r\u00e9compense \u00e0 Monaco, devenant ainsi le 17e joueur \u00e0 remporter ce troph\u00e9e.\u00a0 Le premier joueur \u00e0 avoir remport\u00e9 cette [&hellip;]<\/p>\n","protected":false},"author":1738,"featured_media":68143,"comment_status":"closed","ping_status":"closed","sticky":false,"template":"","format":"standard","meta":{"fifu_image_url":"","fifu_image_alt":"","footnotes":""},"categories":[53,75],"tags":[],"class_list":["post-68142","post","type-post","status-publish","format-standard","has-post-thumbnail","hentry","category-algerie","category-sport"],"_links":{"self":[{"href":"https:\/\/linitiative.ca\/International\/wp-json\/wp\/v2\/posts\/68142","targetHints":{"allow":["GET"]}}],"collection":[{"href":"https:\/\/linitiative.ca\/International\/wp-json\/wp\/v2\/posts"}],"about":[{"href":"https:\/\/linitiative.ca\/International\/wp-json\/wp\/v2\/types\/post"}],"author":[{"embeddable":true,"href":"https:\/\/linitiative.ca\/International\/wp-json\/wp\/v2\/users\/1738"}],"replies":[{"embeddable":true,"href":"https:\/\/linitiative.ca\/International\/wp-json\/wp\/v2\/comments?post=68142"}],"version-history":[{"count":0,"href":"https:\/\/linitiative.ca\/International\/wp-json\/wp\/v2\/posts\/68142\/revisions"}],"wp:featuredmedia":[{"embeddable":true,"href":"https:\/\/linitiative.ca\/International\/wp-json\/"}],"wp:attachment":[{"href":"https:\/\/linitiative.ca\/International\/wp-json\/wp\/v2\/media?parent=68142"}],"wp:term":[{"taxonomy":"category","embeddable":true,"href":"https:\/\/linitiative.ca\/International\/wp-json\/wp\/v2\/categories?post=68142"},{"taxonomy":"post_tag","embeddable":true,"href":"https:\/\/linitiative.ca\/International\/wp-json\/wp\/v2\/tags?post=68142"}],"curies":[{"name":"wp","href":"https:\/\/api.w.org\/{rel}","templated":true}]}}