{"id":68144,"date":"2019-11-21T15:14:01","date_gmt":"2019-11-21T20:14:01","guid":{"rendered":"https:\/\/linitiative.ca\/International\/equipe-dalgerie-belkebla-donne-des-nouvelles-de-sa-blessure\/"},"modified":"2019-11-21T15:14:01","modified_gmt":"2019-11-21T20:14:01","slug":"equipe-dalgerie-belkebla-donne-des-nouvelles-de-sa-blessure","status":"publish","type":"post","link":"https:\/\/linitiative.ca\/International\/equipe-dalgerie-belkebla-donne-des-nouvelles-de-sa-blessure\/","title":{"rendered":"Equipe d&rsquo;Alg\u00e9rie : Belkebla donne des nouvelles de sa blessure"},"content":{"rendered":"<div readability=\"32\">\n<p>Auteur : <span>Riad O.<\/span> <span class=\"time\">jeudi 21 novembre 2019 20:27<\/span><\/p>\n<\/div>\n<div id=\"post_core\" readability=\"40\">\n<p>Evoquant sa blessure, le joueur milieu de terrain des Verts, Haris Belkebla dira\u00a0:\u00a0\u00abJe me suis fait mal \u00e0 la cheville, \u00e7a me g\u00eane encore, je suis en train de faire les soins mais on attendra demain (vendredi) pour prendre une d\u00e9cision. Je reste incertain pour Nantes, samedi.\u00bb a-t-il confi\u00e9 \u00e0 Le T\u00e9l\u00e9gramme.<\/p>\n<p><strong>Publi\u00e9 dans :<\/strong> <span>Belkebla<\/span><\/p>\n<\/div>\n<p>Auteur:<br \/>\n<a href=\"http:\/\/www.lebuteur.com\/article\/detail?titre=belkebla-donne-des-nouvelles-de-sa-blessure&#038;id=93099&#038;utm_source=feedburner&#038;utm_medium=feed&#038;utm_campaign=Feed%3A+GalerieFArtciles+%28Les+derniers+articles++-+lebuteur.com%29\">Cliquez ici pour lire l&rsquo;article depuis sa source.<\/a><\/p>\n","protected":false},"excerpt":{"rendered":"<p>Auteur : Riad O. jeudi 21 novembre 2019 20:27 Evoquant sa blessure, le joueur milieu de terrain des Verts, Haris Belkebla dira\u00a0:\u00a0\u00abJe me suis fait mal \u00e0 la cheville, \u00e7a me g\u00eane encore, je suis en train de faire les soins mais on attendra demain (vendredi) pour prendre une d\u00e9cision. Je reste incertain pour Nantes, [&hellip;]<\/p>\n","protected":false},"author":1738,"featured_media":68145,"comment_status":"closed","ping_status":"closed","sticky":false,"template":"","format":"standard","meta":{"fifu_image_url":"","fifu_image_alt":"","footnotes":""},"categories":[53,75],"tags":[],"class_list":["post-68144","post","type-post","status-publish","format-standard","has-post-thumbnail","hentry","category-algerie","category-sport"],"_links":{"self":[{"href":"https:\/\/linitiative.ca\/International\/wp-json\/wp\/v2\/posts\/68144","targetHints":{"allow":["GET"]}}],"collection":[{"href":"https:\/\/linitiative.ca\/International\/wp-json\/wp\/v2\/posts"}],"about":[{"href":"https:\/\/linitiative.ca\/International\/wp-json\/wp\/v2\/types\/post"}],"author":[{"embeddable":true,"href":"https:\/\/linitiative.ca\/International\/wp-json\/wp\/v2\/users\/1738"}],"replies":[{"embeddable":true,"href":"https:\/\/linitiative.ca\/International\/wp-json\/wp\/v2\/comments?post=68144"}],"version-history":[{"count":0,"href":"https:\/\/linitiative.ca\/International\/wp-json\/wp\/v2\/posts\/68144\/revisions"}],"wp:featuredmedia":[{"embeddable":true,"href":"https:\/\/linitiative.ca\/International\/wp-json\/"}],"wp:attachment":[{"href":"https:\/\/linitiative.ca\/International\/wp-json\/wp\/v2\/media?parent=68144"}],"wp:term":[{"taxonomy":"category","embeddable":true,"href":"https:\/\/linitiative.ca\/International\/wp-json\/wp\/v2\/categories?post=68144"},{"taxonomy":"post_tag","embeddable":true,"href":"https:\/\/linitiative.ca\/International\/wp-json\/wp\/v2\/tags?post=68144"}],"curies":[{"name":"wp","href":"https:\/\/api.w.org\/{rel}","templated":true}]}}