{"id":68146,"date":"2019-11-21T15:14:03","date_gmt":"2019-11-21T20:14:03","guid":{"rendered":"https:\/\/linitiative.ca\/International\/equipe-dalgerie-belkebla-cest-un-nouveau-depart-maintenant-a-moi-de-bosser\/"},"modified":"2019-11-21T15:14:03","modified_gmt":"2019-11-21T20:14:03","slug":"equipe-dalgerie-belkebla-cest-un-nouveau-depart-maintenant-a-moi-de-bosser","status":"publish","type":"post","link":"https:\/\/linitiative.ca\/International\/equipe-dalgerie-belkebla-cest-un-nouveau-depart-maintenant-a-moi-de-bosser\/","title":{"rendered":"Equipe d&rsquo;Alg\u00e9rie : Belkebla : \u00abC\u2019est un nouveau d\u00e9part. Maintenant, \u00e0 moi de bosser\u00bb"},"content":{"rendered":"<div readability=\"32\">\n<p>Auteur : <span>Riad O.<\/span> <span class=\"time\">jeudi 21 novembre 2019 20:28<\/span><\/p>\n<\/div>\n<div id=\"post_core\" readability=\"49\">\n<p>Haris Belkebla s\u2019est confi\u00e9 sur son retour en s\u00e9lection:\u00a0\u00abJe ne m\u2019y attendais pas forc\u00e9ment m\u00eame si j\u2019avais \u00e9cout\u00e9 les derni\u00e8res conf\u00e9rences de presse du coach (Djamel Belmadi) o\u00f9, en gros, il disait qu\u2019il avait un \u0153il sur moi, qu\u2019il me suivait, que l\u2019histoire \u00e9tait termin\u00e9e et qu\u2019il me rappellerait si j\u2019\u00e9tais performant en club. Dans ma t\u00eate, je me suis dit \u00ab pourquoi pas ! \u00bb. Et puis quand j\u2019ai re\u00e7u la pr\u00e9-convocation, j\u2019\u00e9tais vraiment content.\u00bb a-t-il d\u00e9clar\u00e9 \u00e0 Le T\u00e9l\u00e9gramme, avant d\u2019ajouter\u00a0:\u00a0\u00abJ\u2019ai eu un bon accueil des supporters, des journalistes, de l\u2019\u00e9quipe, du staff\u2026 Tout s\u2019est bien pass\u00e9 (\u2026) J\u2019ai \u00e9t\u00e9 agr\u00e9ablement surpris, je dois le dire. M\u00eame dans mon entourage on me disait que j\u2019allais \u00eatre siffl\u00e9 mais au contraire, on m\u2019a bien encourag\u00e9, que ce soit sur les r\u00e9seaux sociaux ou dans la ville (Blida). J\u2019ai re\u00e7u beaucoup de messages de soutien.\u00bb Belkebla a indiqu\u00e9 que la page est tourn\u00e9e\u00a0:\u00a0\u00abC\u2019est un nouveau d\u00e9part. Maintenant, \u00e0 moi de bosser.\u00bb<\/p>\n<p><strong>Publi\u00e9 dans :<\/strong> <span>Belkebla<\/span><\/p>\n<\/div>\n<p>Auteur:<br \/>\n<a href=\"http:\/\/www.lebuteur.com\/article\/detail?titre=belkebla-cest-un-nouveau-depart-maintenant-a-moi-de-bosser&#038;id=93100&#038;utm_source=feedburner&#038;utm_medium=feed&#038;utm_campaign=Feed%3A+GalerieFArtciles+%28Les+derniers+articles++-+lebuteur.com%29\">Cliquez ici pour lire l&rsquo;article depuis sa source.<\/a><\/p>\n","protected":false},"excerpt":{"rendered":"<p>Auteur : Riad O. jeudi 21 novembre 2019 20:28 Haris Belkebla s\u2019est confi\u00e9 sur son retour en s\u00e9lection:\u00a0\u00abJe ne m\u2019y attendais pas forc\u00e9ment m\u00eame si j\u2019avais \u00e9cout\u00e9 les derni\u00e8res conf\u00e9rences de presse du coach (Djamel Belmadi) o\u00f9, en gros, il disait qu\u2019il avait un \u0153il sur moi, qu\u2019il me suivait, que l\u2019histoire \u00e9tait termin\u00e9e et [&hellip;]<\/p>\n","protected":false},"author":1738,"featured_media":68147,"comment_status":"closed","ping_status":"closed","sticky":false,"template":"","format":"standard","meta":{"fifu_image_url":"","fifu_image_alt":"","footnotes":""},"categories":[53,75],"tags":[],"class_list":["post-68146","post","type-post","status-publish","format-standard","has-post-thumbnail","hentry","category-algerie","category-sport"],"_links":{"self":[{"href":"https:\/\/linitiative.ca\/International\/wp-json\/wp\/v2\/posts\/68146","targetHints":{"allow":["GET"]}}],"collection":[{"href":"https:\/\/linitiative.ca\/International\/wp-json\/wp\/v2\/posts"}],"about":[{"href":"https:\/\/linitiative.ca\/International\/wp-json\/wp\/v2\/types\/post"}],"author":[{"embeddable":true,"href":"https:\/\/linitiative.ca\/International\/wp-json\/wp\/v2\/users\/1738"}],"replies":[{"embeddable":true,"href":"https:\/\/linitiative.ca\/International\/wp-json\/wp\/v2\/comments?post=68146"}],"version-history":[{"count":0,"href":"https:\/\/linitiative.ca\/International\/wp-json\/wp\/v2\/posts\/68146\/revisions"}],"wp:featuredmedia":[{"embeddable":true,"href":"https:\/\/linitiative.ca\/International\/wp-json\/"}],"wp:attachment":[{"href":"https:\/\/linitiative.ca\/International\/wp-json\/wp\/v2\/media?parent=68146"}],"wp:term":[{"taxonomy":"category","embeddable":true,"href":"https:\/\/linitiative.ca\/International\/wp-json\/wp\/v2\/categories?post=68146"},{"taxonomy":"post_tag","embeddable":true,"href":"https:\/\/linitiative.ca\/International\/wp-json\/wp\/v2\/tags?post=68146"}],"curies":[{"name":"wp","href":"https:\/\/api.w.org\/{rel}","templated":true}]}}