{"id":68151,"date":"2019-11-21T05:55:39","date_gmt":"2019-11-21T10:55:39","guid":{"rendered":"https:\/\/linitiative.ca\/International\/97834-oran-un-nouveau-club-en-para-athletisme-en-phase-de-creation\/"},"modified":"2019-11-21T05:55:39","modified_gmt":"2019-11-21T10:55:39","slug":"97834-oran-un-nouveau-club-en-para-athletisme-en-phase-de-creation","status":"publish","type":"post","link":"https:\/\/linitiative.ca\/International\/97834-oran-un-nouveau-club-en-para-athletisme-en-phase-de-creation\/","title":{"rendered":"Oran: un nouveau club en para-athl\u00e9tisme en phase de cr\u00e9ation"},"content":{"rendered":"<div readability=\"37\">\n<p><strong>ORAN &#8211; Un nouveau club sportif amateur en para-athl\u00e9tisme est en cours de cr\u00e9ation \u00e0 Oran, a-t-on appris de son fondateur, Mohamed Kada Kracha\u00ef, s\u00e9lectionneur national et entraineur de plusieurs champions olympiques alg\u00e9riens.<\/strong><\/p>\n<\/div>\n<div readability=\"92.6114935648\">\n<p>\u00ab\u00a0Nous avons effectu\u00e9 toutes les proc\u00e9dures administratives d\u2019usage pour la cr\u00e9ation de ce club que nous avons d\u00e9nomm\u00e9 club sportif amateur \u2018\u2019Ashab El Himam\u2019\u2019 d\u2019Oran, et nous n\u2019attendons que l\u2019agr\u00e9ment pour entrer officiellement en activit\u00e9\u00a0\u00bb, a d\u00e9clar\u00e9 son pr\u00e9sident \u00e0 l\u2019APS.<\/p>\n<p>Estimant que la capitale de l\u2019Ouest est riche en potentialit\u00e9s en handisport, Kada Kracha\u00ef, indique vouloir justement exploiter ces capacit\u00e9s pour former de nouveaux champions \u00e0 m\u00eame de reprendre le t\u00e9moin de leurs ain\u00e9s \u00e0 l\u2019image de Kamel Kerdjena et Lahouari Bahlez. Ces derniers viennent d\u2019\u00eatre, encore une fois, sacr\u00e9s aux Mondiaux qui se sont d\u00e9roul\u00e9s tout r\u00e9cemment \u00e0 Duba\u00ef.<\/p>\n<p>\u00ab\u00a0J\u2019entraine depuis plusieurs ann\u00e9es ces deux athl\u00e8tes qui viennent d\u2019offrir de nouvelles m\u00e9dailles \u00e0 l\u2019Alg\u00e9rie dans le plus haut niveau, tout en se qualifiant aux prochains jeux paralympiques. Je suis persuad\u00e9 qu\u2019Oran dispose d\u2019autres talents dans cette cat\u00e9gorie d\u2019athl\u00e8tes. Ce serait vraiment un g\u00e2chis si nous ne les exploitions pas\u00a0\u00bb, a encore indiqu\u00e9 le m\u00eame technicien.<\/p>\n<p>L\u2019envie de d\u00e9couvrir des futurs champions du monde issus d\u2019El Bahia pousse Kada Kracha\u00ef \u00e0 faire face \u00e0 tous les obstacles qu\u2019il rencontre actuellement pour mener \u00e0 bon port sa mission avec ses actuels athl\u00e8tes de la s\u00e9lection nationale, \u00e0 l\u2019image de Bahlez et Kerdjena.<\/p>\n<hr\/>\n<h3>Lire aussi:\u00a0<a href=\"http:\/\/www.aps.dz\/sport\/97451-mondiaux-de-para-athletisme-poids-f32-deux-nouvelles-medailles-pour-l-algerie\" target=\"_blank\" rel=\"noopener noreferrer\">Mondiaux de Para-athl\u00e9tisme (Poids F32) : deux nouvelles m\u00e9dailles pour l&rsquo;Alg\u00e9rie<\/a><\/h3>\n<hr\/>\n<blockquote readability=\"13\">\n<p><em><strong>\u00ab\u00a0Nous travaillons dans des conditions d\u00e9plorables. Figurez-vous, que nous n\u2019avons m\u00eame pas un stade propre \u00e0 cette discipline pour s\u2019entrainer. M\u00eame le stade Miloud Hadefi (ex-Wembley), notre lieu d\u2019entrainement habituel, n\u2019offre plus les conditions de travail id\u00e9ales pour des sportifs de l\u2019\u00e9lite, car il est tout le temps surcharg\u00e9\u00a0\u00bb, a d\u00e9plor\u00e9 le m\u00eame interlocuteur.<\/strong><\/em><\/p>\n<\/blockquote>\n<p>Malgr\u00e9 cela, Kada Kracha\u00ef assure \u00eatre toujours anim\u00e9 par cette volont\u00e9 d\u2019aller encore de l\u2019avant, s\u2019inspirant de l\u2019exp\u00e9rience de ses deux athl\u00e8tes, Bahlez, auteur d\u2019une m\u00e9daille d\u2019or et autre en argent (jeter de Club et jeter du Poids) lors du pr\u00e9c\u00e9dent rendez-vous mondial \u00e0 Duba\u00ef, et Kerdjena, qui s\u2019est adjug\u00e9 une m\u00e9daille d\u2019argent (jeter du Poids) dans cette m\u00eame comp\u00e9tition.<\/p>\n<p>\u00ab\u00a0Ceux qui sont en courant des conditions de travail dans lesquelles ces deux athl\u00e8tes ont pr\u00e9par\u00e9 les Mondiaux de Duba\u00ef qualifient d\u2019un v\u00e9ritable exploit leur parcours pendant cette comp\u00e9tition. Ils ne sont pas pour autant d\u00e9courag\u00e9s par le manque de moyens de travail, car ils visent \u00e0 encore offrir \u00e0 l\u2019Alg\u00e9rie d\u2019autres m\u00e9dailles lors des prochains jeux paralympiques en ao\u00fbt 2020 \u00e0 Tokyo. Notre objectif \u00e0 chaque fois qu\u2019on participe dans une \u00e9preuve internationale est de repr\u00e9senter dignement notre pays\u00a0\u00bb, a-t-il poursuivi.<\/p>\n<p>Cependant, Kada Kracha\u00ef souhaite que ces sacrifices soient r\u00e9compens\u00e9s par au moins la mise \u00e0 la disposition des athl\u00e8tes de cette cat\u00e9gorie de moyens acceptables pour leur permettre de rester toujours au sommet, chose qui, selon lui, manque toujours \u00e0 Oran, d\u2019o\u00f9 l\u2019appel qu\u2019il a tenu \u00e0 adresser aux autorit\u00e9s locales, qui a honor\u00e9 ses deux athl\u00e8tes, mercredi, pour leur brillante participation aux Mondiaux de Duba\u00ef, afin d\u2019accorder plus d\u2019\u00e9gard \u00e0 l\u2019handisport \u00e0 Oran.<\/p>\n<\/div>\n<p>Auteur:<br \/>\n<a href=\"http:\/\/www.aps.dz\/sport\/97834-oran-un-nouveau-club-en-para-athletisme-en-phase-de-creation?utm_source=feedburner&#038;utm_medium=feed&#038;utm_campaign=Feed%3A+aps-sport+%28APS+-+SPORT%29\">Cliquez ici pour lire l&rsquo;article depuis sa source.<\/a><\/p>\n","protected":false},"excerpt":{"rendered":"<p>ORAN &#8211; Un nouveau club sportif amateur en para-athl\u00e9tisme est en cours de cr\u00e9ation \u00e0 Oran, a-t-on appris de son fondateur, Mohamed Kada Kracha\u00ef, s\u00e9lectionneur national et entraineur de plusieurs champions olympiques alg\u00e9riens. \u00ab\u00a0Nous avons effectu\u00e9 toutes les proc\u00e9dures administratives d\u2019usage pour la cr\u00e9ation de ce club que nous avons d\u00e9nomm\u00e9 club sportif amateur \u2018\u2019Ashab [&hellip;]<\/p>\n","protected":false},"author":1790,"featured_media":0,"comment_status":"closed","ping_status":"closed","sticky":false,"template":"","format":"standard","meta":{"fifu_image_url":"","fifu_image_alt":"","footnotes":""},"categories":[53,75],"tags":[],"class_list":["post-68151","post","type-post","status-publish","format-standard","hentry","category-algerie","category-sport"],"_links":{"self":[{"href":"https:\/\/linitiative.ca\/International\/wp-json\/wp\/v2\/posts\/68151","targetHints":{"allow":["GET"]}}],"collection":[{"href":"https:\/\/linitiative.ca\/International\/wp-json\/wp\/v2\/posts"}],"about":[{"href":"https:\/\/linitiative.ca\/International\/wp-json\/wp\/v2\/types\/post"}],"author":[{"embeddable":true,"href":"https:\/\/linitiative.ca\/International\/wp-json\/wp\/v2\/users\/1790"}],"replies":[{"embeddable":true,"href":"https:\/\/linitiative.ca\/International\/wp-json\/wp\/v2\/comments?post=68151"}],"version-history":[{"count":0,"href":"https:\/\/linitiative.ca\/International\/wp-json\/wp\/v2\/posts\/68151\/revisions"}],"wp:attachment":[{"href":"https:\/\/linitiative.ca\/International\/wp-json\/wp\/v2\/media?parent=68151"}],"wp:term":[{"taxonomy":"category","embeddable":true,"href":"https:\/\/linitiative.ca\/International\/wp-json\/wp\/v2\/categories?post=68151"},{"taxonomy":"post_tag","embeddable":true,"href":"https:\/\/linitiative.ca\/International\/wp-json\/wp\/v2\/tags?post=68151"}],"curies":[{"name":"wp","href":"https:\/\/api.w.org\/{rel}","templated":true}]}}