{"id":68166,"date":"2019-11-21T04:25:14","date_gmt":"2019-11-21T09:25:14","guid":{"rendered":"https:\/\/linitiative.ca\/International\/les-activistes-parlent-dune-guerre-electronique-des-profils-et-des-pages-facebook-pro-hirak-cibles\/"},"modified":"2019-11-21T04:25:14","modified_gmt":"2019-11-21T09:25:14","slug":"les-activistes-parlent-dune-guerre-electronique-des-profils-et-des-pages-facebook-pro-hirak-cibles","status":"publish","type":"post","link":"https:\/\/linitiative.ca\/International\/les-activistes-parlent-dune-guerre-electronique-des-profils-et-des-pages-facebook-pro-hirak-cibles\/","title":{"rendered":"Les activistes parlent d\u2019une guerre \u00e9lectronique : Des profils et des pages Facebook pro-hirak\u00a0cibl\u00e9s"},"content":{"rendered":"<h4 class=\"title-14\"\/>\n<div class=\"featured_image\"><img loading=\"lazy\" decoding=\"async\" width=\"620\" height=\"413\" src=\"https:\/\/www.elwatan.com\/wp-content\/uploads\/2019\/11\/d-mohamed-tadjadit-place-en-detention-provisoire-f9875.jpg\" class=\"attachment-post-thumbnail size-post-thumbnail wp-post-image\" alt=\"\" srcset=\"https:\/\/www.elwatan.com\/wp-content\/uploads\/2019\/11\/d-mohamed-tadjadit-place-en-detention-provisoire-f9875.jpg 620w, https:\/\/www.elwatan.com\/wp-content\/uploads\/2019\/11\/d-mohamed-tadjadit-place-en-detention-provisoire-f9875-300x200.jpg 300w\" sizes=\"auto, (max-width: 620px) 100vw, 620px\"\/><span class=\"featured-image-caption\">( le jeune activiste et po\u00e8te Tadjadit Mohamed )<\/span><\/div>\n<p class=\"p1\"><span class=\"s1\"><strong>S<\/strong><\/span><span class=\"s2\">ignalement par des trolls de pages pro-hirak, blocage de profils d\u2019activistes en vue. Mais aussi parfois des poursuites en justice. Les attaques sur les r\u00e9seaux sociaux et les poursuites en justice pour \u00abdiffusion d\u2019un contenu subversif\u00bb se sont multipli\u00e9es ces derniers jours.<\/span><\/p>\n<p class=\"p1\"><span class=\"s2\">Cette semaine, Ali Houari, administrateur de plusieurs pages Facebook, a \u00e9t\u00e9 arr\u00eat\u00e9 par des \u00e9l\u00e9ments des services de s\u00e9curit\u00e9 \u00e0 Cherchell (Tipasa). Il devra \u00eatre pr\u00e9sent\u00e9 aujourd\u2019hui devant le procureur du tribunal de la ville, a indiqu\u00e9, en d\u00e9but de soir\u00e9e d\u2019hier, le Comit\u00e9 national pour la lib\u00e9ration des d\u00e9tenus (CNLD) sur sa page Facebook.<\/span><\/p>\n<p class=\"p2\"><span class=\"s2\">Il y a quelques jours, le jeune activiste et po\u00e8te Tadjadit Mohamed a \u00e9t\u00e9 plac\u00e9 en garde \u00e0 vue \u00e0 la gendarmerie de Bab Djedid (Alger) avant d\u2019\u00eatre plac\u00e9 en d\u00e9tention provisoire par le juge d\u2019instruction pr\u00e8s le tribunal de Sidi M\u2019hamed (Alger) pour ses \u00e9crits militants. Les poursuites en justice concernent des militants \u00abprofessionnels\u00bb, des journalistes, des \u00e9lus et m\u00eame des citoyens lambda.<\/span><\/p>\n<p class=\"p2\"><span class=\"s2\">Ainsi, l\u2019animateur de Radio Oued Souf, Adel Azeb Cheikh, a \u00e9t\u00e9 plac\u00e9 en d\u00e9tention provisoire \u00e0 El Oued le 14 octobre. Il lui serait reproch\u00e9 la publication sur sa page d\u2019un post sur le rassemblement des ch\u00f4meurs devant l\u2019ANEM locale. Le directeur de cette agence a d\u00e9pos\u00e9 plainte pour \u00abpublication d\u2019images sans autorisation de l\u2019auteur\u00bb et \u00abinjures et insultes\u00bb, pr\u00e9cisent des m\u00e9dias.<\/span><\/p>\n<p class=\"p2\"><span class=\"s2\">A Tizi Ouzou, le pr\u00e9sident de l\u2019APC de Bouzegu\u00e8ne, Rachid Oudali, a \u00e9t\u00e9 auditionn\u00e9 par la brigade de lutte contre la cybercriminalit\u00e9. <em>\u00abIl est auditionn\u00e9 suite \u00e0 ses publications sur sa page. Il y a aussi Kessi Toufik des Ouacifs, poursuivi pour \u2018\u2018publication d\u2019un contenu subversif\u2019\u2019. Nous<\/em> avons <em>bien s\u00fbr les activistes Lalami Brahim de Bordj Bou Arr\u00e9ridj et Ghermoul, auditionn\u00e9s pour les m\u00eames motifs\u00bb<\/em>, recense Kaci Tansaout, coordinateur du CNLD.<\/span><\/p>\n<p class=\"p2\"><span class=\"s2\">Les attaques des \u00abdoubab\u00bb (mouches \u00e9lectroniques) et les pro-\u00e9lection concernent particuli\u00e8rement les pages hirakistes, surtout les plus visibles. <em>\u00abNous avons nous-m\u00eames \u00e9t\u00e9 attaqu\u00e9s. Facebook nous permet uniquement de poster du contenu (textes et images), mais nous ne pouvons plus pas partager des posts. Apr\u00e8s consultation, nous avons d\u00e9cid\u00e9 de ne plus accepter des faux profils avec des noms doubles\u00bb<\/em>, signale Tansaout dont la page CNLD a \u00e9t\u00e9 \u00abbloqu\u00e9e\u00bb ces derni\u00e8res semaines pour son contenu militant.<\/span><\/p>\n<p class=\"p2\"><span class=\"s2\">Les militants du hirak d\u00e9noncent les \u00abdoubab\u00bb lanc\u00e9es dans une v\u00e9ritable guerre \u00e9lectronique. <em>\u00abC\u2019est une guerre \u00e9lectronique. Apr\u00e8s avoir verrouill\u00e9 les espaces m\u00e9diatiques, ils passent aux r\u00e9seaux sociaux, dernier espace d\u2019expression et d\u2019information pour les Alg\u00e9riens. Le pouvoir et ses relais ont perdu la bataille des m\u00e9dias lourds qui n\u2019ont plus de cr\u00e9dibilit\u00e9 aupr\u00e8s de l\u2019opinion. Restent les r\u00e9seaux sociaux qui sont une source d\u2019information importante, de mise en r\u00e9seau et m\u00eame de mobilisation. Le hirak, jeune en majorit\u00e9 et \u00e0 jour, s\u2019est saisi de cet outil redoutable. Il a beaucoup aid\u00e9 \u00e0 l\u2019organisation malgr\u00e9 ces attaques, les fake news. Les r\u00e9seaux gardent du cr\u00e9dit chez l\u2019opinion, surtout quand cela vient de militants et activistes, blogueurs, youtubeurs connus, qui sont des faiseurs d\u2019opinion\u00bb<\/em>, explique Sa\u00efd Salhi, vice-pr\u00e9sident de la LADDH, qui a lui-m\u00eame \u00e9t\u00e9 interdit de publication apr\u00e8s des attaques massives sur sa page personnelle.<span class=\"Apple-converted-space\">\u00a0<\/span><\/span><\/p>\n<p><span class=\"post-views-label\">Post Views:<\/span> <span class=\"post-views-count\">1\u00a0513<\/span><\/p>\n<p><br class=\"c2\"\/><\/p>\n<p>Auteur: Hicham Chouadria<br \/>\n<a href=\"https:\/\/www.elwatan.com\/edition\/actualite\/les-activistes-parlent-dune-guerre-electronique-des-profils-et-des-pages-facebook-pro-hirak-cibles-21-11-2019\">Cliquez ici pour lire l&rsquo;article depuis sa source.<\/a><\/p>\n","protected":false},"excerpt":{"rendered":"<p>( le jeune activiste et po\u00e8te Tadjadit Mohamed ) Signalement par des trolls de pages pro-hirak, blocage de profils d\u2019activistes en vue. Mais aussi parfois des poursuites en justice. Les attaques sur les r\u00e9seaux sociaux et les poursuites en justice pour \u00abdiffusion d\u2019un contenu subversif\u00bb se sont multipli\u00e9es ces derniers jours. Cette semaine, Ali Houari, [&hellip;]<\/p>\n","protected":false},"author":1743,"featured_media":68167,"comment_status":"closed","ping_status":"closed","sticky":false,"template":"","format":"standard","meta":{"fifu_image_url":"","fifu_image_alt":"","footnotes":""},"categories":[73,53],"tags":[],"class_list":["post-68166","post","type-post","status-publish","format-standard","has-post-thumbnail","hentry","category-actualite","category-algerie"],"_links":{"self":[{"href":"https:\/\/linitiative.ca\/International\/wp-json\/wp\/v2\/posts\/68166","targetHints":{"allow":["GET"]}}],"collection":[{"href":"https:\/\/linitiative.ca\/International\/wp-json\/wp\/v2\/posts"}],"about":[{"href":"https:\/\/linitiative.ca\/International\/wp-json\/wp\/v2\/types\/post"}],"author":[{"embeddable":true,"href":"https:\/\/linitiative.ca\/International\/wp-json\/wp\/v2\/users\/1743"}],"replies":[{"embeddable":true,"href":"https:\/\/linitiative.ca\/International\/wp-json\/wp\/v2\/comments?post=68166"}],"version-history":[{"count":0,"href":"https:\/\/linitiative.ca\/International\/wp-json\/wp\/v2\/posts\/68166\/revisions"}],"wp:featuredmedia":[{"embeddable":true,"href":"https:\/\/linitiative.ca\/International\/wp-json\/"}],"wp:attachment":[{"href":"https:\/\/linitiative.ca\/International\/wp-json\/wp\/v2\/media?parent=68166"}],"wp:term":[{"taxonomy":"category","embeddable":true,"href":"https:\/\/linitiative.ca\/International\/wp-json\/wp\/v2\/categories?post=68166"},{"taxonomy":"post_tag","embeddable":true,"href":"https:\/\/linitiative.ca\/International\/wp-json\/wp\/v2\/tags?post=68166"}],"curies":[{"name":"wp","href":"https:\/\/api.w.org\/{rel}","templated":true}]}}