{"id":68168,"date":"2019-11-21T04:30:44","date_gmt":"2019-11-21T09:30:44","guid":{"rendered":"https:\/\/linitiative.ca\/International\/comptes-bloques-ou-signales-facebook-censure-t-il-les-opposants-algeriens\/"},"modified":"2019-11-21T04:30:44","modified_gmt":"2019-11-21T09:30:44","slug":"comptes-bloques-ou-signales-facebook-censure-t-il-les-opposants-algeriens","status":"publish","type":"post","link":"https:\/\/linitiative.ca\/International\/comptes-bloques-ou-signales-facebook-censure-t-il-les-opposants-algeriens\/","title":{"rendered":"Comptes bloqu\u00e9s ou signal\u00e9s : Facebook censure-t-il les opposants alg\u00e9riens\u00a0?"},"content":{"rendered":"<h4 class=\"title-14\"\/>\n<div class=\"featured_image\"><img loading=\"lazy\" decoding=\"async\" width=\"650\" height=\"350\" src=\"https:\/\/www.elwatan.com\/wp-content\/uploads\/2019\/11\/fb2.jpg\" class=\"attachment-post-thumbnail size-post-thumbnail wp-post-image\" alt=\"\" srcset=\"https:\/\/www.elwatan.com\/wp-content\/uploads\/2019\/11\/fb2.jpg 650w, https:\/\/www.elwatan.com\/wp-content\/uploads\/2019\/11\/fb2-300x162.jpg 300w\" sizes=\"auto, (max-width: 650px) 100vw, 650px\"\/><\/div>\n<p class=\"p1\"><span class=\"s1\"><strong>D<\/strong><\/span><span class=\"s2\">epuis quelques mois, des comptes Facebook sont bloqu\u00e9s ou difficilement accessibles, notamment ceux des partisans du hirak et de la coupure avec les symboles de l\u2019ancien syst\u00e8me.<\/span><\/p>\n<p class=\"p1\"><span class=\"s2\">Des Alg\u00e9riens ont r\u00e9cemment manifest\u00e9 devant le si\u00e8ge de Facebook \u00e0 travers plusieurs capitales occidentales pour exprimer leur indignation face aux <em>\u00abrestrictions impos\u00e9es \u00e0 l\u2019opposition en Alg\u00e9rie \u00e0 travers l\u2019antenne \u00e9miratie\u00bb<\/em> du g\u00e9ant am\u00e9ricain des r\u00e9seaux sociaux. Des sit-in ont \u00e9t\u00e9 organis\u00e9s \u00e0 Paris, Bruxelles, Londres et Madrid pour transmettre un message fort au patron du plus grand r\u00e9seau social au monde, Mark Zuckerberg, dont l\u2019outil influent qu\u2019il a cr\u00e9\u00e9 en Californie se trouve au centre de la crise que traverse notre pays.<\/span><\/p>\n<p class=\"p2\"><span class=\"s2\">Le r\u00e9seau Facebook, depuis le d\u00e9but du mouvement populaire, le 22 f\u00e9vrier dernier, est devenu une plateforme d\u2019\u00e9changes entre militants du hirak, puis une v\u00e9ritable ar\u00e8ne politique o\u00f9 s\u2019affrontent les positions politiques. D\u2019aucuns connaissent le ph\u00e9nom\u00e8ne des \u00abmouches \u00e9lectroniques\u00bb et le travail de brouillage que ses promoteurs ont entrepris. Derni\u00e8rement, il a \u00e9t\u00e9 constat\u00e9 que les comptes des influenceurs, des lanceurs d\u2019alerte, des opposants ont \u00e9t\u00e9 ferm\u00e9s au fur et \u00e0 mesure, les uns apr\u00e8s les autres, d\u00e8s leur signalement.<\/span><\/p>\n<p class=\"p2\"><span class=\"s2\">R\u00e9pondant \u00e0 des appels lanc\u00e9s sur la Toile pour manifester devant les si\u00e8ges de Facebook aux quatre coins du monde, <em>\u00abune dizaine de personnes ont tenu un rassemblement en d\u00e9but de soir\u00e9e devant les locaux du plus grand r\u00e9seau social au monde \u00e0 Paris. Elles ont exprim\u00e9 leur m\u00e9contentement apr\u00e8s le blocage et la suppression de dizaines, voire de centaines de comptes, pages et groupes pro-hirak par la direction de Facebook<\/em>\u00bb, \u00e9crivait <em>Maghreb Emergent<\/em> le 6 novembre. Selon la m\u00eame source, le principal slogan scand\u00e9 par les manifestants \u00e9tait \u00ab<em>Pouvoir assassin, Facebook complice !\u00bb<\/em> Les fonctionnaires de Facebook observaient la sc\u00e8ne des fen\u00eatres de l\u2019\u00e9difice.<\/span><\/p>\n<p class=\"p2\"><span class=\"s2\">Mais Facebook est-il r\u00e9ellement un acteur majeur dans cette pratique assimil\u00e9e par certains \u00e0 une censure\u00a0? A-t-il r\u00e9ellement un r\u00f4le \u00e0 jouer pour minimiser la contestation en Alg\u00e9rie\u00a0? Au-del\u00e0 de ces questions pertinentes, il faut savoir que le poids de Facebook dans notre pays est tr\u00e8s important et les chiffres le montrent clairement.<\/span><\/p>\n<p class=\"p2\"><span class=\"s2\">Sur une population de 42\u00a0450 000 habitants, l\u2019Alg\u00e9rie compte plus de 22 millions de comptes Facebook. Les internautes suivent l\u2019actualit\u00e9 \u00e0 52,34% sur Facebook, 36,73% \u00e0 travers YouTube et 5,2% sur Twitter, selon Ali Kahlane, vice-pr\u00e9sident du think tank CARE, lors d\u2019une r\u00e9cente intervention.<\/span><\/p>\n<p class=\"p2\"><span class=\"s2\">Les Alg\u00e9riens ne sont pas des consommateurs passifs sur ce support mais interagissent et apportent leur contribution et leur regard sur l\u2019actualit\u00e9. D\u2019apr\u00e8s Arab Izarouken, sociologue et consultant ind\u00e9pendant, \u00ab<em>avec internet, le\u00a0don d\u2019ubiquit\u00e9 est multipli\u00e9\u00bb.<\/em> Ce ph\u00e9nom\u00e8ne s\u2019est accentu\u00e9 gr\u00e2ce aux smartphones. Equip\u00e9s d\u2019appareils photo et de cam\u00e9ras, les Alg\u00e9riens ont de plus en plus la possibilit\u00e9 de prendre des photos pour les poster sur Facebook et m\u00eame de retransmettre\u00a0les manifestations en direct sur les r\u00e9seaux sociaux. C\u2019est dire l\u2019importance des nouveaux m\u00e9dias. Ce sont maintenant des acteurs du changement et non des citoyens qui attendent des mesures d\u2019en haut en toute passivit\u00e9.<\/span><\/p>\n<p class=\"p2\"><span class=\"s2\">Et pour casser la dynamique du hirak,\u00a0des \u00abmouches \u00e9lectroniques\u00bb sont tr\u00e8s actives sur les r\u00e9seaux sociaux. C\u2019est du moins la profonde conviction de Sa\u00efd Salhi, vice-pr\u00e9sident de la Ligue alg\u00e9rienne pour la d\u00e9fense des droits de l\u2019homme<br \/>(LADDH), que nous avons contact\u00e9 hier.<\/span><\/p>\n<p class=\"p2\"><span class=\"s2\">Il confirme que son compte a d\u00e9j\u00e0 \u00e9t\u00e9 bloqu\u00e9. \u00ab<em>Ce sont des attaques cibl\u00e9es contre toute personne qui porte la voix du hirak ou toute autre voix discordante. Apr\u00e8s le verrouillage du champ m\u00e9diatique, on passe maintenant aux r\u00e9seaux sociaux, c\u2019est clair : l\u2019objectif est d\u2019\u00e9touffer les voix qui relaient le mouvement. C\u2019est une pratique syst\u00e9matique et je pense que \u00e7a va s\u2019accentuer au fur et \u00e0 mesure qu\u2019on s\u2019approchera du 12 d\u00e9cembre, date du scrutin pr\u00e9sidentiel.<\/em>\u00bb Selon lui, <em>\u00abils utilisent des signalements car Facebook a des clauses \u00e0 respecter, mais ils signalent pour propos injurieux actionn\u00e9s par ce qu\u2019on appelle les mouches \u00e9lectroniques. Heureusement, qu\u2019il y a de la contre-attaque dans le cadre de la solidarit\u00e9. C\u2019est une guerre \u00e9lectronique de l\u2019information, c\u2019est un enjeu. Les r\u00e9seaux sociaux font partie des m\u00e9dias alternatifs pour contrecarrer le verrouillage m\u00e9diatique classique (radio, t\u00e9l\u00e9vision)<\/em>\u00bb.<\/span><\/p>\n<p class=\"p2\"><span class=\"s2\">Contact\u00e9 par <em>El Watan,<\/em> Younes Grar<em>,<\/em> expert en TIC, donne son \u00e9clairage\u00a0: \u00ab<em>Il faut savoir que Facebook a une \u00e9thique et des r\u00e8gles qu\u2019il respecte. Des infractions comme des attaques aux droits d\u2019auteur ou des commentaires antis\u00e9mites sont signal\u00e9s et il prend ainsi des mesures.<\/em><\/span> <span class=\"s2\"><em>Certains clans du pouvoir consid\u00e8rent que des pages sont contre eux, les attaquent par des messages pour polluer (commentaires d\u00e9sobligeants) et en m\u00eame temps ils les signalent. Des machines de Facebook envoient des messages d\u2019avertissement aux titulaires des comptes. Et si cela persiste, Facebook suspend les pages pour 1 mois ou 3\u00a0jours selon la gravit\u00e9. Il faut ajouter que les Emiratis contr\u00f4lent le MENA (<\/em>Moyen-Orient et Afrique du Nord) <em>de Facebook, ils interviennent parfois personnellement et la maison-m\u00e8re bloque.\u00bb\u00a0<\/em><\/span><\/p>\n<p><span class=\"post-views-label\">Post Views:<\/span> <span class=\"post-views-count\">5\u00a0963<\/span><\/p>\n<p><br class=\"c2\"\/><\/p>\n<p>Auteur: Hicham Chouadria<br \/>\n<a href=\"https:\/\/www.elwatan.com\/a-la-une\/comptes-bloques-ou-signales-facebook-censure-t-il-les-opposants-algeriens-21-11-2019\">Cliquez ici pour lire l&rsquo;article depuis sa source.<\/a><\/p>\n","protected":false},"excerpt":{"rendered":"<p>Depuis quelques mois, des comptes Facebook sont bloqu\u00e9s ou difficilement accessibles, notamment ceux des partisans du hirak et de la coupure avec les symboles de l\u2019ancien syst\u00e8me. Des Alg\u00e9riens ont r\u00e9cemment manifest\u00e9 devant le si\u00e8ge de Facebook \u00e0 travers plusieurs capitales occidentales pour exprimer leur indignation face aux \u00abrestrictions impos\u00e9es \u00e0 l\u2019opposition en Alg\u00e9rie \u00e0 [&hellip;]<\/p>\n","protected":false},"author":1743,"featured_media":68169,"comment_status":"closed","ping_status":"closed","sticky":false,"template":"","format":"standard","meta":{"fifu_image_url":"","fifu_image_alt":"","footnotes":""},"categories":[73,53],"tags":[],"class_list":["post-68168","post","type-post","status-publish","format-standard","has-post-thumbnail","hentry","category-actualite","category-algerie"],"_links":{"self":[{"href":"https:\/\/linitiative.ca\/International\/wp-json\/wp\/v2\/posts\/68168","targetHints":{"allow":["GET"]}}],"collection":[{"href":"https:\/\/linitiative.ca\/International\/wp-json\/wp\/v2\/posts"}],"about":[{"href":"https:\/\/linitiative.ca\/International\/wp-json\/wp\/v2\/types\/post"}],"author":[{"embeddable":true,"href":"https:\/\/linitiative.ca\/International\/wp-json\/wp\/v2\/users\/1743"}],"replies":[{"embeddable":true,"href":"https:\/\/linitiative.ca\/International\/wp-json\/wp\/v2\/comments?post=68168"}],"version-history":[{"count":0,"href":"https:\/\/linitiative.ca\/International\/wp-json\/wp\/v2\/posts\/68168\/revisions"}],"wp:featuredmedia":[{"embeddable":true,"href":"https:\/\/linitiative.ca\/International\/wp-json\/"}],"wp:attachment":[{"href":"https:\/\/linitiative.ca\/International\/wp-json\/wp\/v2\/media?parent=68168"}],"wp:term":[{"taxonomy":"category","embeddable":true,"href":"https:\/\/linitiative.ca\/International\/wp-json\/wp\/v2\/categories?post=68168"},{"taxonomy":"post_tag","embeddable":true,"href":"https:\/\/linitiative.ca\/International\/wp-json\/wp\/v2\/tags?post=68168"}],"curies":[{"name":"wp","href":"https:\/\/api.w.org\/{rel}","templated":true}]}}