{"id":68172,"date":"2019-11-21T10:20:00","date_gmt":"2019-11-21T15:20:00","guid":{"rendered":"https:\/\/linitiative.ca\/International\/yadh-ben-achour-au-college-de-france\/"},"modified":"2019-11-21T10:20:00","modified_gmt":"2019-11-21T15:20:00","slug":"yadh-ben-achour-au-college-de-france","status":"publish","type":"post","link":"https:\/\/linitiative.ca\/International\/yadh-ben-achour-au-college-de-france\/","title":{"rendered":"Yadh Ben Achour au coll\u00e8ge de France"},"content":{"rendered":"<div><img decoding=\"async\" src=\"http:\/\/www.leaders.com.tn\/uploads\/content\/thumbnails_small\/1574346702_article.jpg\" alt=\"Yadh Ben Achour au coll\u00e8ge de France\" align=\"left\">Selon la revue fran\u00e7aise Esprit, \u00abYadh Ben Achour sera en 2020 titulaire de la chaire \u00ab\u2008Mondes francophones\u2008\u00bb au Coll\u00e8ge de France, d\u00e9di\u00e9e \u00e0 la question des r\u00e9volutions\u00bb.<br \/>\nEtre titulaire d&rsquo;une chaire au coll\u00e8ge de France constitue l&rsquo;une des plus hautes distinctions de l&rsquo;enseignement sup\u00e9rieur fran\u00e7ais.<br \/>\nLire aussi<br \/>\nYadh Ben Achour : \u00ab\u2008Le peuple veut\u2008\u00bb. D\u00e9mocratie et r\u00e9volution en pays d\u2019islam<\/p>\n<\/div>\n<p>Auteur:<br \/>\n<a href=\"https:\/\/www.leaders.com.tn\/article\/28472-college-de-france\">Cliquez ici pour lire l&rsquo;article depuis sa source.<\/a><\/p>\n","protected":false},"excerpt":{"rendered":"<p>Selon la revue fran\u00e7aise Esprit, \u00abYadh Ben Achour sera en 2020 titulaire de la chaire \u00ab\u2008Mondes francophones\u2008\u00bb au Coll\u00e8ge de France, d\u00e9di\u00e9e \u00e0 la question des r\u00e9volutions\u00bb. Etre titulaire d&rsquo;une chaire au coll\u00e8ge de France constitue l&rsquo;une des plus hautes distinctions de l&rsquo;enseignement sup\u00e9rieur fran\u00e7ais. Lire aussi Yadh Ben Achour : \u00ab\u2008Le peuple veut\u2008\u00bb. D\u00e9mocratie [&hellip;]<\/p>\n","protected":false},"author":1772,"featured_media":68173,"comment_status":"closed","ping_status":"closed","sticky":false,"template":"","format":"standard","meta":{"fifu_image_url":"","fifu_image_alt":"","footnotes":""},"categories":[73,55],"tags":[],"class_list":["post-68172","post","type-post","status-publish","format-standard","has-post-thumbnail","hentry","category-actualite","category-tunisie"],"_links":{"self":[{"href":"https:\/\/linitiative.ca\/International\/wp-json\/wp\/v2\/posts\/68172","targetHints":{"allow":["GET"]}}],"collection":[{"href":"https:\/\/linitiative.ca\/International\/wp-json\/wp\/v2\/posts"}],"about":[{"href":"https:\/\/linitiative.ca\/International\/wp-json\/wp\/v2\/types\/post"}],"author":[{"embeddable":true,"href":"https:\/\/linitiative.ca\/International\/wp-json\/wp\/v2\/users\/1772"}],"replies":[{"embeddable":true,"href":"https:\/\/linitiative.ca\/International\/wp-json\/wp\/v2\/comments?post=68172"}],"version-history":[{"count":0,"href":"https:\/\/linitiative.ca\/International\/wp-json\/wp\/v2\/posts\/68172\/revisions"}],"wp:featuredmedia":[{"embeddable":true,"href":"https:\/\/linitiative.ca\/International\/wp-json\/"}],"wp:attachment":[{"href":"https:\/\/linitiative.ca\/International\/wp-json\/wp\/v2\/media?parent=68172"}],"wp:term":[{"taxonomy":"category","embeddable":true,"href":"https:\/\/linitiative.ca\/International\/wp-json\/wp\/v2\/categories?post=68172"},{"taxonomy":"post_tag","embeddable":true,"href":"https:\/\/linitiative.ca\/International\/wp-json\/wp\/v2\/tags?post=68172"}],"curies":[{"name":"wp","href":"https:\/\/api.w.org\/{rel}","templated":true}]}}