{"id":68182,"date":"2019-11-21T11:36:35","date_gmt":"2019-11-21T16:36:35","guid":{"rendered":"https:\/\/linitiative.ca\/International\/sante-au-travail-la-cmim-persiste-et-signe\/"},"modified":"2019-11-21T11:36:35","modified_gmt":"2019-11-21T16:36:35","slug":"sante-au-travail-la-cmim-persiste-et-signe","status":"publish","type":"post","link":"https:\/\/linitiative.ca\/International\/sante-au-travail-la-cmim-persiste-et-signe\/","title":{"rendered":"Sant\u00e9 au travail : la CMIM persiste et signe"},"content":{"rendered":"<p><strong>La Caisse Mutualiste invite, \u00e0 l\u2019occasion de son rendez-vous annuel, plusieurs experts de la sant\u00e9 au travail. Objectif\u00a0: sensibiliser les entreprises \u00e0 son importance.<\/strong><\/p>\n<div class=\"c10\"\/>\n<p>La Caisse Mutualiste Interprofessionnelle Marocaine (CMIM) poursuit ses efforts de promotion de la sant\u00e9 au travail. C\u2019est dans cette optique qu\u2019elle organise la 9<sup>\u00e8me<\/sup> \u00e9dition de la <strong>Journ\u00e9e Sant\u00e9 au travail<\/strong> sous le th\u00e8me : \u00ab\u00a0Quelle responsabilit\u00e9 pour les entreprises ?\u00a0\u00bb, le 3 d\u00e9cembre 2019 \u00e0 Casablanca.<\/p>\n<p>\u00ab\u00a0Nous voulons savoir s\u2019il y a du concret derri\u00e8re l\u2019engagement annonc\u00e9 des entreprises pour la protection et l\u2019am\u00e9lioration des conditions de sant\u00e9 et comment les entreprises appr\u00e9hendent cette probl\u00e9matique de la sant\u00e9. C\u2019est pour cela que nous avons fait appel \u00e0 des sp\u00e9cialistes\u00a0\u00bb, explique Abdelaziz Alaoui, pr\u00e9sident du Conseil d\u2019administration de la CMIM. Ces experts animeront plusieurs conf\u00e9rences et tables rondes durant cette 9<sup>\u00e8me<\/sup> \u00e9dition. Ils aborderont ainsi l\u2019\u00e9tat des lieux et enjeux de la gouvernance des risques de sant\u00e9 et de s\u00e9curit\u00e9 au <strong>Maroc<\/strong>, ou encore l\u2019int\u00e9gration de la sant\u00e9 et de la s\u00e9curit\u00e9 dans la gestion du dialogue social et de la conduite du changement.<\/p>\n<p>Lire aussi : <a href=\"https:\/\/www.challenge.ma\/la-cmim-sensibilise-les-entreprises-sur-lintelligence-artificielle-102577\/\" target=\"_blank\" rel=\"noreferrer noopener\" aria-label=\"La CMIM sensibilise les entreprises sur l\u2019Intelligence Artificielle (s\u2019ouvre dans un nouvel onglet)\">La CMIM sensibilise les entreprises sur l\u2019Intelligence Artificielle<\/a><\/p>\n<p>Aux c\u00f4t\u00e9s de Fran\u00e7ois Fatoux, consultant <strong>RSE<\/strong>, Jean-Paul Segade, pr\u00e9sident du Club de R\u00e9flexion sur l\u2019Avenir de la Protection Sociale (CRAPS, France), Jean-Pascal Labille, secr\u00e9taire g\u00e9n\u00e9ral de l\u2019Union Nationale des Mutualit\u00e9s Socialistes (UNMS, Belgique), Dr Imane Kandili, vice-pr\u00e9sidente du Centre africain de Recherche et d\u2019\u00c9tudes en Sant\u00e9 (CARES), entre autres, des organismes et des entreprises vont exposer leurs points de vue durant cette journ\u00e9e. Il s\u2019agit de Taqa Morocco, Vivo Energy Maroc, la CGEM et l\u2019Organisation internationale du Travail (OIT).<\/p>\n<p>\u00ab\u00a0Les ressources humaines constituent aujourd\u2019hui un enjeu fondamental. Les <strong>entreprises<\/strong> sont de plus en plus conscientes de la n\u00e9cessit\u00e9 de s\u2019occuper de la sant\u00e9 et de la s\u00e9curit\u00e9 de leurs salari\u00e9s\u00a0\u00bb, souligne Abdelaziz Alaoui. Cette 9<sup>\u00e8me<\/sup> \u00e9dition s\u2019inscrit donc dans la continuit\u00e9 des \u00e9ditions pr\u00e9c\u00e9dentes. Elle vise ainsi \u00e0 promouvoir la sant\u00e9 en entreprise et de sensibiliser les dirigeants et les diff\u00e9rents responsables d\u2019entit\u00e9s priv\u00e9es et publiques \u00e0 la bonne gouvernance en ce domaine.<\/p>\n<p>Pour rappel, les \u00e9ditions pr\u00e9c\u00e9dentes de la Journ\u00e9e Sant\u00e9 au travail se sont pench\u00e9es sur divers th\u00e8mes comme les \u00ab\u00a0Risques \u00e9mergents et enjeux\u00a0\u00bb, \u00ab\u00a0La pr\u00e9vention en sant\u00e9 au travail\u00a0\u00bb et l\u2019\u00a0\u00ab\u00a0Intelligence artificielle\u00a0: une r\u00e9volution pour la sant\u00e9 au travail\u00a0?\u00a0\u00bb. La <strong>CMIM<\/strong> y a notamment formul\u00e9 plusieurs recommandations comme la cr\u00e9ation d\u2019un observatoire des accidents de travail et la mise en place d\u2019un service interentreprises pour la m\u00e9decine de travail.<\/p>\n<div class=\"c17\">\n<fieldset class=\"c16\">\n<legend><strong><span class=\"c11\">Challenge<\/span><span class=\"c12\">news<\/span><\/strong><\/legend>\n<div class=\"c15\">Le meilleur de Challenge s\u00e9lectionn\u00e9 par la r\u00e9daction :<\/p>\n<\/div>\n<\/fieldset>\n<\/div>\n<p>Auteur: Karim Handaoui<br \/>\n<a href=\"https:\/\/www.challenge.ma\/sante-au-travail-la-cmim-persiste-et-signe-123757\/\">Cliquez ici pour lire l&rsquo;article depuis sa source.<\/a><\/p>\n","protected":false},"excerpt":{"rendered":"<p>La Caisse Mutualiste invite, \u00e0 l\u2019occasion de son rendez-vous annuel, plusieurs experts de la sant\u00e9 au travail. Objectif\u00a0: sensibiliser les entreprises \u00e0 son importance. La Caisse Mutualiste Interprofessionnelle Marocaine (CMIM) poursuit ses efforts de promotion de la sant\u00e9 au travail. C\u2019est dans cette optique qu\u2019elle organise la 9\u00e8me \u00e9dition de la Journ\u00e9e Sant\u00e9 au travail [&hellip;]<\/p>\n","protected":false},"author":1787,"featured_media":0,"comment_status":"closed","ping_status":"closed","sticky":false,"template":"","format":"standard","meta":{"fifu_image_url":"","fifu_image_alt":"","footnotes":""},"categories":[78,54],"tags":[],"class_list":["post-68182","post","type-post","status-publish","format-standard","hentry","category-economie","category-maroc"],"_links":{"self":[{"href":"https:\/\/linitiative.ca\/International\/wp-json\/wp\/v2\/posts\/68182","targetHints":{"allow":["GET"]}}],"collection":[{"href":"https:\/\/linitiative.ca\/International\/wp-json\/wp\/v2\/posts"}],"about":[{"href":"https:\/\/linitiative.ca\/International\/wp-json\/wp\/v2\/types\/post"}],"author":[{"embeddable":true,"href":"https:\/\/linitiative.ca\/International\/wp-json\/wp\/v2\/users\/1787"}],"replies":[{"embeddable":true,"href":"https:\/\/linitiative.ca\/International\/wp-json\/wp\/v2\/comments?post=68182"}],"version-history":[{"count":0,"href":"https:\/\/linitiative.ca\/International\/wp-json\/wp\/v2\/posts\/68182\/revisions"}],"wp:attachment":[{"href":"https:\/\/linitiative.ca\/International\/wp-json\/wp\/v2\/media?parent=68182"}],"wp:term":[{"taxonomy":"category","embeddable":true,"href":"https:\/\/linitiative.ca\/International\/wp-json\/wp\/v2\/categories?post=68182"},{"taxonomy":"post_tag","embeddable":true,"href":"https:\/\/linitiative.ca\/International\/wp-json\/wp\/v2\/tags?post=68182"}],"curies":[{"name":"wp","href":"https:\/\/api.w.org\/{rel}","templated":true}]}}