{"id":68183,"date":"2019-11-21T12:05:36","date_gmt":"2019-11-21T17:05:36","guid":{"rendered":"https:\/\/linitiative.ca\/International\/moulay-hafid-elalamy-lindustrie-automobile-1er-secteur-exportateur-du-maroc\/"},"modified":"2019-11-21T12:05:36","modified_gmt":"2019-11-21T17:05:36","slug":"moulay-hafid-elalamy-lindustrie-automobile-1er-secteur-exportateur-du-maroc","status":"publish","type":"post","link":"https:\/\/linitiative.ca\/International\/moulay-hafid-elalamy-lindustrie-automobile-1er-secteur-exportateur-du-maroc\/","title":{"rendered":"Moulay Hafid Elalamy : L\u2019industrie automobile, 1er secteur exportateur du Maroc"},"content":{"rendered":"<p><strong>Le ministre de l\u2019Industrie, du Commerce et de l\u2019\u00c9conomie Verte et Num\u00e9rique, Moulay Hafid Elalamy, a soulign\u00e9, jeudi \u00e0 Madrid, que sous le leadership de Sa Majest\u00e9 le Roi Mohammed VI, l\u2019industrie automobile est devenue le 1er secteur exportateur du Maroc.<\/strong><\/p>\n<div class=\"c10\"\/>\n<p>S\u2019exprimant lors d\u2019un Congr\u00e8s sous le th\u00e8me \u00ab\u00a0Le Maroc, p\u00f4le de comp\u00e9titivit\u00e9 pour l\u2019industrie automobile\u00a0\u00bb organis\u00e9 par l\u2019Agence marocaine de D\u00e9veloppement des Investissements et des Exportations (AMDIE) et l\u2019Ambassade du Maroc \u00e0 Madrid, en partenariat avec Auto-revista, Elalamy a ajout\u00e9 que le Maroc ne m\u00e9nagera aucun effort pour poursuivre l\u2019acc\u00e9l\u00e9ration industrielle du secteur parce qu\u2019il s\u2019agit, selon le ministre, d\u2019une \u00ab\u00a0ambition nationale\u00a0\u00bb.<\/p>\n<p>\u00ab\u00a0La mont\u00e9e en gamme du secteur autour des \u00e9cosyst\u00e8mes Renault et PSA et de ceux des grands \u00e9quipementiers de rang 1 est op\u00e9r\u00e9e et nous allons plus loin en int\u00e9grant la mobilit\u00e9 \u00e9lectrique et autonome\u00a0\u00bb, a relev\u00e9 le ministre lors de ce congr\u00e8s tenu en pr\u00e9sence des principaux acteurs du secteur automobile en Espagne.<\/p>\n<p>\u00ab\u00a0Nous nous rapprochons aujourd\u2019hui de nos partenaires de la p\u00e9ninsule ib\u00e9rique pour d\u00e9velopper une feuille de route commune pour mobiliser l\u2019investissement pertinent, gagner des march\u00e9s ensemble, et partager la valeur ajout\u00e9e additionnelle g\u00e9n\u00e9r\u00e9e\u00a0\u00bb, a-t-il encha\u00een\u00e9.<\/p>\n<p>Ce congr\u00e8s a \u00e9t\u00e9 l\u2019occasion de mettre en avant les nouvelles ambitions de mont\u00e9e en gamme du Maroc dans le secteur et les multiples opportunit\u00e9s d\u2019investissement que le Royaume pr\u00e9sente aujourd\u2019hui.<\/p>\n<p>L\u2019Espagne est, pour la 6\u00e8me ann\u00e9e cons\u00e9cutive, le 1er partenaire commercial du Maroc, aussi bien en termes d\u2019exportations que d\u2019importations. Les flux commerciaux entre le Maroc et l\u2019Espagne ont d\u00e9pass\u00e9 les 12 MM\u20ac en 2017. Selon les pr\u00e9visions de l\u2019Office des Changes, ils pourraient atteindre 24 MM\u20ac \u00e0 l\u2019horizon 2025. Les investissements directs espagnols au Maroc sont de l\u2019ordre de 2,2 MM de dirhams en moyenne, le Maroc \u00e9tant la 1\u00e8re destination des IDE espagnols en Afrique.<\/p>\n<p>L\u2019Espagne est actuellement le 8\u00e8me producteur de voitures au niveau mondial. Son expertise dans le domaine est reconnue, notamment \u00e0 travers l\u2019activit\u00e9 de constructeurs espagnols de renomm\u00e9e mondiale.<\/p>\n<div class=\"c17\">\n<fieldset class=\"c16\">\n<legend><strong><span class=\"c11\">Challenge<\/span><span class=\"c12\">news<\/span><\/strong><\/legend>\n<div class=\"c15\">Le meilleur de Challenge s\u00e9lectionn\u00e9 par la r\u00e9daction :<\/p>\n<\/div>\n<\/fieldset>\n<\/div>\n<p>Auteur: challenge<br \/>\n<a href=\"https:\/\/www.challenge.ma\/moulay-hafid-elalamy-lindustrie-automobile-1er-secteur-exportateur-du-maroc-123762\/\">Cliquez ici pour lire l&rsquo;article depuis sa source.<\/a><\/p>\n","protected":false},"excerpt":{"rendered":"<p>Le ministre de l\u2019Industrie, du Commerce et de l\u2019\u00c9conomie Verte et Num\u00e9rique, Moulay Hafid Elalamy, a soulign\u00e9, jeudi \u00e0 Madrid, que sous le leadership de Sa Majest\u00e9 le Roi Mohammed VI, l\u2019industrie automobile est devenue le 1er secteur exportateur du Maroc. S\u2019exprimant lors d\u2019un Congr\u00e8s sous le th\u00e8me \u00ab\u00a0Le Maroc, p\u00f4le de comp\u00e9titivit\u00e9 pour l\u2019industrie [&hellip;]<\/p>\n","protected":false},"author":1787,"featured_media":0,"comment_status":"closed","ping_status":"closed","sticky":false,"template":"","format":"standard","meta":{"fifu_image_url":"","fifu_image_alt":"","footnotes":""},"categories":[78,54],"tags":[],"class_list":["post-68183","post","type-post","status-publish","format-standard","hentry","category-economie","category-maroc"],"_links":{"self":[{"href":"https:\/\/linitiative.ca\/International\/wp-json\/wp\/v2\/posts\/68183","targetHints":{"allow":["GET"]}}],"collection":[{"href":"https:\/\/linitiative.ca\/International\/wp-json\/wp\/v2\/posts"}],"about":[{"href":"https:\/\/linitiative.ca\/International\/wp-json\/wp\/v2\/types\/post"}],"author":[{"embeddable":true,"href":"https:\/\/linitiative.ca\/International\/wp-json\/wp\/v2\/users\/1787"}],"replies":[{"embeddable":true,"href":"https:\/\/linitiative.ca\/International\/wp-json\/wp\/v2\/comments?post=68183"}],"version-history":[{"count":0,"href":"https:\/\/linitiative.ca\/International\/wp-json\/wp\/v2\/posts\/68183\/revisions"}],"wp:attachment":[{"href":"https:\/\/linitiative.ca\/International\/wp-json\/wp\/v2\/media?parent=68183"}],"wp:term":[{"taxonomy":"category","embeddable":true,"href":"https:\/\/linitiative.ca\/International\/wp-json\/wp\/v2\/categories?post=68183"},{"taxonomy":"post_tag","embeddable":true,"href":"https:\/\/linitiative.ca\/International\/wp-json\/wp\/v2\/tags?post=68183"}],"curies":[{"name":"wp","href":"https:\/\/api.w.org\/{rel}","templated":true}]}}