{"id":68205,"date":"2019-11-21T10:44:49","date_gmt":"2019-11-21T15:44:49","guid":{"rendered":"https:\/\/linitiative.ca\/International\/la-beac-lance-une-nouvelle-offre-de-liquidites-de-40-milliards-de-fcfa\/"},"modified":"2019-11-21T10:44:49","modified_gmt":"2019-11-21T15:44:49","slug":"la-beac-lance-une-nouvelle-offre-de-liquidites-de-40-milliards-de-fcfa","status":"publish","type":"post","link":"https:\/\/linitiative.ca\/International\/la-beac-lance-une-nouvelle-offre-de-liquidites-de-40-milliards-de-fcfa\/","title":{"rendered":"La BEAC lance une nouvelle offre de liquidit\u00e9s de 40 milliards de FCFA"},"content":{"rendered":"<div class=\"featured-area featured-area-inner\"><img loading=\"lazy\" decoding=\"async\" width=\"700\" height=\"405\" src=\"https:\/\/i2.wp.com\/ecomatin.net\/wp-content\/uploads\/2019\/11\/cameroun_secouee_par_des_al_969200395_pix_1553202810e211330_1.jpg?resize=700%2C405&#038;ssl=1\" class=\"attachment-jannah-image-post size-jannah-image-post wp-post-image\" alt=\"\" data-attachment-id=\"14804\" data-permalink=\"https:\/\/ecomatin.net\/la-beac-lance-une-nouvelle-offre-de-liquidite-de-40-milliards-de-fcfa\/cameroun_secouee_par_des_al_969200395_pix_1553202810e211330_1\/\" data-orig-file=\"https:\/\/i2.wp.com\/ecomatin.net\/wp-content\/uploads\/2019\/11\/cameroun_secouee_par_des_al_969200395_pix_1553202810e211330_1.jpg?fit=700%2C452&#038;ssl=1\" data-orig-size=\"700,452\" data-comments-opened=\"0\" data-image-meta=\"{\"aperture\":\"0\",\"credit\":\"\",\"camera\":\"\",\"caption\":\"\",\"created_timestamp\":\"0\",\"copyright\":\"\",\"focal_length\":\"0\",\"iso\":\"0\",\"shutter_speed\":\"0\",\"title\":\"\",\"orientation\":\"0\"}\" data-image-title=\"cameroun_secouee_par_des_al_969200395_pix_1553202810e211330_1\" data-image-description=\"\" data-medium-file=\"https:\/\/i2.wp.com\/ecomatin.net\/wp-content\/uploads\/2019\/11\/cameroun_secouee_par_des_al_969200395_pix_1553202810e211330_1.jpg?fit=300%2C194&#038;ssl=1\" data-large-file=\"https:\/\/i2.wp.com\/ecomatin.net\/wp-content\/uploads\/2019\/11\/cameroun_secouee_par_des_al_969200395_pix_1553202810e211330_1.jpg?fit=700%2C452&#038;ssl=1\"\/><\/div>\n<div class=\"entry-content entry clearfix\" readability=\"60\">\n<p>La Banque des Etats de l\u2019Afrique centrale (<strong>BEAC<\/strong>), vient de lancer un appel d\u2019offres dans lequel elle propose de fournir des liquidit\u00e9s au march\u00e9 mon\u00e9taire de la communaut\u00e9 \u00e9conomique et mon\u00e9taire d\u2019Afrique centrale (<strong>CEMAC<\/strong>).\u00a0 Ainsi, en l\u2019espace de deux semaines, ce sont <strong>40 milliards de FCFA<\/strong> qui sont de nouveau ouverts aux banques commerciales de cette sous-r\u00e9gion qui compte six pays que son Cameroun, Congo, Centrafrique, Gabon, Guin\u00e9e \u00e9quatoriale et Tchad.<\/p>\n<p>Selon les conditions pr\u00e9sent\u00e9es par la BEAC, cette offre de liquidit\u00e9s court jusqu\u2019au 21 novembre 2019. Le taux d\u2019int\u00e9r\u00eat maximum est de <strong>3,5%<\/strong>. Le nombre d\u2019offres maximum par soumissionnaire est de cinq, et c\u2019est la r\u00e8gle du <strong>\u00ab collat\u00e9ral \u00e9ligible\u00a0\u00bb<\/strong> qui sera appliqu\u00e9e. Il s\u2019agit ici de l\u2019ensemble des actifs, titres ou liquidit\u00e9s, remis en garantie par la contrepartie d\u00e9bitrice \u00e0 la Banque centrale, afin de couvrir le risque de cr\u00e9dit n\u00e9goci\u00e9 entre les parties. En cas de d\u00e9faillance du d\u00e9biteur, la BEAC a le droit de conserver les actifs remis en collat\u00e9ral afin de se d\u00e9dommager d\u2019une \u00e9ventuelle perte financi\u00e8re subie. Les soumissionnaires ont jusqu\u2019\u00e0 mercredi 6 novembre pour souscrire.<\/p>\n<p>Les 40 milliards FCFA mis sur le march\u00e9 devraient davantage int\u00e9resser les \u00e9tablissements de cr\u00e9dit de la sous-r\u00e9gion. Car, depuis 2017, la Banque centrale a mis en place un dispositif d\u2019apport de liquidit\u00e9s en urgence aux banques en difficult\u00e9 de cet espace communautaire.<\/p>\n<div class=\"awac-wrapper awac widget blog_subscription-2\">\n<h4 class=\"widget-title\">Abonnez-vous \u00e0 notre lettre d&rsquo;information<\/h4>\n<\/div>\n<\/div>\n<p>Auteur: EcoMatin<br \/>\n<a href=\"https:\/\/ecomatin.net\/la-beac-lance-une-nouvelle-offre-de-liquidite-de-40-milliards-de-fcfa\/\">Cliquez ici pour lire l&rsquo;article depuis sa source.<\/a><\/p>\n","protected":false},"excerpt":{"rendered":"<p>La Banque des Etats de l\u2019Afrique centrale (BEAC), vient de lancer un appel d\u2019offres dans lequel elle propose de fournir des liquidit\u00e9s au march\u00e9 mon\u00e9taire de la communaut\u00e9 \u00e9conomique et mon\u00e9taire d\u2019Afrique centrale (CEMAC).\u00a0 Ainsi, en l\u2019espace de deux semaines, ce sont 40 milliards de FCFA qui sont de nouveau ouverts aux banques commerciales de [&hellip;]<\/p>\n","protected":false},"author":1969,"featured_media":0,"comment_status":"closed","ping_status":"closed","sticky":false,"template":"","format":"standard","meta":{"fifu_image_url":"","fifu_image_alt":"","footnotes":""},"categories":[82,78],"tags":[],"class_list":["post-68205","post","type-post","status-publish","format-standard","hentry","category-cameroun","category-economie"],"_links":{"self":[{"href":"https:\/\/linitiative.ca\/International\/wp-json\/wp\/v2\/posts\/68205","targetHints":{"allow":["GET"]}}],"collection":[{"href":"https:\/\/linitiative.ca\/International\/wp-json\/wp\/v2\/posts"}],"about":[{"href":"https:\/\/linitiative.ca\/International\/wp-json\/wp\/v2\/types\/post"}],"author":[{"embeddable":true,"href":"https:\/\/linitiative.ca\/International\/wp-json\/wp\/v2\/users\/1969"}],"replies":[{"embeddable":true,"href":"https:\/\/linitiative.ca\/International\/wp-json\/wp\/v2\/comments?post=68205"}],"version-history":[{"count":0,"href":"https:\/\/linitiative.ca\/International\/wp-json\/wp\/v2\/posts\/68205\/revisions"}],"wp:attachment":[{"href":"https:\/\/linitiative.ca\/International\/wp-json\/wp\/v2\/media?parent=68205"}],"wp:term":[{"taxonomy":"category","embeddable":true,"href":"https:\/\/linitiative.ca\/International\/wp-json\/wp\/v2\/categories?post=68205"},{"taxonomy":"post_tag","embeddable":true,"href":"https:\/\/linitiative.ca\/International\/wp-json\/wp\/v2\/tags?post=68205"}],"curies":[{"name":"wp","href":"https:\/\/api.w.org\/{rel}","templated":true}]}}