{"id":68206,"date":"2019-11-21T10:54:09","date_gmt":"2019-11-21T15:54:09","guid":{"rendered":"https:\/\/linitiative.ca\/International\/les-dessous-de-la-passe-darmes-entre-la-crtv-et-luar\/"},"modified":"2019-11-21T10:54:09","modified_gmt":"2019-11-21T15:54:09","slug":"les-dessous-de-la-passe-darmes-entre-la-crtv-et-luar","status":"publish","type":"post","link":"https:\/\/linitiative.ca\/International\/les-dessous-de-la-passe-darmes-entre-la-crtv-et-luar\/","title":{"rendered":"Les dessous de la passe d\u2019armes entre la CRTV et l\u2019UAR"},"content":{"rendered":"<p>Apr\u00e8s la rencontre <strong>Rwanda-Cameroun (0-1)<\/strong> dans le cadre des \u00e9liminatoires de la Coupe d\u2019Afrique des Nations de football de 2021, un autre match s\u2019est ouvert depuis deux semaines. Il se d\u00e9roule sur le terrain de l\u2019audiovisuel entre la Cameroon radio and television (<strong>CRTV<\/strong>) et l\u2019Union africaine de radiodiffusion (<strong>UAR<\/strong>). Les deux institutions se rejettent en effet la responsabilit\u00e9 au sujet de la non-retransmission du match susmentionn\u00e9 sur les antennes de la chaine de t\u00e9l\u00e9vision nationale camerounaise.<\/p>\n<p>Dimanche 17 novembre 2019, le match Rwanda-Cameroun comptant pour la deuxi\u00e8me journ\u00e9e des \u00e9liminatoires de la CAN 2021 n\u2019a pu \u00eatre retransmis par la CRTV. Le lendemain, l\u2019entreprise \u00e0 capitaux publics a pondu un communiqu\u00e9 pour indiquer que la non retransmission du match \u00e9tait due \u00e0 <em>\u00ab\u00a0un refus des responsables de l\u2019UAR et de la CAF<\/em> [Conf\u00e9d\u00e9ration africaine de football, NDLR] <em>de fournir les param\u00e8tres satellitaires n\u00e9cessaires \u00e0 cette diffusion\u00a0\u00bb.<\/em> L\u2019entreprise dirig\u00e9e par <strong>Charles Ndongo<\/strong> d\u00e9non\u00e7ait alors cette d\u00e9cision et soutenait qu\u2019elle intervenait alors que le Cameroun avait pay\u00e9 <strong>1,96 milliard de FCFA<\/strong> pour les droits de retransmission des matchs des comp\u00e9titions de la CAF.<\/p>\n<p>Toutes choses que l\u2019UAR r\u00e9fute en bloc. <em>\u00ab\u00a0La CRTV n\u2019a jamais acquis les droits de retransmission des qualifications de la CAN 2021, dont Rwanda-Cameroun\u00a0\u00bb<\/em>, fait savoir l\u2019institution panafricaine dirig\u00e9e par\u00a0 <strong>Gr\u00e9goire Ndjaka<\/strong>. L\u2019offre envoy\u00e9e le 10 octobre 2019 n\u2019a toujours pas re\u00e7u de r\u00e9ponse de la CRTV, indique-t-elle au passage. L\u2019UAR avance \u00e9galement que le Cameroun n\u2019a jamais pay\u00e9 1,96 milliard de FCFA, mais s\u2019est plut\u00f4t acquitt\u00e9e des <strong>1,5 millions d\u2019euros<\/strong> (environ 975 millions de FCFA) pour les droits de la CAN 2019 et autres comp\u00e9titions de la CAF, exclusion faite des qualifications de la CAN 2021.<\/p>\n<p>Selon l\u2019Union africaine de radiodiffusion, la CRTV serait d\u2019ailleurs redevable d\u2019importantes sommes d\u2019argent en ce qui concerne les droits de retransmission des rencontres des comp\u00e9titions organis\u00e9es sous l\u2019\u00e9gide des instances africaine et mondiale de\u00a0 football. Elle fait savoir que la CRTV <em>\u00ab\u00a0refuse, depuis 4 ans, d\u2019honorer ses engagements \u00e0 hauteur de <strong>160 000 dollars au titre des Other events de la FIFA<\/strong> et de <strong>186 026 euros au titre des qualifications de la CAN 2019<\/strong> et autres services\u00a0\u00bb<\/em>.<\/p>\n<p>La r\u00e9ponse de l\u2019UAR a inspir\u00e9 une autre de l\u2019entreprise camerounaise \u00e0 capitaux publics, le 20 novembre. La CRTV maintient en effet que le gouvernement camerounais s\u2019est acquitt\u00e9 du paiement des droits de retransmission des comp\u00e9titions de la CAF. <em>\u00ab\u00a0L\u2019UAR a propos\u00e9 \u00e0 la CRTV un package (Afcon, Qualifiers and other CAF events) pour un montant global de 1 960 000 euros. Apr\u00e8s n\u00e9gociations, le montant de ce package a \u00e9t\u00e9 ramen\u00e9, d\u2019accord parties, \u00e0 la somme de 1 500 000 euros et celle-ci a \u00e9t\u00e9 enti\u00e8rement lib\u00e9r\u00e9e par le gouvernement du Cameroun\u00a0\u00bb<\/em>, \u00e9crit en effet Valery Dikos Oumarou, chef de Division de la communication et de la coop\u00e9ration \u00e0 la CRTV. L\u2019Union africaine de radiodiffusion devrait de nouveau r\u00e9agir \u00e0 cette d\u00e9claration\u2026<\/p>\n<div class=\"awac-wrapper awac widget blog_subscription-2\">\n<h4 class=\"widget-title\">Abonnez-vous \u00e0 notre lettre d&rsquo;information<\/h4>\n<\/div>\n<p>Auteur: EcoMatin<br \/>\n<a href=\"https:\/\/ecomatin.net\/les-dessous-de-la-passe-darmes-entre-la-crtv-et-luar\/\">Cliquez ici pour lire l&rsquo;article depuis sa source.<\/a><\/p>\n","protected":false},"excerpt":{"rendered":"<p>Apr\u00e8s la rencontre Rwanda-Cameroun (0-1) dans le cadre des \u00e9liminatoires de la Coupe d\u2019Afrique des Nations de football de 2021, un autre match s\u2019est ouvert depuis deux semaines. Il se d\u00e9roule sur le terrain de l\u2019audiovisuel entre la Cameroon radio and television (CRTV) et l\u2019Union africaine de radiodiffusion (UAR). Les deux institutions se rejettent en [&hellip;]<\/p>\n","protected":false},"author":1969,"featured_media":0,"comment_status":"closed","ping_status":"closed","sticky":false,"template":"","format":"standard","meta":{"fifu_image_url":"","fifu_image_alt":"","footnotes":""},"categories":[82,78],"tags":[],"class_list":["post-68206","post","type-post","status-publish","format-standard","hentry","category-cameroun","category-economie"],"_links":{"self":[{"href":"https:\/\/linitiative.ca\/International\/wp-json\/wp\/v2\/posts\/68206","targetHints":{"allow":["GET"]}}],"collection":[{"href":"https:\/\/linitiative.ca\/International\/wp-json\/wp\/v2\/posts"}],"about":[{"href":"https:\/\/linitiative.ca\/International\/wp-json\/wp\/v2\/types\/post"}],"author":[{"embeddable":true,"href":"https:\/\/linitiative.ca\/International\/wp-json\/wp\/v2\/users\/1969"}],"replies":[{"embeddable":true,"href":"https:\/\/linitiative.ca\/International\/wp-json\/wp\/v2\/comments?post=68206"}],"version-history":[{"count":0,"href":"https:\/\/linitiative.ca\/International\/wp-json\/wp\/v2\/posts\/68206\/revisions"}],"wp:attachment":[{"href":"https:\/\/linitiative.ca\/International\/wp-json\/wp\/v2\/media?parent=68206"}],"wp:term":[{"taxonomy":"category","embeddable":true,"href":"https:\/\/linitiative.ca\/International\/wp-json\/wp\/v2\/categories?post=68206"},{"taxonomy":"post_tag","embeddable":true,"href":"https:\/\/linitiative.ca\/International\/wp-json\/wp\/v2\/tags?post=68206"}],"curies":[{"name":"wp","href":"https:\/\/api.w.org\/{rel}","templated":true}]}}