{"id":68207,"date":"2019-11-21T11:20:40","date_gmt":"2019-11-21T16:20:40","guid":{"rendered":"https:\/\/linitiative.ca\/International\/la-competitivite-prix-des-economies-de-la-cemac-sameliore-au-3e-trimestre-2019\/"},"modified":"2019-11-21T11:20:40","modified_gmt":"2019-11-21T16:20:40","slug":"la-competitivite-prix-des-economies-de-la-cemac-sameliore-au-3e-trimestre-2019","status":"publish","type":"post","link":"https:\/\/linitiative.ca\/International\/la-competitivite-prix-des-economies-de-la-cemac-sameliore-au-3e-trimestre-2019\/","title":{"rendered":"La comp\u00e9titivit\u00e9 prix des \u00e9conomies de la CEMAC s\u2019am\u00e9liore au 3e trimestre 2019"},"content":{"rendered":"<p>La comp\u00e9titivit\u00e9 prix des \u00e9conomies de la Communaut\u00e9 \u00e9conomique et mon\u00e9taire d\u2019Afrique Centrale (<strong>CEMAC<\/strong>), que l\u2019on appr\u00e9cie \u00e0 partir du taux de change effectif r\u00e9el (<strong>TCER<\/strong>), s\u2019est am\u00e9lior\u00e9e au cours du troisi\u00e8me trimestre de 2019, comparativement au second trimestre. C\u2019est la Banque des Etats de l\u2019Afrique centrale (<strong>BEAC<\/strong>) qui l\u2019indique dans une note d\u2019analyse rendue publique le 13 novembre. Au total, souligne la banque centrale de la sous-r\u00e9gion, le TCER global s\u2019est contract\u00e9 de 0,5% au troisi\u00e8me trimestre, contre une baisse de 0,02% le trimestre pr\u00e9c\u00e9dent.<\/p>\n<p>Selon la BEAC, le gain de positions concurrentielles sur les march\u00e9s internationaux des \u00e9conomies de la CEMAC par rapport au 2<sup>e<\/sup> trimestre 2019 sont \u00e0 mettre en relation avec l\u2019am\u00e9lioration de la comp\u00e9titivit\u00e9 sur le front des importations (<strong>1,2%<\/strong>), tandis que sur le front des exportations, l\u2019on a enregistr\u00e9 une d\u00e9t\u00e9rioration de celle-ci d\u2019environ <strong>1,5 %<\/strong>. Le TCER demeure inf\u00e9rieur au TCEN sur la p\u00e9riode sous revue, r\u00e9sultant d\u2019une inflation faible dans la CEMAC, par rapport \u00e0 celle de ses principaux partenaires et fournisseurs.<\/p>\n<p>En outre, l\u2019examen de l\u2019indice TCER entre le 2<sup>e<\/sup> et le 3<sup>e<\/sup> trimestre 2019 permet de noter une <strong>d\u00e9pr\u00e9ciation en terme r\u00e9el du franc CFA<\/strong> sur la p\u00e9riode par rapport aux principales devises, \u00e0 l\u2019exception du Yuan et de la Livre sterling. Ainsi, au cours de la p\u00e9riode sous revue, le franc CFA s\u2019est d\u00e9pr\u00e9ci\u00e9 en terme r\u00e9el vis-\u00e0-vis du dollar (-1,6 %) et de l\u2019euro (-0,1 %), tandis qu\u2019il s\u2019est appr\u00e9ci\u00e9 de 2,4 % et 0,4 % respectivement par rapport \u00e0 la Livre sterling et au Yuan.<\/p>\n<p>Sur le plan des exportations, l\u2019\u00e9volution du TCER entre le 2<sup>e<\/sup> et le 3<sup>e<\/sup> trimestre 2019, montre une appr\u00e9ciation de l\u2019ordre de 1,5 %. Cette inversion de la tendance, compar\u00e9e \u00e0 la p\u00e9riode pr\u00e9c\u00e9dente, est due \u00e0 une l\u00e9g\u00e8re appr\u00e9ciation des taux de change bilat\u00e9raux avec la plupart des concurrents, dont les effets ont \u00e9t\u00e9 att\u00e9nu\u00e9s par le diff\u00e9rentiel d\u2019inflation favorable de la CEMAC.<\/p>\n<p>Le TCER des importations s\u2019est quant \u00e0 lui inscrit en baisse de 0,9 % au 3<sup>e<\/sup> trimestre 2019, compte tenu du diff\u00e9rentiel d\u2019inflation favorable de la CEMAC, en d\u00e9pit de l\u2019appr\u00e9ciation du franc CFA par rapport aux monnaies des principaux fournisseurs. <em>\u00ab\u00a0Cette situation traduit un gain de positions concurrentielles des \u00e9conomies de la CEMAC par rapport aux partenaires\u00a0\u00bb,<\/em> conclut la BEAC.<\/p>\n<div class=\"awac-wrapper awac widget blog_subscription-2\">\n<h4 class=\"widget-title\">Abonnez-vous \u00e0 notre lettre d&rsquo;information<\/h4>\n<\/div>\n<p>Auteur: EcoMatin<br \/>\n<a href=\"https:\/\/ecomatin.net\/la-competitivite-prix-des-economies-de-la-cemac-sameliore-au-3e-trimestre-2019\/\">Cliquez ici pour lire l&rsquo;article depuis sa source.<\/a><\/p>\n","protected":false},"excerpt":{"rendered":"<p>La comp\u00e9titivit\u00e9 prix des \u00e9conomies de la Communaut\u00e9 \u00e9conomique et mon\u00e9taire d\u2019Afrique Centrale (CEMAC), que l\u2019on appr\u00e9cie \u00e0 partir du taux de change effectif r\u00e9el (TCER), s\u2019est am\u00e9lior\u00e9e au cours du troisi\u00e8me trimestre de 2019, comparativement au second trimestre. C\u2019est la Banque des Etats de l\u2019Afrique centrale (BEAC) qui l\u2019indique dans une note d\u2019analyse rendue [&hellip;]<\/p>\n","protected":false},"author":1969,"featured_media":0,"comment_status":"closed","ping_status":"closed","sticky":false,"template":"","format":"standard","meta":{"fifu_image_url":"","fifu_image_alt":"","footnotes":""},"categories":[82,78],"tags":[],"class_list":["post-68207","post","type-post","status-publish","format-standard","hentry","category-cameroun","category-economie"],"_links":{"self":[{"href":"https:\/\/linitiative.ca\/International\/wp-json\/wp\/v2\/posts\/68207","targetHints":{"allow":["GET"]}}],"collection":[{"href":"https:\/\/linitiative.ca\/International\/wp-json\/wp\/v2\/posts"}],"about":[{"href":"https:\/\/linitiative.ca\/International\/wp-json\/wp\/v2\/types\/post"}],"author":[{"embeddable":true,"href":"https:\/\/linitiative.ca\/International\/wp-json\/wp\/v2\/users\/1969"}],"replies":[{"embeddable":true,"href":"https:\/\/linitiative.ca\/International\/wp-json\/wp\/v2\/comments?post=68207"}],"version-history":[{"count":0,"href":"https:\/\/linitiative.ca\/International\/wp-json\/wp\/v2\/posts\/68207\/revisions"}],"wp:attachment":[{"href":"https:\/\/linitiative.ca\/International\/wp-json\/wp\/v2\/media?parent=68207"}],"wp:term":[{"taxonomy":"category","embeddable":true,"href":"https:\/\/linitiative.ca\/International\/wp-json\/wp\/v2\/categories?post=68207"},{"taxonomy":"post_tag","embeddable":true,"href":"https:\/\/linitiative.ca\/International\/wp-json\/wp\/v2\/tags?post=68207"}],"curies":[{"name":"wp","href":"https:\/\/api.w.org\/{rel}","templated":true}]}}