{"id":68210,"date":"2019-11-22T08:54:23","date_gmt":"2019-11-22T13:54:23","guid":{"rendered":"https:\/\/linitiative.ca\/International\/marrakech-arrestation-des-deux-freres-qui-ont-ampute-la-main-dun-jeune-homme\/"},"modified":"2019-11-22T08:54:23","modified_gmt":"2019-11-22T13:54:23","slug":"marrakech-arrestation-des-deux-freres-qui-ont-ampute-la-main-dun-jeune-homme","status":"publish","type":"post","link":"https:\/\/linitiative.ca\/International\/marrakech-arrestation-des-deux-freres-qui-ont-ampute-la-main-dun-jeune-homme\/","title":{"rendered":"Marrakech : Arrestation des deux fr\u00e8res qui ont amput\u00e9 la main d\u2019un jeune homme"},"content":{"rendered":"<header>\n<\/header>\n<div class=\"entry-content clearfix\" readability=\"51\"><img decoding=\"async\" class=\"post_layout_5_img\" src=\"http:\/\/aujourdhui.ma\/wp-content\/uploads\/2017\/02\/Arrestation-Malfrat-Crime.jpg?x29840\" alt=\"Marrakech : Arrestation des deux fr\u00e8res qui ont amput\u00e9 la main d\u2019un jeune homme\"\/><\/p>\n<p class=\"p1\"><span class=\"c4\"><strong>Les deux fr\u00e8res qui ont amput\u00e9 la main d\u2019un jeune homme dans la r\u00e9gion d\u2019Anza relevant de la pr\u00e9fecture d\u2019Agadir ont \u00e9t\u00e9 arr\u00eat\u00e9s, samedi dernier \u00e0 Marrakech.<\/strong><\/span> <span id=\"more-324164\"\/><\/p>\n<p class=\"p1\">L\u2019affaire remonte \u00e0 quelques jours quand une bagarre a eu lieu<span class=\"Apple-converted-space\">\u00a0<\/span> dans la r\u00e9gion d\u2019Anza entre les deux fr\u00e8res et un jeune homme et qui a fini par l\u2019amputation, par une arme blanche, de la main de ce dernier. Apr\u00e8s quoi, les deux fr\u00e8res ont pris la poudre d\u2019escampette. Une note de recherche a \u00e9t\u00e9 diffus\u00e9e par les services de la police de la ville.<\/p>\n<p class=\"p1\">Quelques jours plus tard, les deux fr\u00e8res ont \u00e9t\u00e9 rep\u00e9r\u00e9s dans une r\u00e9gion relevant de la pr\u00e9fecture de Marrakech.<\/p>\n<p class=\"p1\">En coordination avec les gendarmes de la r\u00e9gion, les deux fr\u00e8res ont \u00e9t\u00e9 arr\u00eat\u00e9s et conduits \u00e0 destination de la ville d\u2019Agadir pour \u00eatre soumis aux interrogatoires avant d\u2019\u00eatre traduits devant la Cour d\u2019appel de la ville.<span class=\"Apple-converted-space\">\u00a0 \u00a0 \u00a0 \u00a0<\/span><\/p>\n<\/div>\n<p>Auteur: Abderrafii ALOUMLIKI<br \/>\n<a href=\"http:\/\/aujourdhui.ma\/faits-divers\/marrakech-arrestation-des-deux-freres-qui-ont-ampute-la-main-dun-jeune-homme\">Cliquez ici pour lire l&rsquo;article depuis sa source.<\/a><\/p>\n","protected":false},"excerpt":{"rendered":"<p>Les deux fr\u00e8res qui ont amput\u00e9 la main d\u2019un jeune homme dans la r\u00e9gion d\u2019Anza relevant de la pr\u00e9fecture d\u2019Agadir ont \u00e9t\u00e9 arr\u00eat\u00e9s, samedi dernier \u00e0 Marrakech. L\u2019affaire remonte \u00e0 quelques jours quand une bagarre a eu lieu\u00a0 dans la r\u00e9gion d\u2019Anza entre les deux fr\u00e8res et un jeune homme et qui a fini par [&hellip;]<\/p>\n","protected":false},"author":1759,"featured_media":0,"comment_status":"closed","ping_status":"closed","sticky":false,"template":"","format":"standard","meta":{"fifu_image_url":"","fifu_image_alt":"","footnotes":""},"categories":[73,54],"tags":[],"class_list":["post-68210","post","type-post","status-publish","format-standard","hentry","category-actualite","category-maroc"],"_links":{"self":[{"href":"https:\/\/linitiative.ca\/International\/wp-json\/wp\/v2\/posts\/68210","targetHints":{"allow":["GET"]}}],"collection":[{"href":"https:\/\/linitiative.ca\/International\/wp-json\/wp\/v2\/posts"}],"about":[{"href":"https:\/\/linitiative.ca\/International\/wp-json\/wp\/v2\/types\/post"}],"author":[{"embeddable":true,"href":"https:\/\/linitiative.ca\/International\/wp-json\/wp\/v2\/users\/1759"}],"replies":[{"embeddable":true,"href":"https:\/\/linitiative.ca\/International\/wp-json\/wp\/v2\/comments?post=68210"}],"version-history":[{"count":0,"href":"https:\/\/linitiative.ca\/International\/wp-json\/wp\/v2\/posts\/68210\/revisions"}],"wp:attachment":[{"href":"https:\/\/linitiative.ca\/International\/wp-json\/wp\/v2\/media?parent=68210"}],"wp:term":[{"taxonomy":"category","embeddable":true,"href":"https:\/\/linitiative.ca\/International\/wp-json\/wp\/v2\/categories?post=68210"},{"taxonomy":"post_tag","embeddable":true,"href":"https:\/\/linitiative.ca\/International\/wp-json\/wp\/v2\/tags?post=68210"}],"curies":[{"name":"wp","href":"https:\/\/api.w.org\/{rel}","templated":true}]}}