{"id":68211,"date":"2019-11-22T09:15:17","date_gmt":"2019-11-22T14:15:17","guid":{"rendered":"https:\/\/linitiative.ca\/International\/province-de-figuig-une-panoplie-de-mesures-proactives-pour-attenuer-les-effets-de-la-vague-de-froid\/"},"modified":"2019-11-22T09:15:17","modified_gmt":"2019-11-22T14:15:17","slug":"province-de-figuig-une-panoplie-de-mesures-proactives-pour-attenuer-les-effets-de-la-vague-de-froid","status":"publish","type":"post","link":"https:\/\/linitiative.ca\/International\/province-de-figuig-une-panoplie-de-mesures-proactives-pour-attenuer-les-effets-de-la-vague-de-froid\/","title":{"rendered":"Province de Figuig : Une panoplie de mesures proactives  pour att\u00e9nuer les effets de la vague de froid"},"content":{"rendered":"<p><img decoding=\"async\" class=\"post_layout_5_img\" src=\"http:\/\/aujourdhui.ma\/wp-content\/uploads\/2017\/11\/Figuig-agriculture.jpg?x29840\" alt=\"Province de Figuig : Une panoplie de mesures proactives pour att\u00e9nuer les effets de la vague de froid\"\/><\/p>\n<p class=\"p1\"><span class=\"c4\"><strong><span class=\"s1\">Le gouverneur de la province de Figuig, Mohamed Darham, a pr\u00e9sid\u00e9, mercredi \u00e0 Bouarfa, une r\u00e9union portant sur les pr\u00e9paratifs et mesures prises pour faire face aux effets de la vague de froid et aux dangers que pourraient engendrer les perturbations m\u00e9t\u00e9orologiques.<\/span><\/strong><\/span><\/p>\n<p class=\"p1\"><span class=\"s1\">La r\u00e9union qui s\u2019est d\u00e9roul\u00e9e en pr\u00e9sence de l\u2019ensemble des autorit\u00e9s et des administrations concern\u00e9es, ainsi que des pr\u00e9sidents de communes, a \u00e9t\u00e9 marqu\u00e9e par une pr\u00e9sentation d\u00e9taill\u00e9e du Plan op\u00e9rationnel pour l\u2019att\u00e9nuation des effets de la vague de froid au niveau de la province de Figuig durant la p\u00e9riode hivernale.<br \/>Selon l\u2019expos\u00e9 fait dans ce sens, ledit plan s\u2019articule autour de quatre grands axes, \u00e0 savoir l\u2019identification des zones \u00e0 risque de la vague de froid, les instances de gouvernance, l\u2019\u00e9tat des moyens mat\u00e9riels et humains mobilis\u00e9s et les actions programm\u00e9es.<\/span><span id=\"more-324312\"\/><\/p>\n<p class=\"p1\"><span class=\"s1\">Il ressort des donn\u00e9es techniques sur les zones concern\u00e9es et de l\u2019\u00e9valuation des enjeux humains et de l\u2019historique des dommages enregistr\u00e9s durant les ann\u00e9es \u00e9coul\u00e9es qu\u2019au niveau de la province, sept douars, situ\u00e9s en zones montagneuses \u00e0 des altitudes sup\u00e9rieures \u00e0 1.500 m<sup>2<\/sup>, ont \u00e9t\u00e9 identifi\u00e9s \u00e0 risque de froid. Il s\u2019agit des douars El Bour, Ait Bker, Tlatimen, Belboul, Ouaouzert, Missent et Ghmat qui comptent un total de 608 m\u00e9nages, soit une population de 3.250 personnes, dont 1.439 enfants, 1.133 adultes, 686 personnes \u00e2g\u00e9es, en plus de 7 femmes enceintes. Quant aux instances de gouvernance, l\u2019accent a \u00e9t\u00e9 mis sur le cadre juridique et sur la composition et les missions du Comit\u00e9 provincial de vigilance, les missions et la composition du poste de commandement op\u00e9rationnel (PCO), plac\u00e9 sous la pr\u00e9sidence du gouverneur, et du poste de commandement fixe (PCF) qui est pr\u00e9sid\u00e9 par le secr\u00e9taire g\u00e9n\u00e9ral de la province, ainsi que sur les comit\u00e9s locaux de vigilance qui ont pour responsabilit\u00e9s \u00abla veille\u00bb et \u00abl\u2019alerte\u00bb. S\u2019agissant des moyens humains et mat\u00e9riels, l\u2019expos\u00e9 a mis le point sur la mobilisation de 69 engins (13 du priv\u00e9), \u00e0 savoir, entres autres, des camions \u00e9traves, des compacteurs, des niveleuses, des poclains, des tractopelles, des ambulances (8), des camions-citernes d\u2019incendies (11), une embarcation pneumatique, un v\u00e9hicule de premiers secours, des groupes \u00e9lectrog\u00e8nes, et des motopompes.<\/span><\/p>\n<p>Auteur: ALM<br \/>\n<a href=\"http:\/\/aujourdhui.ma\/societe\/province-de-figuig-une-panoplie-de-mesures-proactives-pour-attenuer-les-effets-de-la-vague-de-froid\">Cliquez ici pour lire l&rsquo;article depuis sa source.<\/a><\/p>\n","protected":false},"excerpt":{"rendered":"<p>Le gouverneur de la province de Figuig, Mohamed Darham, a pr\u00e9sid\u00e9, mercredi \u00e0 Bouarfa, une r\u00e9union portant sur les pr\u00e9paratifs et mesures prises pour faire face aux effets de la vague de froid et aux dangers que pourraient engendrer les perturbations m\u00e9t\u00e9orologiques. La r\u00e9union qui s\u2019est d\u00e9roul\u00e9e en pr\u00e9sence de l\u2019ensemble des autorit\u00e9s et des [&hellip;]<\/p>\n","protected":false},"author":1759,"featured_media":0,"comment_status":"closed","ping_status":"closed","sticky":false,"template":"","format":"standard","meta":{"fifu_image_url":"","fifu_image_alt":"","footnotes":""},"categories":[73,54],"tags":[],"class_list":["post-68211","post","type-post","status-publish","format-standard","hentry","category-actualite","category-maroc"],"_links":{"self":[{"href":"https:\/\/linitiative.ca\/International\/wp-json\/wp\/v2\/posts\/68211","targetHints":{"allow":["GET"]}}],"collection":[{"href":"https:\/\/linitiative.ca\/International\/wp-json\/wp\/v2\/posts"}],"about":[{"href":"https:\/\/linitiative.ca\/International\/wp-json\/wp\/v2\/types\/post"}],"author":[{"embeddable":true,"href":"https:\/\/linitiative.ca\/International\/wp-json\/wp\/v2\/users\/1759"}],"replies":[{"embeddable":true,"href":"https:\/\/linitiative.ca\/International\/wp-json\/wp\/v2\/comments?post=68211"}],"version-history":[{"count":0,"href":"https:\/\/linitiative.ca\/International\/wp-json\/wp\/v2\/posts\/68211\/revisions"}],"wp:attachment":[{"href":"https:\/\/linitiative.ca\/International\/wp-json\/wp\/v2\/media?parent=68211"}],"wp:term":[{"taxonomy":"category","embeddable":true,"href":"https:\/\/linitiative.ca\/International\/wp-json\/wp\/v2\/categories?post=68211"},{"taxonomy":"post_tag","embeddable":true,"href":"https:\/\/linitiative.ca\/International\/wp-json\/wp\/v2\/tags?post=68211"}],"curies":[{"name":"wp","href":"https:\/\/api.w.org\/{rel}","templated":true}]}}