{"id":68215,"date":"2019-11-22T05:21:10","date_gmt":"2019-11-22T10:21:10","guid":{"rendered":"https:\/\/linitiative.ca\/International\/des-passes-darmes-mediatiques-qui-laissent-a-desirer\/"},"modified":"2019-11-22T05:21:10","modified_gmt":"2019-11-22T10:21:10","slug":"des-passes-darmes-mediatiques-qui-laissent-a-desirer","status":"publish","type":"post","link":"https:\/\/linitiative.ca\/International\/des-passes-darmes-mediatiques-qui-laissent-a-desirer\/","title":{"rendered":"Des passes d\u2019armes m\u00e9diatiques qui laissent \u00e0 d\u00e9sirer"},"content":{"rendered":"<p class=\"has-text-color has-vivid-cyan-blue-color\"><strong>La majorit\u00e9 gouvernementale est constamment tiraill\u00e9e par les passes d\u2019armes m\u00e9diatiques entre ses deux principales composantes, le parti de justice et de d\u00e9veloppement (PJD) et le Rassemblement national des ind\u00e9pendants (RNI).<\/strong><\/p>\n<p>Ces tr\u00e9buchements, souvent hasardeux, qui renvoient une triste image de la structure politique, provoquent des crises internes et rel\u00e8guent, du coup, au second plan la principale mission de cette coalition h\u00e9t\u00e9roclite \u00e0 savoir la mise en place des strat\u00e9gies efficientes afin de r\u00e9pondre aux attentes des citoyennes et des citoyens. Cet \u00e9tat de fait donne l\u2019effet de l\u2019huile sur le feu en intervenant dans un contexte tendu et hautement ponctu\u00e9 par des tensions sociales qui ne cessent de croitre, des revendications syndicales \u00e0 tous les \u00e9tages, de la pr\u00e9carit\u00e9 qui prend de l\u2019ampleur dans le monde de l\u2019emploi, du malaise social qui s\u2019accentue au fil des jours.<\/p>\n<p>C\u2019est dans ce contexte que chacun de ces deux acteurs de la majorit\u00e9 gouvernementale r\u00e9unit son instance ex\u00e9cutive pour alimenter la pol\u00e9mique et \u00abr\u00e9pondre\u00bb aux propos et accusations de l\u2019autre. Le triste constat est le m\u00eame quand il s\u2019agit de meetings organis\u00e9s par l\u2019une de ces deux composantes \u00e0 l\u2019\u00e9tranger ou \u00e0 l\u2019int\u00e9rieur du pays. C\u2019est ainsi que le pr\u00e9sident du Rassemblement national des ind\u00e9pendants, Aziz Akhannouch, qui \u00e9tait sans appartenance politique (SAP) dans le pr\u00e9c\u00e9dent gouvernement, dirig\u00e9 par Abdelilah Bnkirane, a tenu \u00e0 r\u00e9pondre derni\u00e8rement \u00e0 partir de l\u2019Allemagne \u00e0 son principal Alli\u00e9, Sa\u00e2d-Eddine El Othmani, secr\u00e9taire g\u00e9n\u00e9ral du parti de justice et de d\u00e9veloppement (PJD) qui l\u2019avait accus\u00e9 de n\u2019avoir pas tenu ses promesses d\u2019int\u00e9grer des jeunes au gouvernement lors du dernier remaniement minist\u00e9riel intervenu \u00e0 la veille de la rentr\u00e9e parlementaire.<\/p>\n<p>En juillet 2019, quand des d\u00e9put\u00e9s de la Lampe avaient interpell\u00e9 l\u2019ancien ministre de la jeunesse et des sports, Rachid Talbi Alami sur le parcours de l\u2019\u00e9quipe nationale \u00e0 la derni\u00e8re CAN (coupe d\u2019Afrique des nations) en Egypte, sa r\u00e9action \u00e9tait \u00e9galement cadr\u00e9e par la pol\u00e9mique en poussant le bouchon encore plus loin. En fait, il a saisi l\u2019occasion d\u2019une rencontre de la Colombe avec des jeunes de la r\u00e9gion de Boulemane pour s\u2019interroger sur le financement ext\u00e9rieur du parti de justice et de d\u00e9veloppement et de pointer du doigt l\u2019\u00e9lectoralisme de la Lampe \u00e0 travers la distribution du panier du Ramadan. Ces sorties avaient fait les choux gras des m\u00e9dias, suscitant des pol\u00e9miques, allant jusqu\u2019\u00e0 parler m\u00eame de situation de non-retour entre les deux principaux alli\u00e9s de la majorit\u00e9 gouvernementale.<\/p>\n<p>Mais, \u00e9tonnamment les leaders des deux partis et leurs ministres se sont retrouv\u00e9s au suivant conseil du gouvernement les uns en face des autres, concertant et validant sans bruit les points inscrits \u00e0 l\u2019ordre du jour. En fait, les deux partis mettent \u00e0 profit leurs rencontres partisanes pour se tirer dessus les uns et les autres dans le cadre d\u2019une campagne \u00e9lectorale pr\u00e9matur\u00e9e. En agissant de la sorte, les deux partis politiques contribuent \u00e0 la d\u00e9saffection des jeunes et des moins jeunes de la politique et renvoient une triste image de la chose politique, de l\u2019engagement politique et des institutions du pays.<\/p>\n<p class=\"c2\"><strong>B.A<\/strong><\/p>\n<p class=\"has-text-color has-vivid-red-color\"><em>Ces passes d\u2019armes m\u00e9diatiques et les pol\u00e9miques qu\u2019elles suscitent et alimentent renvoient une triste image de la structure politique. Elle provoquent des crises internes et rel\u00e8guent, du coup, au second plan la principale mission de cette coalition h\u00e9t\u00e9roclite \u00e0 savoir la mise en place des strat\u00e9gies efficientes afin de r\u00e9pondre aux attentes des citoyennes et des citoyens.<\/em><\/p>\n<p class=\"has-text-color has-vivid-red-color c3\">***<\/p>\n<p class=\"has-text-color has-vivid-cyan-blue-color c3\"><strong>Abdelouahed Souhail, membre du BP du PPS<\/strong><\/p>\n<p class=\"has-text-color has-vivid-red-color c3\"><strong>\u00abNotre pays n\u2019a pas besoin de cette situation\u00bb<\/strong><\/p>\n<div class=\"wp-block-image\"><img loading=\"lazy\" decoding=\"async\" src=\"http:\/\/albayane.press.ma\/wp-content\/uploads\/souhail-2791-2012-11-22.jpg\" alt=\"\" class=\"wp-image-83023\" width=\"558\" height=\"330\"\/><\/div>\n<p>Ce qui caract\u00e9rise la coalition gouvernementale est le manque de coh\u00e9sion et de solidarit\u00e9 entre ses composantes, comme nous l\u2019avons d\u00e9j\u00e0 soulign\u00e9 \u00e0 plusieurs reprises quand nous \u00e9tions au sein de cette majorit\u00e9.<\/p>\n<p>En fait, d\u00e8s la constitution de cette majorit\u00e9, d\u00e8s le lendemain, l\u2019une de ses composantes s\u2019est lanc\u00e9e dans une campagne \u00e9lectorale pr\u00e9matur\u00e9e en parlant de 2021 et de ses \u00e9ch\u00e9ances \u00e9lectorales.<\/p>\n<p>On ne sent absolument pas ni une harmonie, ni une solidarit\u00e9 au sein de cette coalition gouvernementale\u00a0; ce qui a cr\u00e9\u00e9 un climat tr\u00e8s mal sain pour la vie politique nationale et pour le processus d\u00e9mocratique dans le pays. Il n\u2019y a pas de confiance entre des membres d\u2019une majorit\u00e9 sens\u00e9s travailler ensemble et diriger ce gouvernement. Du coup, l\u2019action gouvernementale et les int\u00e9r\u00eats du pays en p\u00e2tissent.<\/p>\n<p>C\u2019est un fait. C\u2019est dommage. Je pense que c\u2019est l\u2019une des principales causes ayant pouss\u00e9 le parti du progr\u00e8s et du socialisme (PPS) \u00e0 quitter cette coalition gouvernementale. Il n\u2019y a pas de coh\u00e9sion, il n\u2019y a pas de travail en harmonie. Un recul de l\u2019\u00e9conomie. Une d\u00e9gradation de la vie sociale. Notre pays n\u2019a pas besoin de cette situation. C\u2019est pourquoi, d\u2019ailleurs, lors de notre dernier congr\u00e8s, nous avons appel\u00e9 \u00e0 un nouveau souffle d\u00e9mocratique.<\/p>\n<p class=\"c3\">***<\/p>\n<p class=\"has-text-color has-vivid-cyan-blue-color c3\"><strong>Omar Abbassi, parlementaire et membre du comit\u00e9 ex\u00e9cutif du PI<\/strong><\/p>\n<p class=\"has-text-color has-vivid-red-color c3\"><strong>\u00abIl n\u2019y a pas de coalition gouvernementale\u00bb<\/strong><\/p>\n<div class=\"wp-block-image\"><img loading=\"lazy\" decoding=\"async\" src=\"http:\/\/albayane.press.ma\/wp-content\/uploads\/Omar-Abbassi.jpg\" alt=\"\" class=\"wp-image-83024\" width=\"546\" height=\"322\"\/><\/div>\n<p>Il faut dire qu\u2019il n\u2019y a pas de coalition gouvernementale \u00e0 proprement parler. D\u2019ailleurs, au niveau du parlement, nous ne sentons pas quelque chose qui s\u2019appelle une coalition gouvernementale qui coordonne ses actions politiques et agit en harmonie dans la gestion des affaires du pays.<\/p>\n<p>En plus de ce manque d\u2019harmonie et de solidarit\u00e9, cette coalition gouvernementale est constamment d\u00e9chir\u00e9e par des tiraillements, des \u00e9changes d\u2019accusations parfois tr\u00e8s graves et des passes d\u2019armes m\u00e9diatiques et pol\u00e9miques. Ses diff\u00e9rentes composantes ne ratent aucune occasion pour se tirer dessus les unes et les autres. Il s\u2019agit d\u2019un bloc compl\u00e8tement dispers\u00e9 par des int\u00e9r\u00eats partisans.<\/p>\n<p>En fait, des composantes de cette coalition gouvernementale ne sont pr\u00e9occup\u00e9es depuis la formation du bloc que par\u00a0 des campagnes \u00e9lectorales pr\u00e9matur\u00e9es. Ce qui se r\u00e9percute n\u00e9gativement sur l\u2019action du gouvernement et renvoie une image n\u00e9gative de sa politique. Et au bout du compte, les int\u00e9r\u00eats du pays et des citoyens en p\u00e2tissent.<\/p>\n<p class=\"c2\"><strong>Propos recueillis par B.A<\/strong><\/p>\n<p>Auteur: M&rsquo;hammed rahal<br \/>\n<a href=\"http:\/\/albayane.press.ma\/des-passes-darmes-mediatiques-qui-laissent-a-desirer.html\">Cliquez ici pour lire l&rsquo;article depuis sa source.<\/a><\/p>\n","protected":false},"excerpt":{"rendered":"<p>La majorit\u00e9 gouvernementale est constamment tiraill\u00e9e par les passes d\u2019armes m\u00e9diatiques entre ses deux principales composantes, le parti de justice et de d\u00e9veloppement (PJD) et le Rassemblement national des ind\u00e9pendants (RNI). Ces tr\u00e9buchements, souvent hasardeux, qui renvoient une triste image de la structure politique, provoquent des crises internes et rel\u00e8guent, du coup, au second plan [&hellip;]<\/p>\n","protected":false},"author":1760,"featured_media":68216,"comment_status":"closed","ping_status":"closed","sticky":false,"template":"","format":"standard","meta":{"fifu_image_url":"","fifu_image_alt":"","footnotes":""},"categories":[73,54],"tags":[],"class_list":["post-68215","post","type-post","status-publish","format-standard","has-post-thumbnail","hentry","category-actualite","category-maroc"],"_links":{"self":[{"href":"https:\/\/linitiative.ca\/International\/wp-json\/wp\/v2\/posts\/68215","targetHints":{"allow":["GET"]}}],"collection":[{"href":"https:\/\/linitiative.ca\/International\/wp-json\/wp\/v2\/posts"}],"about":[{"href":"https:\/\/linitiative.ca\/International\/wp-json\/wp\/v2\/types\/post"}],"author":[{"embeddable":true,"href":"https:\/\/linitiative.ca\/International\/wp-json\/wp\/v2\/users\/1760"}],"replies":[{"embeddable":true,"href":"https:\/\/linitiative.ca\/International\/wp-json\/wp\/v2\/comments?post=68215"}],"version-history":[{"count":0,"href":"https:\/\/linitiative.ca\/International\/wp-json\/wp\/v2\/posts\/68215\/revisions"}],"wp:featuredmedia":[{"embeddable":true,"href":"https:\/\/linitiative.ca\/International\/wp-json\/"}],"wp:attachment":[{"href":"https:\/\/linitiative.ca\/International\/wp-json\/wp\/v2\/media?parent=68215"}],"wp:term":[{"taxonomy":"category","embeddable":true,"href":"https:\/\/linitiative.ca\/International\/wp-json\/wp\/v2\/categories?post=68215"},{"taxonomy":"post_tag","embeddable":true,"href":"https:\/\/linitiative.ca\/International\/wp-json\/wp\/v2\/tags?post=68215"}],"curies":[{"name":"wp","href":"https:\/\/api.w.org\/{rel}","templated":true}]}}