{"id":68217,"date":"2019-11-22T06:00:31","date_gmt":"2019-11-22T11:00:31","guid":{"rendered":"https:\/\/linitiative.ca\/International\/au-dela-des-celebrations-lurgence-de-concretiser-les-droits\/"},"modified":"2019-11-22T06:00:31","modified_gmt":"2019-11-22T11:00:31","slug":"au-dela-des-celebrations-lurgence-de-concretiser-les-droits","status":"publish","type":"post","link":"https:\/\/linitiative.ca\/International\/au-dela-des-celebrations-lurgence-de-concretiser-les-droits\/","title":{"rendered":"Au-del\u00e0 des c\u00e9l\u00e9brations, l\u2019urgence de concr\u00e9tiser les droits\u2026"},"content":{"rendered":"<p class=\"has-text-color has-vivid-red-color c2\"><a><strong>Ouverture du 16<\/strong><sup><strong>e<\/strong><\/sup><strong>congr\u00e8s national des droits de l\u2019enfant<\/strong><\/a><\/p>\n<p class=\"c3\"><strong>DNES \u00e0 Marrakech : Danielle Engolo<\/strong><\/p>\n<p class=\"has-text-color has-vivid-cyan-blue-color\"><strong>Pendant quatre jours, l\u2019enfant est \u00e0 l\u2019honneur \u00e0 Marrakech,\u00a0dans le cadre de la 16<\/strong><sup><strong>e<\/strong><\/sup><strong>\u00e9dition du Congr\u00e8s national des droits de l\u2019enfant,qui se tient du 20 au 23 novembre, sous le th\u00e8me \u00abl\u2019enfant, une priorit\u00e9\u00bb. Le coup d\u2019envoi de cet \u00e9v\u00e8nement, qui consacre \u00e9galementles trente ans de la Convention internationale des droits de l\u2019Enfant (CIDE) adopt\u00e9e le 20 novembre 1989 et lesvingt ans du Parlement de l\u2019enfant marocain, a \u00e9t\u00e9 donn\u00e9 mercredi dernier, par l\u2019Observatoire national des droits de l\u2019Enfant (ONDE).<\/strong><\/p>\n<p>Ils \u00e9taient nombreux ce mercredi matin \u00e0 se diriger vers le Palmeraie Palace, certains accompagn\u00e9s de leurs parents\u00a0; d\u2019autres de leurs enseignants, pour prendre part au coup d\u2019envoi de la 16<sup>e<\/sup> \u00e9dition du Congr\u00e8s national des droits de l\u2019enfant. Un rendez-vous qui fait certes la part-belle aux enfants, mais qui d\u00e9montre surtout qu\u2019en d\u00e9pit des r\u00e9formes, conventions et textes de loi adopt\u00e9s au cours des derni\u00e8res ann\u00e9es, la promotion des droits de l\u2019enfant a encore du chemin \u00e0 faire. Trente ans apr\u00e8s l\u2019adoption de la CIDE, l\u2019enfant n\u2019est pas toujours une priorit\u00e9 de la soci\u00e9t\u00e9. Ses droits sont constamment bafou\u00e9s et ses besoins bien souvent n\u00e9glig\u00e9s. C\u2019est d\u2019ailleurs, pour montrer l\u2019urgence de passer \u00e0 l\u2019action en mati\u00e8re de promotion des droits de l\u2019enfant, que cette \u00e9dition a \u00e9t\u00e9 plac\u00e9e sous le th\u00e8me \u00ab\u00a0l\u2019enfant, une priorit\u00e9\u00a0\u00bb.<\/p>\n<p>Dans ce sens, Lamia Bazir, directrice ex\u00e9cutive de l\u2019ONDE, a estim\u00e9 que ce rendez-vous se veut l\u2019occasion pour le Maroc de faire une auto-\u00e9valuation, sachantqu\u2019il a d\u2019ailleurs \u00e9t\u00e9 l\u2019un des premiers signataires de la CIDE ratifi\u00e9e par 181 pays. \u00abCette c\u00e9l\u00e9bration permet de redonner confiance au Maroc pour ce qu\u2019il a accompli, mais aussi d\u2019\u00e9valuer les goulots d\u2019\u00e9tranglement et les d\u00e9fis \u00e0 aborder pour la suite\u00bb, a-t-elle soulign\u00e9. \u00abCette \u00e9dition est exceptionnelle, car elle consacre un moment de mobilisation \u00e0 diff\u00e9rents niveaux\u00bb, a-t-elle confi\u00e9 dans une d\u00e9claration \u00e0 Al Bayane. Pour elle, \u00abcette \u00e9dition met les enfants \u00e0 l\u2019honneur et leur donne la parole \u00e0 travers l\u2019institution du parlement pour garantir que leurs besoins, espoirs et aspirations sont au c\u0153ur des sph\u00e8res de d\u00e9cisions au niveau du gouvernement, du secteur public, de la soci\u00e9t\u00e9 civile\u2026\u00bb. Elle permet en outre \u00abd\u2019\u00e9riger les enfants en priorit\u00e9 nationale, mais aussi de suivre les chantiers structurants en mati\u00e8re d\u2019enfance avec plus de confiance et d\u2019efficacit\u00e9\u00bb.<\/p>\n<p>Dans son allocution \u00e0 l\u2019occasion de l\u2019ouverture de l\u2019\u00e9v\u00e8nement, Omar Hilale, pr\u00e9sident du Conseil ex\u00e9cutif de l\u2019UNICEF, a salu\u00e9 pour sa part les 20 ans du Parlement de l\u2019enfant marocain. Un espace qui leur permet depuis 20 ans de faire entendre leurs voix. \u00abLe parlement de l\u2019enfant marocain est un exemple \u00e9difiant de la politique marocaine en mati\u00e8re de promotion de l\u2019enfance\u00bb, a-t-il indiqu\u00e9. Depuis 1999, ce sont 395 enfants \u00e9lus des diff\u00e9rentes r\u00e9gions du royaume qui ont form\u00e9 cette institution\u00bb, a-t-il soulign\u00e9, tout en ajoutant que \u00able parlement des enfants est un lieu d\u2019apprentissage de vie o\u00f9 les jeunes apprennent\u00e0 \u00e9couter l\u2019autre et comprendre sa diff\u00e9rence\u00bb.<\/p>\n<p>Il est \u00e0 noter que le congr\u00e8s se d\u00e9clinera en quatrearticulations. Au cours des deux premiers jours, il mettra en avant les enfants marocains ayant brill\u00e9 par leurs actions et braquera les projecteurs sur les actions accomplies par le parlement de l\u2019enfant. La 3<sup>e<\/sup> journ\u00e9e sera essentiellement institutionnelle et sera marqu\u00e9e par la pr\u00e9sentationdu bilan des trente ans de la CIDE et les nouvelles perspectives, en pr\u00e9sence du chef du gouvernement, du pr\u00e9sident de la chambre des repr\u00e9sentants, du haut-commissaire au Plan, du pr\u00e9sident du Conseil \u00e9conomique social et environnemental (CESE). De m\u00eame, seront \u00e9galement pr\u00e9sent\u00e9s les r\u00e9sultats de l\u2019analyse de la situation des enfants du Maroc men\u00e9e par l\u2019ONDE, l\u2019UNICEF et l\u2019Organisation nationale des droits de l\u2019Homme (ONDH).La c\u00e9r\u00e9monie de cl\u00f4ture sera pr\u00e9sid\u00e9e samedi par Sa majest\u00e9 la Princesse Lalla Meryem qui pr\u00e9sentera par la m\u00eame occasion la nouvelle feuille de route en mati\u00e8re de promotion des droits de l\u2019enfant marocain \u00e0 l\u2019horizon 2030.<\/p>\n<p class=\"c2\">***<\/p>\n<p class=\"has-text-color has-vivid-red-color c2\"><strong>Les enfants vedettes\u2026salu\u00e9s \u00e0 Marrakech<\/strong><\/p>\n<div class=\"wp-block-image\"><img decoding=\"async\" src=\"http:\/\/albayane.press.ma\/wp-content\/uploads\/Meryem-Amjoun.jpg\" alt=\"\" class=\"wp-image-83029\"\/><\/div>\n<p class=\"has-text-color has-vivid-cyan-blue-color\"><strong>Ils \u00e9taient tr\u00e8s attendus ce mercredi \u00e0 la s\u00e9ance d\u2019ouverture de la 16<\/strong><sup><strong>e<\/strong><\/sup><strong>\u00e9dition du Congr\u00e8s national des droits de l\u2019enfant. Meryem Amjoun, vainqueur du D\u00e9fi de la lecture arabe 2018 ;Fatima-Zahra Akhiar, finaliste du D\u00e9fi de la lecture arabe en octobre dernier; In\u00e8s Bouzidi Tiali, championne d\u2019Afrique des Olympiades de math\u00e9matiques; Mehdi Malakane, jeune vlogueur non-voyant; Omar Archane, chef cuisinier de 11 ans et en situation de handicap; ou encore Hamza Labied, vainqueur de The Voice Kids\u2026 tous ont \u00e9t\u00e9 mis \u00e0 l\u2019honneur, pour leurs exploits, \u00e0 l\u2019occasion de cet \u00e9v\u00e8nement qui consacre les droits de l\u2019enfant.<\/strong><\/p>\n<p>C\u2019est avec \u00e9norm\u00e9ment d\u2019enthousiasme et de ferveur que chacune des vedettes est revenu sur ses r\u00e9alisations et ambitions. Des parcours de vie qui ont permis de d\u00e9montrer l\u2019importance du r\u00f4le jou\u00e9 par les parents, mais \u00e9galement de l\u2019\u00e9ducation dans l\u2019\u00e9panouissement des enfants. L\u2019occasion \u00e9galement d\u2019inspirer plusieurs enfants et certains parents pr\u00e9sents dans la salle.<\/p>\n<p>Hamza Labied, dont le parcours dans The Voice Kids, avait \u00e9t\u00e9 largement suivi au Maroc, a \u00e9t\u00e9 fortement applaudi par l\u2019audience constitu\u00e9e en majorit\u00e9 des enfants. Apr\u00e8s \u00eatre revenu sur son palmar\u00e8s dans la comp\u00e9tition musicale, qui l\u2019a sacr\u00e9 r\u00e9cemment vainqueur, le jeune prodige a honor\u00e9 son public avec sa splendide voix par des chants tir\u00e9s du r\u00e9pertoire musical marocain et arabe. L\u2019occasion de faire vibrer la salle toute enti\u00e8re et surtout de comm\u00e9morer les trente ans de la CIDE dans une ambiance tr\u00e8s festive.<\/p>\n<p>De son c\u00f4t\u00e9, le petit chef cuisinier, Omar Archane, a profit\u00e9 de cette occasion en or pour faire la promotion de ses plats et partager sa passion pour la cuisine. \u00abJe suis \u00e9panoui dans la cuisine. Cela me permet d\u2019utiliser mes muscles qui sont faibles\u00bb, a confi\u00e9 ce jeune de 11 ans, qui souffre d\u2019un handicap moteur et qui a d\u00e9croch\u00e9 r\u00e9cemment le Prix de la personnalit\u00e9 web de l\u2019ann\u00e9e lors de la 10e \u00e9dition des Maroc Web Awards (MWA). Tr\u00e8s connu par sa page facebook, chef Omar, qui enregistre 75000 abonn\u00e9s, le jeune cuistot n\u2019a pas \u00e9galement manqu\u00e9 de partager ses meilleures recettes avec son public et \u00e9mis le v\u0153u de cr\u00e9er dans le futur un grand restaurant.<\/p>\n<p>Pour sa part, Mehdi Malakane, vloggueur non-voyant, a partag\u00e9 sa passion pour les m\u00e9dias, le th\u00e9\u00e2tre, le cin\u00e9ma, le d\u00e9veloppement, la programmation, la technologie\u2026 depuis son enfance. Parlant parfaitement arabe, anglais et fran\u00e7ais, le jeune Youtubeur a \u00e9t\u00e9 r\u00e9cemment finaliste de Talent project animateur sur Hit-radio. A \u00e0 peine 18 ans, il est \u00e9galement audio-producteur et com\u00e9dien voix-off (accr\u00e9dit\u00e9 par l\u2019Acad\u00e9mie internationale des arts m\u00e9dias et cr\u00e9ativit\u00e9).<\/p>\n<p>Championne africaine de math\u00e9matiques, In\u00e8s Bouzidi Tiani, en reine des maths, est revenue sur son parcours pendant la comp\u00e9tition des Olympiades africaines de math\u00e9matiques o\u00f9 elle a d\u00e9croch\u00e9 cette ann\u00e9e une m\u00e9daille d\u2019or. \u00abLa comp\u00e9tition consistait en six probl\u00e8mes qu\u2019il fallait r\u00e9soudre. Il s\u2019agissait des sujets d\u2019arithm\u00e9tique, alg\u00e8bre, combinatoire et g\u00e9om\u00e9trie\u00bb, a-t-elle d\u00e9clar\u00e9. Et de confier : \u00abJ\u2019ai toujours aim\u00e9 penser aux probl\u00e8mes et chercher \u00e0 y apporter des solutions. Cela m\u2019a toujours amus\u00e9e\u00bb.\u00a0 Apr\u00e8s une m\u00e9daille en or au niveau continental, la jeune fille de Mekn\u00e8s vise d\u00e9sormais le niveau mondial o\u00f9 elle veut \u00eatre \u00e9galement sacr\u00e9e pour sa passion pour les maths.<\/p>\n<div class=\"wp-block-image\"><img decoding=\"async\" src=\"http:\/\/albayane.press.ma\/wp-content\/uploads\/rdc2-4.jpg\" alt=\"\" class=\"wp-image-83027\"\/><\/div>\n<p>Meryem Amjoun, vainqueur du d\u00e9fi de lecture en 2018 et Fatima-Zahra Akhiar, qui a particip\u00e9 r\u00e9cemment \u00e0 la finale de cette comp\u00e9tition, mais n\u2019a malheureusement pas d\u00e9croch\u00e9 le titre, sont revenues sur leur passion pour la lecture. Elles ont saisi l\u2019occasion de ce congr\u00e8s pour partager des conseils pour pousser les jeunes \u00e0 lire davantage et se cultiver.<\/p>\n<p class=\"c3\"><strong>DNES \u00e0 Marrakech Danielle Engolo<\/strong><\/p>\n<p>Auteur: M&rsquo;hammed rahal<br \/>\n<a href=\"http:\/\/albayane.press.ma\/au-dela-des-celebrations-lurgence-de-concretiser-les-droits.html\">Cliquez ici pour lire l&rsquo;article depuis sa source.<\/a><\/p>\n","protected":false},"excerpt":{"rendered":"<p>Ouverture du 16econgr\u00e8s national des droits de l\u2019enfant DNES \u00e0 Marrakech : Danielle Engolo Pendant quatre jours, l\u2019enfant est \u00e0 l\u2019honneur \u00e0 Marrakech,\u00a0dans le cadre de la 16e\u00e9dition du Congr\u00e8s national des droits de l\u2019enfant,qui se tient du 20 au 23 novembre, sous le th\u00e8me \u00abl\u2019enfant, une priorit\u00e9\u00bb. Le coup d\u2019envoi de cet \u00e9v\u00e8nement, qui [&hellip;]<\/p>\n","protected":false},"author":1760,"featured_media":68218,"comment_status":"closed","ping_status":"closed","sticky":false,"template":"","format":"standard","meta":{"fifu_image_url":"","fifu_image_alt":"","footnotes":""},"categories":[73,54],"tags":[],"class_list":["post-68217","post","type-post","status-publish","format-standard","has-post-thumbnail","hentry","category-actualite","category-maroc"],"_links":{"self":[{"href":"https:\/\/linitiative.ca\/International\/wp-json\/wp\/v2\/posts\/68217","targetHints":{"allow":["GET"]}}],"collection":[{"href":"https:\/\/linitiative.ca\/International\/wp-json\/wp\/v2\/posts"}],"about":[{"href":"https:\/\/linitiative.ca\/International\/wp-json\/wp\/v2\/types\/post"}],"author":[{"embeddable":true,"href":"https:\/\/linitiative.ca\/International\/wp-json\/wp\/v2\/users\/1760"}],"replies":[{"embeddable":true,"href":"https:\/\/linitiative.ca\/International\/wp-json\/wp\/v2\/comments?post=68217"}],"version-history":[{"count":0,"href":"https:\/\/linitiative.ca\/International\/wp-json\/wp\/v2\/posts\/68217\/revisions"}],"wp:featuredmedia":[{"embeddable":true,"href":"https:\/\/linitiative.ca\/International\/wp-json\/"}],"wp:attachment":[{"href":"https:\/\/linitiative.ca\/International\/wp-json\/wp\/v2\/media?parent=68217"}],"wp:term":[{"taxonomy":"category","embeddable":true,"href":"https:\/\/linitiative.ca\/International\/wp-json\/wp\/v2\/categories?post=68217"},{"taxonomy":"post_tag","embeddable":true,"href":"https:\/\/linitiative.ca\/International\/wp-json\/wp\/v2\/tags?post=68217"}],"curies":[{"name":"wp","href":"https:\/\/api.w.org\/{rel}","templated":true}]}}