{"id":68220,"date":"2019-11-22T06:15:13","date_gmt":"2019-11-22T11:15:13","guid":{"rendered":"https:\/\/linitiative.ca\/International\/session-du-conseil-regional-souss-massa\/"},"modified":"2019-11-22T06:15:13","modified_gmt":"2019-11-22T11:15:13","slug":"session-du-conseil-regional-souss-massa","status":"publish","type":"post","link":"https:\/\/linitiative.ca\/International\/session-du-conseil-regional-souss-massa\/","title":{"rendered":"Session du conseil r\u00e9gional Souss Massa"},"content":{"rendered":"<p class=\"has-text-color has-vivid-red-color c2\"><strong>G\u00e9rer la chose publique autrement!<\/strong><\/p>\n<p class=\"has-text-color has-vivid-cyan-blue-color\"><strong>Le conseil de la r\u00e9gion du Souss Massa vient de tenir une session extraordinaire en vue de mettre sur les rails une nouvelle soci\u00e9t\u00e9 de gestion des affaires publiques.<\/strong><\/p>\n<p>A l\u2019instar de certaines m\u00e9tropoles du pays, cette institution r\u00e9gionale tente \u00e9galement l\u2019exp\u00e9rience, au sein de la gouvernance et celle de trois communes territoriales de sa comp\u00e9tence. Il semble bien qu\u2019\u00e0 ce niveau pr\u00e9cis, il se serait, sans nul doute, agi d\u2019un constat d\u00e9ficitaire, en am\u00e9nagement aussi bien urbain que rural. On aura longtemps plaint de la lenteur des travaux votre de l\u2019arr\u00eat des r\u00e9alisations qui sombrent dans l\u2019\u00e9ternit\u00e9.<\/p>\n<p>\u00abAgadir Souss Massa Am\u00e9nagement\u00bb, c\u2019est bien ainsi que la nouvelle structure professionnelle fut baptis\u00e9e afin d\u2019aplanir, selon les attributions qui lui sont assign\u00e9es, les dysfonctionnements survenus \u00e0 propos de l\u2019exercice de l\u2019\u00e9bauche tant de la r\u00e9gion que des communes en question. Anim\u00e9 par une forte volont\u00e9 d\u2019aller de l\u2019avant dans cette nouvelle entreprise, on s\u2019y met pour de bon durant la session du conseil, en formulant, tambours battants, toutes les suggestions relatives aux statuts, pour enfin, adopter la formule propos\u00e9e, apr\u00e8s \u00e9tude et concertation. Apr\u00e8s quoi, on passa \u00e0 la d\u00e9cortication de la d\u00e9programmation des fonds de la seconde tranche du budget pour le compte de l\u2019ann\u00e9e 2019.<\/p>\n<p>A ce propos, on int\u00e9grait la quote-part de la direction, communes locales du minist\u00e8re de l\u2019Int\u00e9rieur dans le financement de ladite soci\u00e9t\u00e9, apr\u00e8s d\u00e9finis les contributions de chacune des instances repr\u00e9sentatives. Il fait bien dire que l\u2019utilit\u00e9 de cette fonction sp\u00e9cifique ne se fait pas contester, du fait de la conviction de tous de la n\u00e9cessit\u00e9 de mettre de l\u2019entrain dans l\u2019\u00e9dification et la rigueur dont elle a besoin \u00e0 cet \u00e9gard. C\u2019est un outil de perfectionnement et surtout de transparence, d\u2019efficience, d\u2019acc\u00e9l\u00e9ration\u2026<\/p>\n<p>Dans le m\u00eame ordre d\u2019id\u00e9es, il importe de constater que le grand Agadir en particulier et la r\u00e9gion Souss Massa en g\u00e9n\u00e9ral, sont en passe de subir de grosses\u00a0 mutations, en termes d\u2019am\u00e9nagement \u00e0 grande \u00e9chelle. La dynamique qui s\u2019op\u00e8re autour du plan d\u2019acc\u00e9l\u00e9ration industrielle et l\u2019\u00e9norme\u00a0 flot d\u2019investissement r\u00e9gional qui s\u2019ensuit en est une illustration plausible. Le r\u00e9cent discours royal \u00e0 ce propos se passe \u00e9galement de tout commentaire, puisque le Souverain remettait les pendules \u00e0 l\u2019heure en rappelant la centralit\u00e9 de la ville d\u2019Agadir par rapport \u00e0 l\u2019ensemble du territoire g\u00e9ographique du royaume.<\/p>\n<p>Ce fut indiscutablement un message clair de la revalorisation d\u2019une r\u00e9gion porteuse, laiss\u00e9e pour compte, des d\u00e9cennies durant, alors que l\u2019int\u00e9r\u00eat et le d\u00e9ferlement des investissements publics \u00e9taient plut\u00f4t port\u00e9s sur d\u2019autres r\u00e9gions, sans aucun sentiment d\u2019animosit\u00e9 \u00e0 leur \u00e9gard. L\u2019heure de la justice spatiale aurait d\u00fb sonn\u00e9, il y a belle lurette, mais, comme disait le jargon populaire\u00a0: \u00abLe bien est toujours bon m\u00eame s\u2019il tarde\u00a0\u00e0 venir !\u00bb.<\/p>\n<p class=\"c3\"><strong>Saoudi El Amalki<\/strong><\/p>\n<p>Auteur: M&rsquo;hammed rahal<br \/>\n<a href=\"http:\/\/albayane.press.ma\/session-du-conseil-regional-souss-massa.html\">Cliquez ici pour lire l&rsquo;article depuis sa source.<\/a><\/p>\n","protected":false},"excerpt":{"rendered":"<p>G\u00e9rer la chose publique autrement! Le conseil de la r\u00e9gion du Souss Massa vient de tenir une session extraordinaire en vue de mettre sur les rails une nouvelle soci\u00e9t\u00e9 de gestion des affaires publiques. A l\u2019instar de certaines m\u00e9tropoles du pays, cette institution r\u00e9gionale tente \u00e9galement l\u2019exp\u00e9rience, au sein de la gouvernance et celle de [&hellip;]<\/p>\n","protected":false},"author":1760,"featured_media":0,"comment_status":"closed","ping_status":"closed","sticky":false,"template":"","format":"standard","meta":{"fifu_image_url":"","fifu_image_alt":"","footnotes":""},"categories":[73,54],"tags":[],"class_list":["post-68220","post","type-post","status-publish","format-standard","hentry","category-actualite","category-maroc"],"_links":{"self":[{"href":"https:\/\/linitiative.ca\/International\/wp-json\/wp\/v2\/posts\/68220","targetHints":{"allow":["GET"]}}],"collection":[{"href":"https:\/\/linitiative.ca\/International\/wp-json\/wp\/v2\/posts"}],"about":[{"href":"https:\/\/linitiative.ca\/International\/wp-json\/wp\/v2\/types\/post"}],"author":[{"embeddable":true,"href":"https:\/\/linitiative.ca\/International\/wp-json\/wp\/v2\/users\/1760"}],"replies":[{"embeddable":true,"href":"https:\/\/linitiative.ca\/International\/wp-json\/wp\/v2\/comments?post=68220"}],"version-history":[{"count":0,"href":"https:\/\/linitiative.ca\/International\/wp-json\/wp\/v2\/posts\/68220\/revisions"}],"wp:attachment":[{"href":"https:\/\/linitiative.ca\/International\/wp-json\/wp\/v2\/media?parent=68220"}],"wp:term":[{"taxonomy":"category","embeddable":true,"href":"https:\/\/linitiative.ca\/International\/wp-json\/wp\/v2\/categories?post=68220"},{"taxonomy":"post_tag","embeddable":true,"href":"https:\/\/linitiative.ca\/International\/wp-json\/wp\/v2\/tags?post=68220"}],"curies":[{"name":"wp","href":"https:\/\/api.w.org\/{rel}","templated":true}]}}