{"id":68221,"date":"2019-11-22T06:20:32","date_gmt":"2019-11-22T11:20:32","guid":{"rendered":"https:\/\/linitiative.ca\/International\/%ef%bb%bfdes-parlementaires-du-pays-basque-denoncent-vigoureusement\/"},"modified":"2019-11-22T06:20:32","modified_gmt":"2019-11-22T11:20:32","slug":"%ef%bb%bfdes-parlementaires-du-pays-basque-denoncent-vigoureusement","status":"publish","type":"post","link":"https:\/\/linitiative.ca\/International\/%ef%bb%bfdes-parlementaires-du-pays-basque-denoncent-vigoureusement\/","title":{"rendered":"\ufeffDes parlementaires du Pays Basque d\u00e9noncent vigoureusement"},"content":{"rendered":"<p class=\"has-text-color has-vivid-red-color c2\"><strong>L es violations des droits de l\u2019homme commises par le \u00abpolisario\u00bb<\/strong><\/p>\n<p class=\"has-text-color has-vivid-cyan-blue-color\"><strong>Des membres du Parlement r\u00e9gional du Pays Basque ont vigoureusement d\u00e9nonc\u00e9, mercredi \u00e0 Vitoria Gasteiz, les violations graves des droits de l\u2019homme perp\u00e9tr\u00e9es par le polisario contre les populations sahraouies s\u00e9questr\u00e9es dans les camps de Tindouf, en territoire alg\u00e9rien.<\/strong><\/p>\n<p>Lors d\u2019une rencontre tenue au si\u00e8ge du Parlement r\u00e9gional basque avec une d\u00e9l\u00e9gation de la soci\u00e9t\u00e9 civile des provinces du Sud du Royaume, les membres de la commission des droits de l\u2019homme de ce parlement, Gloria Sanchez Martin et Miren Gallastegui Oyarzabal, ont salu\u00e9 cette initiative qui leur a permis de s\u2019arr\u00eater sur la r\u00e9alit\u00e9 des graves violations des droits de l\u2019homme et les crimes commis par le polisario, condamnant avec force les multiples formes d\u2019abus psychiques et physiques, la violence et le d\u00e9ni des droits humains les plus \u00e9l\u00e9mentaires auxquels sont assujettis les populations s\u00e9questr\u00e9es dans les camps de la honte.<\/p>\n<p>Les d\u00e9put\u00e9es du Pays Basque, membres du groupe du parti socialiste basque (PSE), ont ainsi d\u00e9plor\u00e9 le calvaire endur\u00e9 par les sahraouis s\u00e9questr\u00e9s dans les camps et d\u00e9nonc\u00e9 les exactions et atrocit\u00e9s commises par les tortionnaires du polisario qui portent gravement atteinte aux droits de l\u2019homme.<\/p>\n<p>Elles ont, en outre, r\u00e9it\u00e9r\u00e9 l\u2019engagement de leur groupe parlementaire \u00e0 lutter pour la protection et la d\u00e9fense des droits humains, \u0153uvrer en faveur de la remise en libert\u00e9 des sahraouis s\u00e9questr\u00e9s dans les camps de Tindouf et \u00e0 informer toutes les institutions concern\u00e9es par la question des droits de l\u2019homme dans la r\u00e9gion sur les cas des victimes du polisario, tout en essayant de trouver les m\u00e9canismes n\u00e9cessaires pour appuyer cette cause.<\/p>\n<p>Dans une d\u00e9claration \u00e0 la MAP, Mme Sanchez Martin a salu\u00e9 cette initiative qui a \u00e9t\u00e9, selon elle, une occasion pour connaitre la r\u00e9alit\u00e9 de la situation des sahraouis s\u00e9questr\u00e9s dans des conditions inhumaines dans les camps de Tindouf, et s\u2019arr\u00eater sur les multiples formes d\u2019abus, les violations et le d\u00e9ni des droits humains les plus \u00e9l\u00e9mentaires auxquels sont assujettis les victimes.<\/p>\n<p>\u00ab\u00a0Des t\u00e9moignages accablants qui nous ont \u00e9t\u00e9 pr\u00e9sent\u00e9s par les membres de la d\u00e9l\u00e9gation de la soci\u00e9t\u00e9 civile des provinces du Sud du Royaume, qui sont eux m\u00eames des victimes des crimes commis par les tortionnaires du polisario, nous ont permis de prendre connaissance des diff\u00e9rentes formes de torture et leurs cons\u00e9quences sur la vie des victimes, ainsi que des nombreux cas de disparition et de s\u00e9vices commis des mains des s\u00e9paratistes\u00a0\u00bb, a-t-elle relev\u00e9.<\/p>\n<p>Pour leur part, les membres de la d\u00e9l\u00e9gation, tous victimes des pratiques d\u00e9gradantes et inhumaines qu\u2019ils ont subies dans les ge\u00f4les du polisario, ont expos\u00e9 leurs cas et ceux des membres de leurs familles et proches, notamment les atrocit\u00e9s qu\u2019ils ont endur\u00e9es.<\/p>\n<p>La d\u00e9l\u00e9gation, qui \u00e9tait compos\u00e9e du pr\u00e9sident de l\u2019Association des port\u00e9s disparus au polisario (APDP), Dahi Aguai, de Mme Jmaiaa Yassine et de Mohamed Mokhtar Al Alyin, membres de l\u2019association et victimes de la torture et la s\u00e9questration, ont expos\u00e9 les crimes et exactions commis par les tortionnaires du polisario contre les populations sahraouies s\u00e9questr\u00e9es dans les camps de Tindouf.<\/p>\n<p>Elle a aussi r\u00e9v\u00e9l\u00e9, avec photos et documents \u00e0 l\u2019appui, les diff\u00e9rentes formes de torture et leurs cons\u00e9quences sur la vie des victimes, notant que parmi celles ci figurent \u00e9galement des Mauritaniens et des Espagnols, dont les membres d\u2019\u00e9quipage d\u2019un chalutier des \u00eeles Canaries qui a \u00e9t\u00e9 attaqu\u00e9 par les milices arm\u00e9es du polisario. Les membres de la d\u00e9l\u00e9gation des provinces du Sud ont, \u00e0 cet \u00e9gard, appel\u00e9 la commission des droits de l\u2019homme au parlement r\u00e9gional basque \u00e0 soutenir leurs revendications et \u00e0 les aider \u00e0 mettre \u00e0 nu les crimes et les graves violations perp\u00e9tr\u00e9es par le polisario.<\/p>\n<p>La d\u00e9l\u00e9gation de la soci\u00e9t\u00e9 civile des provinces du Sud du Royaume a tenu, \u00e9galement, une r\u00e9union avec la pr\u00e9sidente du Parlement r\u00e9gional basque, Bakartxo Tejeria, qui a \u00e9t\u00e9 consacr\u00e9e \u00e0 la mise en lumi\u00e8re de la situation d\u00e9plorable des d\u00e9tenus dans les camps de Tindouf et \u00e0 l\u2019examen des moyens de soutien n\u00e9cessaires pour contribuer \u00e0 d\u00e9voiler les atrocit\u00e9s et les violations commises par les s\u00e9paratistes du polisario aupr\u00e8s des instances politiques et syndicales et la soci\u00e9t\u00e9 civile de la r\u00e9gion.<\/p>\n<p>Auteur: M&rsquo;hammed rahal<br \/>\n<a href=\"http:\/\/albayane.press.ma\/%EF%BB%BFdes-parlementaires-du-pays-basque-denoncent-vigoureusement.html\">Cliquez ici pour lire l&rsquo;article depuis sa source.<\/a><\/p>\n","protected":false},"excerpt":{"rendered":"<p>L es violations des droits de l\u2019homme commises par le \u00abpolisario\u00bb Des membres du Parlement r\u00e9gional du Pays Basque ont vigoureusement d\u00e9nonc\u00e9, mercredi \u00e0 Vitoria Gasteiz, les violations graves des droits de l\u2019homme perp\u00e9tr\u00e9es par le polisario contre les populations sahraouies s\u00e9questr\u00e9es dans les camps de Tindouf, en territoire alg\u00e9rien. Lors d\u2019une rencontre tenue au [&hellip;]<\/p>\n","protected":false},"author":1760,"featured_media":0,"comment_status":"closed","ping_status":"closed","sticky":false,"template":"","format":"standard","meta":{"fifu_image_url":"","fifu_image_alt":"","footnotes":""},"categories":[73,54],"tags":[],"class_list":["post-68221","post","type-post","status-publish","format-standard","hentry","category-actualite","category-maroc"],"_links":{"self":[{"href":"https:\/\/linitiative.ca\/International\/wp-json\/wp\/v2\/posts\/68221","targetHints":{"allow":["GET"]}}],"collection":[{"href":"https:\/\/linitiative.ca\/International\/wp-json\/wp\/v2\/posts"}],"about":[{"href":"https:\/\/linitiative.ca\/International\/wp-json\/wp\/v2\/types\/post"}],"author":[{"embeddable":true,"href":"https:\/\/linitiative.ca\/International\/wp-json\/wp\/v2\/users\/1760"}],"replies":[{"embeddable":true,"href":"https:\/\/linitiative.ca\/International\/wp-json\/wp\/v2\/comments?post=68221"}],"version-history":[{"count":0,"href":"https:\/\/linitiative.ca\/International\/wp-json\/wp\/v2\/posts\/68221\/revisions"}],"wp:attachment":[{"href":"https:\/\/linitiative.ca\/International\/wp-json\/wp\/v2\/media?parent=68221"}],"wp:term":[{"taxonomy":"category","embeddable":true,"href":"https:\/\/linitiative.ca\/International\/wp-json\/wp\/v2\/categories?post=68221"},{"taxonomy":"post_tag","embeddable":true,"href":"https:\/\/linitiative.ca\/International\/wp-json\/wp\/v2\/tags?post=68221"}],"curies":[{"name":"wp","href":"https:\/\/api.w.org\/{rel}","templated":true}]}}