{"id":68223,"date":"2019-11-22T13:04:11","date_gmt":"2019-11-22T18:04:11","guid":{"rendered":"https:\/\/linitiative.ca\/International\/inauguration-a-alger-de-lexposition-goya-physionomiste\/"},"modified":"2019-11-22T13:04:11","modified_gmt":"2019-11-22T18:04:11","slug":"inauguration-a-alger-de-lexposition-goya-physionomiste","status":"publish","type":"post","link":"https:\/\/linitiative.ca\/International\/inauguration-a-alger-de-lexposition-goya-physionomiste\/","title":{"rendered":"inauguration \u00e0 Alger de l&rsquo;exposition \u00ab\u00a0Goya physionomiste\u00a0\u00bb"},"content":{"rendered":"<div readability=\"36\">\n<p><strong>ALGER- Une exposition des dessins et de reproductions des oeuvres physionomiste du c\u00e9l\u00e8bre peintre espagnol Francisco Jos\u00e9 de Goya, d\u00e9di\u00e9e exclusivement \u00e0 ses diff\u00e9rentes repr\u00e9sentations du visage humain, (1746-1828) a \u00e9t\u00e9 inaugur\u00e9e jeudi soir au Mus\u00e9e des Beaux-arts \u00e0 Alger.<\/strong><\/p>\n<\/div>\n<div readability=\"69\">\n<p>Organis\u00e9e par l&rsquo;Institut culturel Cervant\u00e8s, cette exposition comportes une trentaine d&rsquo;estampes originales, des dessin en petits formats, r\u00e9alis\u00e9es par Goya et qui repr\u00e9sentent l&rsquo;\u00e9volution de la physionomie dans son travail.<\/p>\n<p>A partir des estampes originales de Goya, l&rsquo;\u00e9quipe de cette exposition a r\u00e9alis\u00e9 de grands format scann\u00e9s et r\u00e9imprim\u00e9 en effectuant des cadrages serr\u00e9s sur les visages dessin\u00e9s par l&rsquo;artiste dans ces diff\u00e9rentes oeuvres.<\/p>\n<blockquote readability=\"14\">\n<p><em><strong>L&rsquo;exposition intitul\u00e9e \u00ab\u00a0Goya physionomiste\u00a0\u00bb, qui se tient au salon carr\u00e9 du mus\u00e9e des Beaux-arts, vid\u00e9 pour l&rsquo;occasion, comporte trois importants types physiognomonie, animale, pathologique et d\u00e9grad\u00e9e, issues de recueils de gravures comme \u00ab\u00a0Les d\u00e9sastres de la guerre\u00a0\u00bb (r\u00e9alis\u00e9 entre 1810 et 1815) ou \u00ab\u00a0Los Caprichos\u00a0\u00bb (les caprices) r\u00e9alis\u00e9 entre 1796 et 1799.<\/strong><\/em><\/p>\n<\/blockquote>\n<p>Une premi\u00e8re collection est d\u00e9di\u00e9e aux estampes de physiognomonie animale consistant \u00e0 attribuer un comportement animal dominant \u00e0 l&rsquo;homme \u00e0 travers un visage semblable \u00e0 la t\u00eate de cette animal g\u00e9n\u00e9ralement inspir\u00e9 par un trait de caract\u00e8re ou un comportement.<\/p>\n<p>Une deuxi\u00e8me collection porte les signes d&rsquo;un travail de recherche tr\u00e8s profond, physiognomonie pathologique, qui consiste quant \u00e0 elle \u00e0 montrer et accentuer certaines expressions du visage qui ont pour origine des pathologies mentales. les traits des visages peints par Goya montre l&rsquo;agressivit\u00e9, le d\u00e9s\u00e9quilibre, le d\u00e9sarroi ou encore le d\u00e9lire de ces mod\u00e8les.<\/p>\n<blockquote readability=\"6\">\n<p><em><strong>Une derni\u00e8re collection est d\u00e9di\u00e9e \u00e0 la physiognomonie d\u00e9grad\u00e9e qui s&rsquo;apparente \u00e0 une forme de caricature.<\/strong><\/em><\/p>\n<\/blockquote>\n<p>Ces trois formes de dessin physionomistes ont \u00e9t\u00e9 d\u00e9velopp\u00e9s plus tard par des artistes peintres et des photographes.<\/p>\n<p>Inaugur\u00e9e jeudi, l&rsquo;exposition \u00ab\u00a0Goya physionomiste\u00a0\u00bb est ouverte au public jusqu&rsquo;au 15 d\u00e9cembre prochain.<\/p>\n<\/div>\n<p>Auteur:<br \/>\n<a href=\"http:\/\/www.aps.dz\/culture\/97876-inauguration-a-alger-de-l-exposition-goya-physionomiste\">Cliquez ici pour lire l&rsquo;article depuis sa source.<\/a><\/p>\n","protected":false},"excerpt":{"rendered":"<p>ALGER- Une exposition des dessins et de reproductions des oeuvres physionomiste du c\u00e9l\u00e8bre peintre espagnol Francisco Jos\u00e9 de Goya, d\u00e9di\u00e9e exclusivement \u00e0 ses diff\u00e9rentes repr\u00e9sentations du visage humain, (1746-1828) a \u00e9t\u00e9 inaugur\u00e9e jeudi soir au Mus\u00e9e des Beaux-arts \u00e0 Alger. Organis\u00e9e par l&rsquo;Institut culturel Cervant\u00e8s, cette exposition comportes une trentaine d&rsquo;estampes originales, des dessin en [&hellip;]<\/p>\n","protected":false},"author":1790,"featured_media":0,"comment_status":"closed","ping_status":"closed","sticky":false,"template":"","format":"standard","meta":{"fifu_image_url":"","fifu_image_alt":"","footnotes":""},"categories":[53,79],"tags":[],"class_list":["post-68223","post","type-post","status-publish","format-standard","hentry","category-algerie","category-culture"],"_links":{"self":[{"href":"https:\/\/linitiative.ca\/International\/wp-json\/wp\/v2\/posts\/68223","targetHints":{"allow":["GET"]}}],"collection":[{"href":"https:\/\/linitiative.ca\/International\/wp-json\/wp\/v2\/posts"}],"about":[{"href":"https:\/\/linitiative.ca\/International\/wp-json\/wp\/v2\/types\/post"}],"author":[{"embeddable":true,"href":"https:\/\/linitiative.ca\/International\/wp-json\/wp\/v2\/users\/1790"}],"replies":[{"embeddable":true,"href":"https:\/\/linitiative.ca\/International\/wp-json\/wp\/v2\/comments?post=68223"}],"version-history":[{"count":0,"href":"https:\/\/linitiative.ca\/International\/wp-json\/wp\/v2\/posts\/68223\/revisions"}],"wp:attachment":[{"href":"https:\/\/linitiative.ca\/International\/wp-json\/wp\/v2\/media?parent=68223"}],"wp:term":[{"taxonomy":"category","embeddable":true,"href":"https:\/\/linitiative.ca\/International\/wp-json\/wp\/v2\/categories?post=68223"},{"taxonomy":"post_tag","embeddable":true,"href":"https:\/\/linitiative.ca\/International\/wp-json\/wp\/v2\/tags?post=68223"}],"curies":[{"name":"wp","href":"https:\/\/api.w.org\/{rel}","templated":true}]}}