{"id":68224,"date":"2019-11-22T13:04:15","date_gmt":"2019-11-22T18:04:15","guid":{"rendered":"https:\/\/linitiative.ca\/International\/41e-festival-international-du-cinema-du-caire-deux-films-algeriens-en-competition\/"},"modified":"2019-11-22T13:04:15","modified_gmt":"2019-11-22T18:04:15","slug":"41e-festival-international-du-cinema-du-caire-deux-films-algeriens-en-competition","status":"publish","type":"post","link":"https:\/\/linitiative.ca\/International\/41e-festival-international-du-cinema-du-caire-deux-films-algeriens-en-competition\/","title":{"rendered":"41e Festival international du cin\u00e9ma du Caire : deux films alg\u00e9riens en comp\u00e9tition"},"content":{"rendered":"<div readability=\"36\">\n<p><strong>ALGER- Deux longs m\u00e9trages alg\u00e9riens \u00ab\u00a0ParKours\u00a0\u00bb de Fatima Zohra Zamoum et \u00ab\u00a0Abou Leila\u00a0\u00bb d&rsquo;Amine Sidi Boumediene sont en lice \u00e0 la 41e \u00e9dition du Festival international du cin\u00e9ma du Caire (CairoInternational film festival +CIFF+) dont les festivit\u00e9s ont d\u00e9but\u00e9 mercredi soir, a indiqu\u00e9 la presse \u00e9gyptienne.<\/strong><\/p>\n<\/div>\n<div readability=\"65\">\n<p>Coproduction alg\u00e9ro-fran\u00e7aise, le long m\u00e9trage de fiction \u00ab\u00a0Parkours\u00a0\u00bb, r\u00e9alis\u00e9 en 2019, entre donc dans la comp\u00e9tition \u00ab\u00a0perspectives du cin\u00e9ma arabe\u00a0\u00bb, \u00e0 c\u00f4t\u00e9 de 11 autres films, tels que \u00ab\u00a0Bik Eneich\u00a0\u00bb de Mahdi Barsaoui (de Tunisie), ou encore \u00ab\u00a0Khartoum Offside\u00a0\u00bb de Marwa Zein (Soudan).<\/p>\n<p>Tout commence dans une salle des f\u00eates, lieu principal du d\u00e9roulement de ce film de 90 mn, o\u00f9 se rencontrent des profils distincts qui feront les acteurs de cette com\u00e9die dramatique.<\/p>\n<blockquote readability=\"11\">\n<p><em><strong>R\u00e9alis\u00e9 aussi en 2019, \u00ab\u00a0Abou Leila\u00a0\u00bb entre en comp\u00e9tition, parmi les sept (7) films s\u00e9lectionn\u00e9s pour remporter le prix \u00ab\u00a0Semaine des critiques\u00a0\u00bb, \u00e0 l&rsquo;instar du long m\u00e9trage espagnol \u00ab\u00a0A job and a film\u00a0\u00bb (Un trabajo y una pelicula), ou \u00ab\u00a0Cendre noire\u00a0\u00bb (Ceniza negra) de Sofia Quiros.<\/strong><\/em><\/p>\n<\/blockquote>\n<p>Coproduction alg\u00e9ro-franco-qatarie de 140 mn, \u00ab\u00a0Abou Le\u00efla\u00a0\u00bb revient sur les \u00e9v\u00e8nements tragiques des ann\u00e9es 1990, \u00e0 travers l&rsquo;histoire de deux jeunes qui traquent dans le d\u00e9sert alg\u00e9rien Abou Le\u00efla, un dangereux terroriste.<\/p>\n<blockquote readability=\"9\">\n<p><em><strong>Une s\u00e9lection de long m\u00e9trages comptant 150 films de 63 pays, dont le Mexique, invit\u00e9 d&rsquo;honneur, est ouverte \u00e0 la comp\u00e9tition de cette 41\u00e8me \u00e9dition du CIFF.<\/strong><\/em><\/p>\n<\/blockquote>\n<p>Cr\u00e9\u00e9 en 1976, le festival international du cin\u00e9ma du Caire est consid\u00e9r\u00e9 comme un des plus anciens festivals d\u00e9di\u00e9s au septi\u00e8me art dont le but de construire les ponts de communication \u00e0 travers le cin\u00e9ma, selon les organisateurs.<\/p>\n<\/div>\n<p>Auteur:<br \/>\n<a href=\"http:\/\/www.aps.dz\/culture\/97884-41e-festival-international-du-cinema-du-caire-deux-films-algeriens-en-competition\">Cliquez ici pour lire l&rsquo;article depuis sa source.<\/a><\/p>\n","protected":false},"excerpt":{"rendered":"<p>ALGER- Deux longs m\u00e9trages alg\u00e9riens \u00ab\u00a0ParKours\u00a0\u00bb de Fatima Zohra Zamoum et \u00ab\u00a0Abou Leila\u00a0\u00bb d&rsquo;Amine Sidi Boumediene sont en lice \u00e0 la 41e \u00e9dition du Festival international du cin\u00e9ma du Caire (CairoInternational film festival +CIFF+) dont les festivit\u00e9s ont d\u00e9but\u00e9 mercredi soir, a indiqu\u00e9 la presse \u00e9gyptienne. Coproduction alg\u00e9ro-fran\u00e7aise, le long m\u00e9trage de fiction \u00ab\u00a0Parkours\u00a0\u00bb, r\u00e9alis\u00e9 [&hellip;]<\/p>\n","protected":false},"author":1790,"featured_media":0,"comment_status":"closed","ping_status":"closed","sticky":false,"template":"","format":"standard","meta":{"fifu_image_url":"","fifu_image_alt":"","footnotes":""},"categories":[53,79],"tags":[],"class_list":["post-68224","post","type-post","status-publish","format-standard","hentry","category-algerie","category-culture"],"_links":{"self":[{"href":"https:\/\/linitiative.ca\/International\/wp-json\/wp\/v2\/posts\/68224","targetHints":{"allow":["GET"]}}],"collection":[{"href":"https:\/\/linitiative.ca\/International\/wp-json\/wp\/v2\/posts"}],"about":[{"href":"https:\/\/linitiative.ca\/International\/wp-json\/wp\/v2\/types\/post"}],"author":[{"embeddable":true,"href":"https:\/\/linitiative.ca\/International\/wp-json\/wp\/v2\/users\/1790"}],"replies":[{"embeddable":true,"href":"https:\/\/linitiative.ca\/International\/wp-json\/wp\/v2\/comments?post=68224"}],"version-history":[{"count":0,"href":"https:\/\/linitiative.ca\/International\/wp-json\/wp\/v2\/posts\/68224\/revisions"}],"wp:attachment":[{"href":"https:\/\/linitiative.ca\/International\/wp-json\/wp\/v2\/media?parent=68224"}],"wp:term":[{"taxonomy":"category","embeddable":true,"href":"https:\/\/linitiative.ca\/International\/wp-json\/wp\/v2\/categories?post=68224"},{"taxonomy":"post_tag","embeddable":true,"href":"https:\/\/linitiative.ca\/International\/wp-json\/wp\/v2\/tags?post=68224"}],"curies":[{"name":"wp","href":"https:\/\/api.w.org\/{rel}","templated":true}]}}