{"id":68226,"date":"2019-11-22T06:28:00","date_gmt":"2019-11-22T11:28:00","guid":{"rendered":"https:\/\/linitiative.ca\/International\/les-manifestants-en-masse-pour-le-40e-vendredi-a-alger\/"},"modified":"2019-11-22T06:28:00","modified_gmt":"2019-11-22T11:28:00","slug":"les-manifestants-en-masse-pour-le-40e-vendredi-a-alger","status":"publish","type":"post","link":"https:\/\/linitiative.ca\/International\/les-manifestants-en-masse-pour-le-40e-vendredi-a-alger\/","title":{"rendered":"Les manifestants en masse pour le 40e vendredi \u00e0 Alger"},"content":{"rendered":"<div id=\"originalText\" readability=\"45.0267175573\">\n<p>Les manifestants ont entam\u00e9 leur 40e vendredi de marche avec une pr\u00e9sence massive, d\u00e8s la fin de la matin\u00e9e, \u00a0marquant ainsi <a href=\"https:\/\/www.liberte-algerie.com\/actualite\/le-40e-vendredi-de-laffirmation-328545\" target=\"_blank\" rel=\"noopener noreferrer\"><span class=\"c6\">9 mois de mobilisation<\/span><\/a> sans faille.<\/p>\n<p>\u00c0 deux semaines donc du scrutin pr\u00e9sidentiel du 12 d\u00e9cembre, les manifestants ont investi les rues de la capitale, pour r\u00e9it\u00e9rer leur refus des \u00e9lections et exiger le d\u00e9part de tout le syst\u00e8me et ses figures.<\/p>\n<p>Ils scandent, entre autres,\u00a0\u00ab\u00a0makach el intikhabat\u00a0\u00bb, \u00ab\u00a0 dawla madania machi a\u00e2skaria\u00a0\u00bb et \u00ab\u00a0talbin el houria\u00a0\u00bb.<\/p>\n<p><iframe loading=\"lazy\" allowfullscreen=\"true\" allowtransparency=\"true\" frameborder=\"0\" height=\"315\" scrolling=\"no\" src=\"https:\/\/www.facebook.com\/plugins\/video.php?href=https%3A%2F%2Fwww.facebook.com%2FJournaLiberteOfficiel%2Fvideos%2F408000520079542%2F&#038;show_text=0&#038;width=560\" class=\"c7\" width=\"560\">[embedded content]<\/iframe><\/p>\n<p class=\"c8\"><strong>R\u00e9daction Web<\/strong><\/p>\n<\/div>\n<div id=\"text_core\" readability=\"45.0267175573\">\n<p>Les manifestants ont entam\u00e9 leur 40e vendredi de marche avec une pr\u00e9sence massive, d\u00e8s la fin de la matin\u00e9e, \u00a0marquant ainsi <a href=\"https:\/\/www.liberte-algerie.com\/actualite\/le-40e-vendredi-de-laffirmation-328545\" target=\"_blank\" rel=\"noopener noreferrer\"><span class=\"c6\">9 mois de mobilisation<\/span><\/a> sans faille.<\/p>\n<p>\u00c0 deux semaines donc du scrutin pr\u00e9sidentiel du 12 d\u00e9cembre, les manifestants ont investi les rues de la capitale, pour r\u00e9it\u00e9rer leur refus des \u00e9lections et exiger le d\u00e9part de tout le syst\u00e8me et ses figures.<\/p>\n<p>Ils scandent, entre autres,\u00a0\u00ab\u00a0makach el intikhabat\u00a0\u00bb, \u00ab\u00a0 dawla madania machi a\u00e2skaria\u00a0\u00bb et \u00ab\u00a0talbin el houria\u00a0\u00bb.<\/p>\n<p><iframe loading=\"lazy\" allowfullscreen=\"true\" allowtransparency=\"true\" frameborder=\"0\" height=\"315\" scrolling=\"no\" src=\"https:\/\/www.facebook.com\/plugins\/video.php?href=https%3A%2F%2Fwww.facebook.com%2FJournaLiberteOfficiel%2Fvideos%2F408000520079542%2F&#038;show_text=0&#038;width=560\" class=\"c7\" width=\"560\">[embedded content]<\/iframe><\/p>\n<p class=\"c8\"><strong>R\u00e9daction Web<\/strong><\/p>\n<\/div>\n<p>Auteur:<br \/>\n<a href=\"https:\/\/www.liberte-algerie.com\/actualite\/les-manifestants-en-masse-pour-le-40e-vendredi-a-alger-328563\">Cliquez ici pour lire l&rsquo;article depuis sa source.<\/a><\/p>\n","protected":false},"excerpt":{"rendered":"<p>Les manifestants ont entam\u00e9 leur 40e vendredi de marche avec une pr\u00e9sence massive, d\u00e8s la fin de la matin\u00e9e, \u00a0marquant ainsi 9 mois de mobilisation sans faille. \u00c0 deux semaines donc du scrutin pr\u00e9sidentiel du 12 d\u00e9cembre, les manifestants ont investi les rues de la capitale, pour r\u00e9it\u00e9rer leur refus des \u00e9lections et exiger le [&hellip;]<\/p>\n","protected":false},"author":1742,"featured_media":0,"comment_status":"closed","ping_status":"closed","sticky":false,"template":"","format":"standard","meta":{"fifu_image_url":"","fifu_image_alt":"","footnotes":""},"categories":[73,53],"tags":[],"class_list":["post-68226","post","type-post","status-publish","format-standard","hentry","category-actualite","category-algerie"],"_links":{"self":[{"href":"https:\/\/linitiative.ca\/International\/wp-json\/wp\/v2\/posts\/68226","targetHints":{"allow":["GET"]}}],"collection":[{"href":"https:\/\/linitiative.ca\/International\/wp-json\/wp\/v2\/posts"}],"about":[{"href":"https:\/\/linitiative.ca\/International\/wp-json\/wp\/v2\/types\/post"}],"author":[{"embeddable":true,"href":"https:\/\/linitiative.ca\/International\/wp-json\/wp\/v2\/users\/1742"}],"replies":[{"embeddable":true,"href":"https:\/\/linitiative.ca\/International\/wp-json\/wp\/v2\/comments?post=68226"}],"version-history":[{"count":0,"href":"https:\/\/linitiative.ca\/International\/wp-json\/wp\/v2\/posts\/68226\/revisions"}],"wp:attachment":[{"href":"https:\/\/linitiative.ca\/International\/wp-json\/wp\/v2\/media?parent=68226"}],"wp:term":[{"taxonomy":"category","embeddable":true,"href":"https:\/\/linitiative.ca\/International\/wp-json\/wp\/v2\/categories?post=68226"},{"taxonomy":"post_tag","embeddable":true,"href":"https:\/\/linitiative.ca\/International\/wp-json\/wp\/v2\/tags?post=68226"}],"curies":[{"name":"wp","href":"https:\/\/api.w.org\/{rel}","templated":true}]}}