{"id":68232,"date":"2019-11-22T10:37:16","date_gmt":"2019-11-22T15:37:16","guid":{"rendered":"https:\/\/linitiative.ca\/International\/enfance-plaidoyer-pour-la-mobilisation-collective\/"},"modified":"2019-11-22T10:37:16","modified_gmt":"2019-11-22T15:37:16","slug":"enfance-plaidoyer-pour-la-mobilisation-collective","status":"publish","type":"post","link":"https:\/\/linitiative.ca\/International\/enfance-plaidoyer-pour-la-mobilisation-collective\/","title":{"rendered":"Enfance: Plaidoyer pour la mobilisation collective"},"content":{"rendered":"<div readability=\"39\">\n<p>Marrakech \u2013 La Directrice Ex\u00e9cutive de l\u2019Observatoire National des Droits de l\u2019Enfant (ONDE), Mme Lamia Bazir a plaid\u00e9, vendredi \u00e0 Marrakech, en faveur de la mobilisation collective, de l\u2019engagement effectif et de l\u2019adh\u00e9sion r\u00e9elle pour l\u2019am\u00e9lioration de la situation des enfants et la promotion de leurs droits.<\/p>\n<\/div>\n<div readability=\"158\">\n<p>Intervenant \u00e0 l\u2019ouverture d\u2019une Journ\u00e9e institutionnelle initi\u00e9e sous le th\u00e8me \u00ab\u00a0L\u2019enfant au coeur du nouveau mod\u00e8le de d\u00e9veloppement\u00a0\u00bb, dans le cadre de la 16\u00e8me \u00e9dition du Congr\u00e8s National des Droits de l\u2019enfant, organis\u00e9e sous le Haut Patronage de Sa Majest\u00e9 le Roi Mohammed VI et la Pr\u00e9sidence effective de Son Altesse Royale la Princesse Lalla Meryem, Mme Bazir a soutenu que la mobilisation ne suffit pas \u00e0 elle seule sans un engagement effectif et une adh\u00e9sion r\u00e9elle, le d\u00e9veloppement et l\u2019adoption de nouveaux m\u00e9canismes plus efficients et plus efficaces d\u00e9di\u00e9s \u00e0 la question de l\u2019enfance qui doit \u00eatre \u00e9rig\u00e9e dor\u00e9navant en priorit\u00e9 nationale.<\/p>\n<p>Cette question, a-t-elle expliqu\u00e9, ne doit pas \u00eatre r\u00e9duite \u00e0 une simple approche sociale mais doit constituer une dimension strat\u00e9gique int\u00e9grant les diff\u00e9rents programmes et politiques nationales, selon une m\u00e9thodologie coordonn\u00e9e et compl\u00e9mentaire, le but ultime \u00e9tant de \u00ab\u00a0r\u00e9aliser les ambitions \u00e9conomiques, sociales et culturelles \u00e0 travers l\u2019investissement dans nos enfants, notre principale richesse actuelle et dans l\u2019avenir, et la promotion de leurs droits conform\u00e9ment aux Hautes Orientations de SM le Roi Mohammed VI\u00a0\u00bb.<\/p>\n<p>Elle a aussi indiqu\u00e9 que cette Journ\u00e9e institutionnelle, organis\u00e9e dans le cadre du Congr\u00e8s National des Droits de l\u2019Enfant, se veut un moment historique de mobilisation collective, au plus haut niveau, pour r\u00e9affirmer l\u2019engagement du Maroc, avec toutes ses composantes, \u00e0 poursuivre et \u00e0 renouveler ses engagements pour l\u2019am\u00e9lioration de la situation des enfants et la promotion de leurs droits.<\/p>\n<p>Mme Bazir a, dans ce sens, soulign\u00e9 que ce Congr\u00e8s national se veut un moment de courage et de responsabilit\u00e9 pour tous les acteurs, qui ont d\u00e9cid\u00e9 d\u2019observer un temps d\u2019arr\u00eat pour m\u00e9diter et proc\u00e9der \u00e0 une auto-\u00e9valuation volontariste, objective et globale des r\u00e9alisations dans le domaine de l\u2019enfance.<\/p>\n<p>Dans ce cadre, a-t-elle poursuivi, et \u00e0 l\u2019initiative de l\u2019ONDE, l\u2019ensemble des d\u00e9partements gouvernementaux ont \u0153uvr\u00e9 pour la pr\u00e9paration du bilan de 30 ann\u00e9es de promotion des droits de l\u2019enfant, qui a constitu\u00e9 la base du rapport national pr\u00e9par\u00e9 par l\u2019Observatoire \u00e0 cette occasion.<\/p>\n<p>Se f\u00e9licitant du grand progr\u00e8s r\u00e9alis\u00e9 dans tous les domaines, sur les plans constitutionnel, l\u00e9gislatif, \u00e9conomique, social et politique et au niveau des programmes, Mme Bazir a indiqu\u00e9 que ce moment de confiance \u00ab\u00a0nous permettra de prendre connaissance, de mani\u00e8re pr\u00e9cise et avec une vision claire, des v\u00e9ritables probl\u00e8mes et d\u00e9fis \u00e0 surmonter ainsi que des mesures \u00e0 prendre pour prospecter l\u2019avenir avec la confiance, l\u2019optimisme et l\u2019enthousiasme n\u00e9cessaires afin de poursuivre la consolidation des droits de l\u2019enfant et la promotion de l\u2019enfance \u00e0 m\u00eame de l\u2019\u00e9riger en priorit\u00e9 nationale.<\/p>\n<p>Elle a fait remarquer que cette Journ\u00e9e institutionnelle, qui repr\u00e9sente un moment important et central de ce Congr\u00e8s, et refl\u00e8te la mobilisation institutionnelle sur les plans quantitatif et qualitatif, se veut une occasion pour une participation active et agissante de l\u2019ensemble des intervenants aux s\u00e9ances th\u00e9matiques de haut niveau (ministres, hauts responsables, acteurs associatifs et experts) afin de travailler en profondeur et avec minutie, non seulement pour l\u2019analyse de la situation actuelle et du bilan des r\u00e9alisations, mais aussi \u00ab\u00a0pour l\u2019\u00e9laboration et la formulation de recommandations et propositions communes, r\u00e9alistes et r\u00e9alisables, \u00e0 m\u00eame d\u2019\u00eatre pour nous tous une base commune et une feuille de route \u00e0 l\u2019horizon 2030, \u00e0 laquelle tout un chacun va adh\u00e9rer pour la protection de nos enfants\u00a0\u00bb.<\/p>\n<p>Mme Bazir a, par ailleurs, rappel\u00e9 que le Congr\u00e8s National des Droits de l\u2019Enfant se veut un espace historique cr\u00e9\u00e9 par Feu Sa Majest\u00e9 Hassan II apr\u00e8s la ratification par le Royaume de la Convention Internationale des Droits de l\u2019Enfant (CIDE), et a \u00e9t\u00e9 le fondement de la mise en place de l\u2019ONDE, en tant qu\u2019institution ind\u00e9pendante charg\u00e9e du suivi et de l\u2019acc\u00e9l\u00e9ration de la mise en oeuvre de la Convention onusienne, sous la Pr\u00e9sidence de SAR la Princesse Lalla Meryem qui n\u2019a m\u00e9nag\u00e9 aucun effort depuis des d\u00e9cennies pour la promotion des droits des enfants dans le Royaume.<\/p>\n<p>Elle a \u00e9galement pr\u00e9cis\u00e9 que le Congr\u00e8s National des Droits de l\u2019Enfant a constitu\u00e9 un moment historique pour renforcer la communication et la coordination entre les diff\u00e9rents acteurs (d\u00e9partements gouvernementaux, institutions nationales, soci\u00e9t\u00e9 civile et experts) pour \u00e9valuer les r\u00e9alisations et mettre en place des strat\u00e9gies, des politiques et des programmes pour le renforcement et la promotion de la situation des enfants.<\/p>\n<p>Initi\u00e9 par l\u2019ONDE, le 16\u00e8me Congr\u00e8s national des droits de l\u2019enfant a entam\u00e9 ses travaux, mercredi, \u00e0 Marrakech. Il se veut l\u2019occasion de c\u00e9l\u00e9brer les 30 ans de la Convention Internationale des Droits de l\u2019Enfant (CIDE), de dresser le bilan de la situation de l\u2019enfance depuis la ratification de la CIDE par le Maroc et de mobiliser les forces vives du Royaume pour mettre l\u2019enfant au centre du nouveau mod\u00e8le de d\u00e9veloppement.<\/p>\n<p>Le Congr\u00e8s national des droits de l\u2019enfant, dans une d\u00e9marche \u00e0 la fois r\u00e9trospective et prospective, constitue cette ann\u00e9e un \u00e9v\u00e9nement d\u2019envergure nationale et internationale auquel prennent part plus de 3.000 participants, parmi lesquels les membres de l\u2019Ex\u00e9cutif, des responsables publics, des personnalit\u00e9s onusiennes, des repr\u00e9sentants de la soci\u00e9t\u00e9 civile et du secteur priv\u00e9 et les enfants eux-m\u00eames, notamment les enfants parlementaires qui c\u00e9l\u00e9breront, dans ce cadre, les 20 ans du Parlement de l\u2019enfant.<\/p>\n<p>Les conclusions et engagements qui seront pris \u00e0 Marrakech constitueront une nouvelle feuille de route int\u00e9gr\u00e9e, permettant ainsi au Maroc d\u2019optimiser son potentiel humain, v\u00e9ritable richesse immat\u00e9rielle qui accompagne la r\u00e9alisation de ses ambitions \u00e9conomiques, politiques, sociales et culturelles.<\/p>\n<\/div>\n<p>Auteur: Meriem IGASS<br \/>\n<a href=\"http:\/\/www.mapmarrakech.ma\/fr\/enfant-5\/\">Cliquez ici pour lire l&rsquo;article depuis sa source.<\/a><\/p>\n","protected":false},"excerpt":{"rendered":"<p>Marrakech \u2013 La Directrice Ex\u00e9cutive de l\u2019Observatoire National des Droits de l\u2019Enfant (ONDE), Mme Lamia Bazir a plaid\u00e9, vendredi \u00e0 Marrakech, en faveur de la mobilisation collective, de l\u2019engagement effectif et de l\u2019adh\u00e9sion r\u00e9elle pour l\u2019am\u00e9lioration de la situation des enfants et la promotion de leurs droits. Intervenant \u00e0 l\u2019ouverture d\u2019une Journ\u00e9e institutionnelle initi\u00e9e sous [&hellip;]<\/p>\n","protected":false},"author":1788,"featured_media":0,"comment_status":"closed","ping_status":"closed","sticky":false,"template":"","format":"standard","meta":{"fifu_image_url":"","fifu_image_alt":"","footnotes":""},"categories":[54,76],"tags":[],"class_list":["post-68232","post","type-post","status-publish","format-standard","hentry","category-maroc","category-regions"],"_links":{"self":[{"href":"https:\/\/linitiative.ca\/International\/wp-json\/wp\/v2\/posts\/68232","targetHints":{"allow":["GET"]}}],"collection":[{"href":"https:\/\/linitiative.ca\/International\/wp-json\/wp\/v2\/posts"}],"about":[{"href":"https:\/\/linitiative.ca\/International\/wp-json\/wp\/v2\/types\/post"}],"author":[{"embeddable":true,"href":"https:\/\/linitiative.ca\/International\/wp-json\/wp\/v2\/users\/1788"}],"replies":[{"embeddable":true,"href":"https:\/\/linitiative.ca\/International\/wp-json\/wp\/v2\/comments?post=68232"}],"version-history":[{"count":0,"href":"https:\/\/linitiative.ca\/International\/wp-json\/wp\/v2\/posts\/68232\/revisions"}],"wp:attachment":[{"href":"https:\/\/linitiative.ca\/International\/wp-json\/wp\/v2\/media?parent=68232"}],"wp:term":[{"taxonomy":"category","embeddable":true,"href":"https:\/\/linitiative.ca\/International\/wp-json\/wp\/v2\/categories?post=68232"},{"taxonomy":"post_tag","embeddable":true,"href":"https:\/\/linitiative.ca\/International\/wp-json\/wp\/v2\/tags?post=68232"}],"curies":[{"name":"wp","href":"https:\/\/api.w.org\/{rel}","templated":true}]}}