{"id":68233,"date":"2019-11-22T11:09:47","date_gmt":"2019-11-22T16:09:47","guid":{"rendered":"https:\/\/linitiative.ca\/International\/enfancele-parlement-engage-a-developper-la-voie-legislative\/"},"modified":"2019-11-22T11:09:47","modified_gmt":"2019-11-22T16:09:47","slug":"enfancele-parlement-engage-a-developper-la-voie-legislative","status":"publish","type":"post","link":"https:\/\/linitiative.ca\/International\/enfancele-parlement-engage-a-developper-la-voie-legislative\/","title":{"rendered":"Enfance:Le parlement engag\u00e9 \u00e0 d\u00e9velopper la voie l\u00e9gislative"},"content":{"rendered":"<div readability=\"38\">\n<p>Marrakech \u2013 La Chambre des Repr\u00e9sentants poursuivra son action pour le d\u00e9veloppement et l\u2019actualisation du syst\u00e8me l\u00e9gislatif national par des lois relatives \u00e0 la protection des droits des enfants, a soulign\u00e9, vendredi \u00e0 Marrakech, le pr\u00e9sident de la Chambre, Habib El Malki.<\/p>\n<\/div>\n<div readability=\"147\">\n<p>La Chambre des Repr\u00e9sentants est engag\u00e9e \u00e0 poursuive son action pour le d\u00e9veloppement et l\u2019actualisation du syst\u00e8me l\u00e9gislatif national par des lois relatives \u00e0 la protection des droits des enfants et leur promotion et ce, \u00e0 travers l\u2019adoption de projets de lois ou d\u2019initiatives l\u00e9gislatives des membres de la Chambre, dont plusieurs propositions de lois portant notamment sur la pr\u00e9vention et la r\u00e9pression de l\u2019exploitation et de l\u2019agression sexuelle des enfants et la prise en charge des enfants abandonn\u00e9s, a relev\u00e9 M. El Malki qui intervenait lors d\u2019une journ\u00e9e institutionnelle initi\u00e9e sous le th\u00e8me \u00ab\u00a0L\u2019enfant au c\u0153ur du nouveau mod\u00e8le de d\u00e9veloppement\u00a0\u00bb, \u00e0 l\u2019occasion de la 16\u00e8 \u00e9dition du Congr\u00e8s National des Droits de l\u2019Enfant, organis\u00e9e sous le Haut Patronage de Sa Majest\u00e9 le Roi Mohammed VI et la pr\u00e9sidence effective de Son Altesse Royale la Princesse Lalla Meryem.<\/p>\n<p>La 16\u00e8me \u00e9dition de ce Congr\u00e8s des Droits de l\u2019Enfant intervient dans un contexte national marqu\u00e9 par plusieurs r\u00e9formes, notamment l\u2019appel de SM le Roi Mohammed VI \u00e0 \u00e9laborer et \u00e0 mettre en \u0153uvre un nouveau mod\u00e8le de d\u00e9veloppement qui place la question de l\u2019enfance au c\u0153ur de ce mod\u00e8le, afin de garantir \u00e0 cette frange de la soci\u00e9t\u00e9 une \u00e9ducation de qualit\u00e9, l\u2019acc\u00e8s aux soins m\u00e9dicaux, la protection familiale et sociale n\u00e9cessaires et la pr\u00e9vention contre toutes les formes de maltraitance.<\/p>\n<p>\u00ab\u00a0Investir dans les enfants et pour les enfants est un investissement dans l\u2019avenir, la stabilit\u00e9 et la coh\u00e9sion sociale\u00a0\u00bb, a-t-il insist\u00e9, notant que l\u2019institution l\u00e9gislative a fait de la protection de l\u2019enfance son cheval de bataille, en la pla\u00e7ant au centre du syst\u00e8me de contr\u00f4le avec ses diff\u00e9rents m\u00e9canismes et des politiques publiques et des programmes soumis \u00e0 \u00e9valuation.<\/p>\n<p>La Chambre des Repr\u00e9sentants a choisi l\u2019enseignement pr\u00e9scolaire ou de la petite enfance comme sujet d\u2019\u00e9valuation des politiques publiques au titre de l\u2019ann\u00e9e l\u00e9gislative 2018-2019, a fait savoir M. El Malki, ajoutant qu\u2019un rapport du groupe de travail th\u00e9matique charg\u00e9 de l\u2019\u00e9valuation sera bient\u00f4t examin\u00e9 et qui comprendra des recommandations renfor\u00e7ant le processus de r\u00e9forme en mati\u00e8re d\u2019\u00e9ducation et de formation.<\/p>\n<p>Par ailleurs, il a fait savoir que la Chambre veille de pr\u00e8s \u00e0 la mise en oeuvre des lois, \u00e0 travers notamment la publication de textes r\u00e9glementaires et le suivi de leur impact sur l\u2019am\u00e9lioration de la situation des enfants et la conformit\u00e9 de la l\u00e9gislation nationale avec les m\u00e9canismes internationaux de protection de l\u2019enfance.<\/p>\n<p>\u00ab\u00a0Eu \u00e9gard \u00e0 l\u2019importance cruciale des subventions financi\u00e8res n\u00e9cessaires \u00e0 toute politique publique, la Chambre oeuvrera dans le cadre de ses missions de contr\u00f4le \u00e0 pousser le pouvoir ex\u00e9cutif \u00e0 adopter ce que nous pourrions appeler le Budget de l\u2019enfance ou des g\u00e9n\u00e9rations\u00a0\u00bb, vu que le Maroc a \u00e9t\u00e9 l\u2019un des premiers pays \u00e0 adopter le budget de genre, a-t-il fait observer.<\/p>\n<p>Dans le cadre de la coop\u00e9ration globale entre les pouvoirs, le pr\u00e9sident de la Chambre des Repr\u00e9sentants a soulign\u00e9 la n\u00e9cessit\u00e9 de travailler de concert pour permettre aux enfants issus de familles vuln\u00e9rables de b\u00e9n\u00e9ficier d\u2019une \u00ab\u00a0discrimination positive\u00a0\u00bb concernant l\u2019acc\u00e8s gratuit aux services de soins dans divers \u00e9tablissements m\u00e9dicaux publics.<\/p>\n<p>Il a, aussi, insist\u00e9 sur l\u2019importance d\u2019\u00e9laborer un concept de coop\u00e9ration entre les secteurs public et priv\u00e9 afin de permettre aux enfants de b\u00e9n\u00e9ficier des services de sant\u00e9, rappelant que l\u2019\u00e9ducation et la sant\u00e9 sont deux droits fondamentaux \u00e0 pr\u00e9server.<\/p>\n<p>Conscient de l\u2019ampleur des d\u00e9fis auxquels le Maroc est confront\u00e9 dans le domaine de la protection des droits de l\u2019enfant et des enjeux fix\u00e9s, la Chambre des Repr\u00e9sentants reconna\u00eet la responsabilit\u00e9 qu\u2019elle doit assumer, non seulement pour assurer la continuit\u00e9 des dynamiques des politiques nationales pour les enfants au niveau l\u00e9gislatif et dans le domaine du d\u00e9veloppement socio-\u00e9conomique, mais \u00e9galement pour renforcer les m\u00e9canismes de protection, a-t-il conclu.<\/p>\n<p>Organis\u00e9e par l\u2019Observatoire National des Droits de l\u2019Enfant (ONDE), la 16\u00e8me \u00e9dition du Congr\u00e8s national des droits de l\u2019enfant se veut l\u2019occasion de c\u00e9l\u00e9brer les 30 ans de la Convention Internationale des Droits de l\u2019Enfant (CIDE), de dresser le bilan de la situation de l\u2019enfance depuis la ratification de la CIDE par le Maroc et de mobiliser les forces vives du Royaume pour mettre l\u2019enfant au centre du nouveau mod\u00e8le de d\u00e9veloppement.<\/p>\n<p>Le Congr\u00e8s national des droits de l\u2019enfant, dans une d\u00e9marche \u00e0 la fois r\u00e9trospective et prospective, constitue cette ann\u00e9e un \u00e9v\u00e9nement d\u2019envergure nationale et internationale auquel prennent part plus de 3.000 participants, parmi lesquels les membres de l\u2019Ex\u00e9cutif, des responsables publics, des personnalit\u00e9s onusiennes, des repr\u00e9sentants de la soci\u00e9t\u00e9 civile et du secteur priv\u00e9 et les enfants eux-m\u00eames, notamment les enfants parlementaires qui c\u00e9l\u00e9breront, dans ce cadre, les 20 ans du Parlement de l\u2019enfant.<\/p>\n<p>Cet \u00e9v\u00e9nement de port\u00e9e internationale se veut aussi un plaidoyer en faveur de l\u2019enfant, et s\u2019inscrit dans le cadre d\u2019une nouvelle dynamique insuffl\u00e9e par l\u2019ONDE pour catalyser les actions futures des hauts responsables et des experts de la question de l\u2019enfance aux niveaux national et africain.<\/p>\n<p>L\u2019objectif ultime est d\u2019\u00e9riger l\u2019enfant en priorit\u00e9 nationale, en engageant les parties prenantes \u00e0 adopter une nouvelle approche qui devra d\u00e9sormais \u00eatre ax\u00e9e sur les r\u00e9sultats, avec pour finalit\u00e9 de faire de l\u2019enfant, premi\u00e8re richesse du pays et du Continent, un levier de d\u00e9veloppement.<\/p>\n<p>Les conclusions et engagements qui seront pris \u00e0 Marrakech constitueront une nouvelle feuille de route int\u00e9gr\u00e9e, permettant ainsi au Maroc d\u2019optimiser son potentiel humain, v\u00e9ritable richesse immat\u00e9rielle qui accompagne la r\u00e9alisation de ses ambitions \u00e9conomiques, politiques, sociales et culturelles.<\/p>\n<\/div>\n<p>Auteur: Meriem IGASS<br \/>\n<a href=\"http:\/\/www.mapmarrakech.ma\/fr\/enfants\/\">Cliquez ici pour lire l&rsquo;article depuis sa source.<\/a><\/p>\n","protected":false},"excerpt":{"rendered":"<p>Marrakech \u2013 La Chambre des Repr\u00e9sentants poursuivra son action pour le d\u00e9veloppement et l\u2019actualisation du syst\u00e8me l\u00e9gislatif national par des lois relatives \u00e0 la protection des droits des enfants, a soulign\u00e9, vendredi \u00e0 Marrakech, le pr\u00e9sident de la Chambre, Habib El Malki. La Chambre des Repr\u00e9sentants est engag\u00e9e \u00e0 poursuive son action pour le d\u00e9veloppement [&hellip;]<\/p>\n","protected":false},"author":1788,"featured_media":0,"comment_status":"closed","ping_status":"closed","sticky":false,"template":"","format":"standard","meta":{"fifu_image_url":"","fifu_image_alt":"","footnotes":""},"categories":[54,76],"tags":[],"class_list":["post-68233","post","type-post","status-publish","format-standard","hentry","category-maroc","category-regions"],"_links":{"self":[{"href":"https:\/\/linitiative.ca\/International\/wp-json\/wp\/v2\/posts\/68233","targetHints":{"allow":["GET"]}}],"collection":[{"href":"https:\/\/linitiative.ca\/International\/wp-json\/wp\/v2\/posts"}],"about":[{"href":"https:\/\/linitiative.ca\/International\/wp-json\/wp\/v2\/types\/post"}],"author":[{"embeddable":true,"href":"https:\/\/linitiative.ca\/International\/wp-json\/wp\/v2\/users\/1788"}],"replies":[{"embeddable":true,"href":"https:\/\/linitiative.ca\/International\/wp-json\/wp\/v2\/comments?post=68233"}],"version-history":[{"count":0,"href":"https:\/\/linitiative.ca\/International\/wp-json\/wp\/v2\/posts\/68233\/revisions"}],"wp:attachment":[{"href":"https:\/\/linitiative.ca\/International\/wp-json\/wp\/v2\/media?parent=68233"}],"wp:term":[{"taxonomy":"category","embeddable":true,"href":"https:\/\/linitiative.ca\/International\/wp-json\/wp\/v2\/categories?post=68233"},{"taxonomy":"post_tag","embeddable":true,"href":"https:\/\/linitiative.ca\/International\/wp-json\/wp\/v2\/tags?post=68233"}],"curies":[{"name":"wp","href":"https:\/\/api.w.org\/{rel}","templated":true}]}}