{"id":68235,"date":"2019-11-22T11:42:26","date_gmt":"2019-11-22T16:42:26","guid":{"rendered":"https:\/\/linitiative.ca\/International\/enfance-appel-a-prendre-des-mesures-urgentes\/"},"modified":"2019-11-22T11:42:26","modified_gmt":"2019-11-22T16:42:26","slug":"enfance-appel-a-prendre-des-mesures-urgentes","status":"publish","type":"post","link":"https:\/\/linitiative.ca\/International\/enfance-appel-a-prendre-des-mesures-urgentes\/","title":{"rendered":"Enfance: Appel \u00e0 prendre des mesures \u00ab\u00a0urgentes\u00a0\u00bb"},"content":{"rendered":"<div readability=\"40\">\n<p>Marrakech \u2013 Le Conseiller senior au bureau de la Directrice Ex\u00e9cutive de l\u2019UNICEF \u00e0 New York, M. Geert Cappelaere, a appel\u00e9, vendredi \u00e0 Marrakech, \u00e0 se pencher sur l\u2019avenir de l\u2019enfance et \u00e0 \u00ab\u00a0nous engager \u00e0 prendre des mesures urgentes et concr\u00e8tes pour prot\u00e9ger et promouvoir les droits de chaque enfant, maintenant et pour les g\u00e9n\u00e9rations \u00e0 venir\u00a0\u00bb.<\/p>\n<\/div>\n<div readability=\"134\">\n<p>S\u2019exprimant \u00e0 l\u2019ouverture d\u2019une Journ\u00e9e institutionnelle sous le th\u00e8me \u00ab\u00a0L\u2019enfant au coeur du nouveau mod\u00e8le de d\u00e9veloppement\u00a0\u00bb, dans le cadre du 16\u00e8me Congr\u00e8s National des Droits de l\u2019enfant, organis\u00e9 par l\u2019Observatoire National des Droits de l\u2019Enfant (ONDE) sous le Haut Patronage de Sa Majest\u00e9 le Roi Mohammed VI et la Pr\u00e9sidence effective de Son Altesse Royale la Princesse Lalla Meryem, M. Cappelaere a soulign\u00e9 que les engagements pris en 1989 dans le cadre de la Convention Internationale des Droits de l\u2019Enfant (CIDE), \u00ab\u00a0ne seront respect\u00e9s que lorsque chaque gouvernement et chaque citoyen feront respecter les droits de l\u2019enfant et que chaque enfant pourra faire valoir ses droits\u00a0\u00bb.<\/p>\n<p>\u00ab\u00a0Cette ambition requiert le soutien de tous ainsi qu\u2019une volont\u00e9 politique. Pour cela, il nous faut renouveler l\u2019espoir, la vision et les promesses qui ont conduit \u00e0 l\u2019adoption de la Convention en 1989 et \u00e0 la tenue du premier Sommet mondial pour les enfants en 1990\u00a0\u00bb, a-t-il insist\u00e9, pr\u00e9cisant qu\u2019il appartient \u00e0 la g\u00e9n\u00e9ration actuelle de demander aux dirigeants des gouvernements, des entreprises et des communaut\u00e9s de mettre un terme d\u00e9finitif aux violations des droits de l\u2019enfant.<\/p>\n<p>\u00ab\u00a0En effet, ces acteurs doivent s\u2019engager \u00e0 agir afin de garantir que chaque enfant ait des droits\u00a0\u00bb, a-t-il dit.<\/p>\n<p>Le responsable onusien, qui a rappel\u00e9 que les dirigeants de la plan\u00e8te se sont r\u00e9unis, il y a 30 ans, dans le cadre d\u2019un consensus in\u00e9dit pour prendre un engagement historique \u00e0 l\u2019\u00e9gard des enfants du monde entier, en faisant la promesse de prot\u00e9ger et de faire valoir les droits de chaque enfant \u00e0 travers l\u2019adoption de la CIDE, a relev\u00e9 que les enfants doivent b\u00e9n\u00e9ficier de la protection n\u00e9cessaire pour pouvoir grandir, apprendre, jouer, se d\u00e9velopper et s\u2019\u00e9panouir, sachant que cette Convention est le trait\u00e9 de d\u00e9fense des droits de l\u2019Homme ratifi\u00e9 par le plus grand nombre de pays au monde, et a contribu\u00e9 \u00e0 transformer la vie de millions d\u2019enfants.<\/p>\n<p>\u00ab\u00a0En 30 ans, les droits des enfants n\u2019ont pas chang\u00e9, ils ne font l\u2019objet d\u2019aucune limite dans le temps. Cependant, les grandes mutations mondiales, telles que la mont\u00e9e en puissance de la technologie num\u00e9rique, les changements climatiques, les conflits prolong\u00e9s et les migrations de masse sont en train de modifier radicalement l\u2019enfance, et font peser de nouvelles menaces sur les droits de l\u2019enfant\u00a0\u00bb, a-t-il fait remarquer.<\/p>\n<p>Dans ce sens, il a indiqu\u00e9 que l\u2019UNICEF, au niveau mondial, pilote un processus de plaidoyer international pour renouveler l\u2019engagement politique \u00e0 tr\u00e8s haut niveau en faveur des droits de l\u2019enfant, ajoutant qu\u2019au niveau des diff\u00e9rents pays, l\u2019UNICEF travaille en symbiose avec ses partenaires strat\u00e9giques pour un renouvellement de l\u2019engagement politique \u00e0 haut niveau en faveur des droits de l\u2019enfant.<\/p>\n<p>Se f\u00e9licitant de la tenue de ce 16\u00e8me Congr\u00e8s National des Droits de l\u2019Enfant, qui se veut un congr\u00e8s \u00ab\u00a0historique\u00a0\u00bb pour honorer l\u2019histoire, consolider le pr\u00e9sent et s\u2019engager pour le futur, M. Cappelaere a soutenu que l\u2019UNICEF se r\u00e9jouit du \u00ab\u00a0partenariat historique\u00a0\u00bb avec le Royaume.<\/p>\n<p>\u00ab\u00a0Un partenariat con\u00e7u sur des valeurs communes et sur une vision partag\u00e9e et centr\u00e9e sur l\u2019int\u00e9r\u00eat sup\u00e9rieur de l\u2019enfant\u00a0\u00bb, s\u2019est-il f\u00e9licit\u00e9, soulignant que \u00ab\u00a0le leadership de Sa Majest\u00e9 le Roi Mohammed VI, qui accorde une importance particuli\u00e8re au dossier de l\u2019enfance, et l\u2019engagement de SAR la Princesse Lalla Meryem, Pr\u00e9sidente de l\u2019Observatoire National des Droits de l\u2019Enfant ainsi que la mobilisation de toutes les forces vives qui participent \u00e0 ce Congr\u00e8s constituent pour l\u2019UNICEF et les droits de l\u2019enfant au Maroc le meilleur gage pour la protection de l\u2019int\u00e9r\u00eat sup\u00e9rieur de chaque enfant dans le Royaume\u00a0\u00bb.<\/p>\n<p>Il a not\u00e9 que le Maroc s\u2019est attel\u00e9 depuis la ratification de la CIDE \u00e0 r\u00e9pondre \u00e0 ses engagements en la mati\u00e8re que ce soit sur le plan institutionnel, normatif ou politique, expliquant que les progr\u00e8s accomplis \u00e0 ce jour ont permis d\u2019avancer par rapport aux indicateurs relatifs \u00e0 l\u2019\u00e9ducation, \u00e0 la sant\u00e9 et \u00e0 la promotion du droit \u00e0 la participation.<\/p>\n<p>\u00ab\u00a0Dans le domaine de la protection, nous saluons l\u2019adoption de la politique publique int\u00e9gr\u00e9e de protection de l\u2019enfance qui confirme la dimension inter et multidisciplinaire de la protection, exigeant la mise en place de mesures pr\u00e9ventives proactives ainsi que de dispositifs territoriaux int\u00e9gr\u00e9s de protection\u00a0\u00bb, a-t-il poursuivi, estimant que la nouvelle analyse de la situation des enfants au Maroc constitue \u00ab\u00a0une opportunit\u00e9 pour un nouvel engagement collectif de tous les d\u00e9tenteurs d\u2019obligations, pour agir de mani\u00e8re int\u00e9gr\u00e9e pour relever les d\u00e9fis identifi\u00e9s par cette analyse.<\/p>\n<p>Et M. Cappelaere de conclure en s\u2019adressant aux enfants parlementaires que \u00ab\u00a0gr\u00e2ce \u00e0 ce Congr\u00e8s, vous avez une nouvelle opportunit\u00e9 pour faire entendre votre voix aupr\u00e8s des d\u00e9cideurs du Maroc. Saisissez cette chance et faites en sorte que les travaux de ce Congr\u00e8s aboutissent \u00e0 une nouvelle feuille de route pour les droits de l\u2019enfant au Maroc. Nous nous engagerons \u00e0 soutenir sa mise en oeuvre future\u00a0\u00bb.<\/p>\n<\/div>\n<p>Auteur: Meriem IGASS<br \/>\n<a href=\"http:\/\/www.mapmarrakech.ma\/fr\/enfant-6\/\">Cliquez ici pour lire l&rsquo;article depuis sa source.<\/a><\/p>\n","protected":false},"excerpt":{"rendered":"<p>Marrakech \u2013 Le Conseiller senior au bureau de la Directrice Ex\u00e9cutive de l\u2019UNICEF \u00e0 New York, M. Geert Cappelaere, a appel\u00e9, vendredi \u00e0 Marrakech, \u00e0 se pencher sur l\u2019avenir de l\u2019enfance et \u00e0 \u00ab\u00a0nous engager \u00e0 prendre des mesures urgentes et concr\u00e8tes pour prot\u00e9ger et promouvoir les droits de chaque enfant, maintenant et pour les [&hellip;]<\/p>\n","protected":false},"author":1788,"featured_media":0,"comment_status":"closed","ping_status":"closed","sticky":false,"template":"","format":"standard","meta":{"fifu_image_url":"","fifu_image_alt":"","footnotes":""},"categories":[54,76],"tags":[],"class_list":["post-68235","post","type-post","status-publish","format-standard","hentry","category-maroc","category-regions"],"_links":{"self":[{"href":"https:\/\/linitiative.ca\/International\/wp-json\/wp\/v2\/posts\/68235","targetHints":{"allow":["GET"]}}],"collection":[{"href":"https:\/\/linitiative.ca\/International\/wp-json\/wp\/v2\/posts"}],"about":[{"href":"https:\/\/linitiative.ca\/International\/wp-json\/wp\/v2\/types\/post"}],"author":[{"embeddable":true,"href":"https:\/\/linitiative.ca\/International\/wp-json\/wp\/v2\/users\/1788"}],"replies":[{"embeddable":true,"href":"https:\/\/linitiative.ca\/International\/wp-json\/wp\/v2\/comments?post=68235"}],"version-history":[{"count":0,"href":"https:\/\/linitiative.ca\/International\/wp-json\/wp\/v2\/posts\/68235\/revisions"}],"wp:attachment":[{"href":"https:\/\/linitiative.ca\/International\/wp-json\/wp\/v2\/media?parent=68235"}],"wp:term":[{"taxonomy":"category","embeddable":true,"href":"https:\/\/linitiative.ca\/International\/wp-json\/wp\/v2\/categories?post=68235"},{"taxonomy":"post_tag","embeddable":true,"href":"https:\/\/linitiative.ca\/International\/wp-json\/wp\/v2\/tags?post=68235"}],"curies":[{"name":"wp","href":"https:\/\/api.w.org\/{rel}","templated":true}]}}