{"id":68236,"date":"2019-11-22T13:35:50","date_gmt":"2019-11-22T18:35:50","guid":{"rendered":"https:\/\/linitiative.ca\/International\/investir-dans-lenfance-pour-diminuer-la-pauvrete\/"},"modified":"2019-11-22T13:35:50","modified_gmt":"2019-11-22T18:35:50","slug":"investir-dans-lenfance-pour-diminuer-la-pauvrete","status":"publish","type":"post","link":"https:\/\/linitiative.ca\/International\/investir-dans-lenfance-pour-diminuer-la-pauvrete\/","title":{"rendered":"Investir dans l\u2019enfance pour diminuer la pauvret\u00e9"},"content":{"rendered":"<div readability=\"42\">\n<p>Marrakech \u2013 Le pr\u00e9sident du Conseil \u00e9conomique, social et environnemental (CESE), Ahmed Reda Chami, a affirm\u00e9, vendredi \u00e0 Marrakech, que \u00ab\u00a0sans un investissement ad\u00e9quat dans l\u2019enfance, nous ne pourrons pr\u00e9tendre \u00e0 la diminution de la pauvret\u00e9 et des in\u00e9galit\u00e9s sociales, \u00e0 l\u2019accroissement du bien-\u00eatre de notre soci\u00e9t\u00e9 et \u00e0 une croissance \u00e9conomique\u00a0\u00bb.<\/p>\n<\/div>\n<div readability=\"164\">\n<p>M. Chami, qui intervenait lors d\u2019une Journ\u00e9e Institutionnelle initi\u00e9e sous le th\u00e8me \u00ab\u00a0L\u2019enfant au c\u0153ur du nouveau mod\u00e8le de d\u00e9veloppement\u00a0\u00bb, dans le cadre du 16\u00e8me Congr\u00e8s National des Droits de l\u2019Enfant, organis\u00e9 sous le Haut Patronage de SM le Roi Mohammed VI et la Pr\u00e9sidence effective de SAR la Princesse Lalla Meryem, a soulign\u00e9 qu\u2019\u00a0\u00bbaujourd\u2019hui plus qu\u2019hier, l\u2019enfant doit \u00eatre notre priorit\u00e9\u00a0\u00bb, tout en saluant le travail de Son Altesse Royale, pr\u00e9sidente de l\u2019Observatoire National des Droits de l\u2019Enfant (ONDE), pour ses actions ainsi que son d\u00e9vouement continu en faveur de l\u2019am\u00e9lioration de la situation de l\u2019enfance.<\/p>\n<p>Mettant en avant les avanc\u00e9es au Maroc apr\u00e8s la ratification de la Convention internationale relative aux Droits de l\u2019enfant (CIDE), M. Chami a indiqu\u00e9 qu\u2019en 30 ans, gr\u00e2ce aux efforts de toutes les institutions et les acteurs concern\u00e9s, le Royaume a r\u00e9alis\u00e9 des avanc\u00e9es, notamment la cons\u00e9cration des droits des enfants par la Constitution de 2011, en particulier le droit \u00e0 l\u2019enseignement fondamental, \u00e0 une \u00e9gale protection juridique et une \u00e9gale consid\u00e9ration sociale et morale, le recul de la mortalit\u00e9 infanto-juv\u00e9nile (enfants de moins de 5 ans) qui est pass\u00e9 de 76 pour 1000 naissances vivantes au d\u00e9but des ann\u00e9es 90 \u00e0 22,16 pour 1000 naissances vivantes en 2018, et la hausse du taux de scolarisation (99,5% dans le primaire), particuli\u00e8rement pour les jeunes filles dans le milieu rural.<\/p>\n<p>Il a \u00e9galement cit\u00e9 la r\u00e9vision de la l\u00e9gislation nationale dans le sens de l\u2019harmonisation avec les principes de la Convention, notamment celui de \u00ab\u00a0l\u2019int\u00e9r\u00eat sup\u00e9rieur de l\u2019enfant\u00a0\u00bb (r\u00e9vision du code de la famille, code du travail, code p\u00e9nal et code de proc\u00e9dure p\u00e9nale, code de la nationalit\u00e9\u2026), l\u2019adoption de politiques publiques sp\u00e9cifiques \u00e0 l\u2019enfance, notamment le Plan d\u2019action national pour l\u2019enfant et le Programme national ex\u00e9cutif de la politique publique int\u00e9gr\u00e9e de protection de l\u2019enfance.<\/p>\n<p>Toutefois, il a soulign\u00e9 que malgr\u00e9 ces efforts d\u00e9ploy\u00e9s, beaucoup reste \u00e0 faire, expliquant, dans ce sillage, que beaucoup d\u2019enfants font l\u2019objet notamment de risques importants d\u2019exclusion sociale, sont encore particuli\u00e8rement expos\u00e9s \u00e0 des formes extr\u00eames de violence ou soumis \u00e0 des normes et pratiques sociales pr\u00e9judiciables.<\/p>\n<p>\u00ab\u00a0Cette situation devrait nous rassembler, amener chacun de nous \u00e0 r\u00e9fl\u00e9chir sur la mani\u00e8re de prendre soin des enfants et de les prot\u00e9ger, de veiller \u00e0 ce que leurs conditions de vie soient les meilleures possibles, de les respecter, de les aider \u00e0 vivre en famille, \u00e0 grandir, \u00e0 acc\u00e9der \u00e0 l\u2019autonomie afin de les pr\u00e9parer \u00e0 un meilleur avenir\u00a0\u00bb, a-t-il martel\u00e9, soulignant que le CESE, conscient de cet \u00e9tat de fait, a accord\u00e9 depuis sa cr\u00e9ation une attention particuli\u00e8re \u00e0 la situation de l\u2019enfance dans le Royaume.<\/p>\n<p>Rappelant que le r\u00e9f\u00e9rentiel de la charte sociale du Conseil, r\u00e9alis\u00e9e en 2011, retient l\u2019objectif de garantir et de prot\u00e9ger les droits des enfants et de promouvoir leur \u00e9panouissement, en appui sur les normes nationales et internationales pertinentes, M. Chami a expliqu\u00e9 que le CESE a consacr\u00e9 plusieurs de ses rapports \u00e0 cette probl\u00e9matique.<\/p>\n<p>La r\u00e9flexion men\u00e9e par le Conseil sur ce sujet, bas\u00e9e sur une approche participative, refl\u00e9tant \u00e0 la fois le point de vue de la soci\u00e9t\u00e9 civile organis\u00e9e repr\u00e9sent\u00e9e au sein du CESE ainsi que l\u2019apport des diff\u00e9rents acteurs auditionn\u00e9s par le Conseil a permis la formulation de plusieurs actions visant la promotion et la protection des droits des enfants (67 actions dont 24 dans l\u2019avis sur le mariage des enfants et 43 dans le rapport sur l\u2019effectivit\u00e9 des droits des enfants), a-t-il soutenu.<\/p>\n<p>Ces actions portent sur trois aspects : le premier concerne la lutte efficace contre l\u2019exclusion sociale des enfants, le second se rapporte \u00e0 la lutte contre les pratiques pr\u00e9judiciables aux enfants, alors que le troisi\u00e8me a trait \u00e0 la politique int\u00e9gr\u00e9e de protection de l\u2019enfance engag\u00e9e par le gouvernement, a expliqu\u00e9 M. Chami.<\/p>\n<p>Il a, dans la foul\u00e9e, relev\u00e9 que le CESE pr\u00e9conise de doter cette politique de ressources financi\u00e8res plus importantes en vue de permettre une mise en \u0153uvre plus soutenue \u00e0 l\u2019\u00e9chelle nationale et territoriale, mettre en place de dispositifs territoriaux int\u00e9gr\u00e9s pour la protection de l\u2019enfance, \u00e0 travers l\u2019int\u00e9gration de la protection de l\u2019enfant dans les programmes de d\u00e9veloppement r\u00e9gionaux, provinciaux et les plans d\u2019action des communes, ainsi que la mise sur pied d\u2019un comit\u00e9 r\u00e9gional de protection de l\u2019enfance, en charge de la d\u00e9clinaison territoriale de la politique int\u00e9gr\u00e9e de protection de l\u2019enfance.<\/p>\n<p>Il a, d\u2019autre part, not\u00e9 que cette Rencontre constitue une belle occasion de \u00ab\u00a0faire avancer les droits de chaque enfant dans notre pays, en mettant son int\u00e9r\u00eat au c\u0153ur de toutes les r\u00e9flexions\u00a0\u00bb.<\/p>\n<p>\u00ab\u00a0Notre ambition est de b\u00e2tir un Maroc dans lequel les enfants, ind\u00e9pendamment de leur statut ou milieu social, jouissent pleinement et \u00e9quitablement de leurs droits, tels que stipul\u00e9s par la Constitution et la Convention internationale relative aux droits de l\u2019enfant\u00a0\u00bb, a-t-il conclu.<\/p>\n<p>S\u2019exprimant au nom des enfants parlementaires, Fatim Zahra Akhyar, finaliste de la 4\u00e8me \u00e9dition du D\u00e9fi de la lecture arabe \u00e0 Duba\u00ef (Emirats arabes unis), s\u2019est f\u00e9licit\u00e9e de la mobilisation des diff\u00e9rents acteurs en faveur de la promotion des droits de l\u2019enfance, comme en t\u00e9moigne la pr\u00e9sence de responsables de haut niveau \u00e0 cette Journ\u00e9e institutionnelle.<\/p>\n<p>Elle a saisi l\u2019occasion pour mettre en avant l\u2019action du Parlement de l\u2019enfant en tant que plateforme pour l\u2019expression des pr\u00e9occupations et des aspirations des enfants, appelant \u00e0 renforcer les services et prestations offerts au profit des enfants dans les diff\u00e9rents domaines, tout en accordant un int\u00e9r\u00eat particulier aux enfants abandonn\u00e9s et en situation de rue.<\/p>\n<\/div>\n<p>Auteur: Meriem IGASS<br \/>\n<a href=\"http:\/\/www.mapmarrakech.ma\/fr\/enfance-3\/\">Cliquez ici pour lire l&rsquo;article depuis sa source.<\/a><\/p>\n","protected":false},"excerpt":{"rendered":"<p>Marrakech \u2013 Le pr\u00e9sident du Conseil \u00e9conomique, social et environnemental (CESE), Ahmed Reda Chami, a affirm\u00e9, vendredi \u00e0 Marrakech, que \u00ab\u00a0sans un investissement ad\u00e9quat dans l\u2019enfance, nous ne pourrons pr\u00e9tendre \u00e0 la diminution de la pauvret\u00e9 et des in\u00e9galit\u00e9s sociales, \u00e0 l\u2019accroissement du bien-\u00eatre de notre soci\u00e9t\u00e9 et \u00e0 une croissance \u00e9conomique\u00a0\u00bb. M. Chami, qui [&hellip;]<\/p>\n","protected":false},"author":1788,"featured_media":0,"comment_status":"closed","ping_status":"closed","sticky":false,"template":"","format":"standard","meta":{"fifu_image_url":"","fifu_image_alt":"","footnotes":""},"categories":[54,76],"tags":[],"class_list":["post-68236","post","type-post","status-publish","format-standard","hentry","category-maroc","category-regions"],"_links":{"self":[{"href":"https:\/\/linitiative.ca\/International\/wp-json\/wp\/v2\/posts\/68236","targetHints":{"allow":["GET"]}}],"collection":[{"href":"https:\/\/linitiative.ca\/International\/wp-json\/wp\/v2\/posts"}],"about":[{"href":"https:\/\/linitiative.ca\/International\/wp-json\/wp\/v2\/types\/post"}],"author":[{"embeddable":true,"href":"https:\/\/linitiative.ca\/International\/wp-json\/wp\/v2\/users\/1788"}],"replies":[{"embeddable":true,"href":"https:\/\/linitiative.ca\/International\/wp-json\/wp\/v2\/comments?post=68236"}],"version-history":[{"count":0,"href":"https:\/\/linitiative.ca\/International\/wp-json\/wp\/v2\/posts\/68236\/revisions"}],"wp:attachment":[{"href":"https:\/\/linitiative.ca\/International\/wp-json\/wp\/v2\/media?parent=68236"}],"wp:term":[{"taxonomy":"category","embeddable":true,"href":"https:\/\/linitiative.ca\/International\/wp-json\/wp\/v2\/categories?post=68236"},{"taxonomy":"post_tag","embeddable":true,"href":"https:\/\/linitiative.ca\/International\/wp-json\/wp\/v2\/tags?post=68236"}],"curies":[{"name":"wp","href":"https:\/\/api.w.org\/{rel}","templated":true}]}}