{"id":68237,"date":"2019-11-21T14:40:23","date_gmt":"2019-11-21T19:40:23","guid":{"rendered":"https:\/\/linitiative.ca\/International\/don-royal-au-mausolee-de-cherif-mohamed-ameziane\/"},"modified":"2019-11-21T14:40:23","modified_gmt":"2019-11-21T19:40:23","slug":"don-royal-au-mausolee-de-cherif-mohamed-ameziane","status":"publish","type":"post","link":"https:\/\/linitiative.ca\/International\/don-royal-au-mausolee-de-cherif-mohamed-ameziane\/","title":{"rendered":"Don royal au Mausol\u00e9e de Cherif Mohamed Ameziane"},"content":{"rendered":"<p class=\"c4\">Une commission royale a proc\u00e9d\u00e9, jeudi \u00e0 Zeghanghane (Province de Nador), \u00e0 la remise d\u2019un don royal au profit du Mausol\u00e9e de Cherif Mohamed Ameziane, et ce \u00e0 l\u2019occasion de la comm\u00e9moration du 21\u00e8me anniversaire de la disparition de feu SM Hassan II, que Dieu ait Son \u00e2me.<\/p>\n<p class=\"c4\">Ce don royal a \u00e9t\u00e9 remis au Mokadem du mausol\u00e9e lors d\u2019une c\u00e9r\u00e9monie religieuse en pr\u00e9sence, notamment, du gouverneur de la province de Nador, Ali Khalil, du d\u00e9l\u00e9gu\u00e9 du minist\u00e8re des Habous et des Affaires islamiques, d\u2019\u00e9lus et de personnalit\u00e9s civiles et militaires.<\/p>\n<p class=\"c4\">Les repr\u00e9sentants du Mausol\u00e9e de Cherif Mohamed Ameziane ont exprim\u00e9, \u00e0 cette occasion, leurs sinc\u00e8res remerciements et leur gratitude pour la Haute sollicitude royale.<\/p>\n<p class=\"c4\">A cette occasion, l\u2019assistance a proc\u00e9d\u00e9 \u00e0 la d\u00e9clamation de versets du Saint Coran et de pan\u00e9gyriques du Proph\u00e8te Sidna Mohammed, paix et salut soient sur Lui.<\/p>\n<p class=\"c4\">L\u2019assistance a \u00e9galement implor\u00e9 le Tout-Puissant de pr\u00e9server SM le Roi Mohammed VI, Amir Al Mouminine, et de combler le Souverain en la personne de SAR le Prince H\u00e9ritier Moulay El Hassan, de SAR le Prince Moulay Rachid et de l\u2019ensemble des membres de l\u2019illustre famille royale.<\/p>\n<p class=\"c4\">Des versets du Saint Coran ont \u00e9t\u00e9 r\u00e9cit\u00e9s \u00e0 cette occasion et des pri\u00e8res \u00e9lev\u00e9es pour le repos de l\u2019\u00e2me des regrett\u00e9s Souverains, feus SM Mohammed V et SM Hassan II.<\/p>\n<p>Auteur: Soufiane ELAHMAR<br \/>\n<a href=\"http:\/\/www.mapoujda.ma\/fr\/don-royal-au-mausolee-de-cherif-mohamed-ameziane\/\">Cliquez ici pour lire l&rsquo;article depuis sa source.<\/a><\/p>\n","protected":false},"excerpt":{"rendered":"<p>Une commission royale a proc\u00e9d\u00e9, jeudi \u00e0 Zeghanghane (Province de Nador), \u00e0 la remise d\u2019un don royal au profit du Mausol\u00e9e de Cherif Mohamed Ameziane, et ce \u00e0 l\u2019occasion de la comm\u00e9moration du 21\u00e8me anniversaire de la disparition de feu SM Hassan II, que Dieu ait Son \u00e2me. Ce don royal a \u00e9t\u00e9 remis au [&hellip;]<\/p>\n","protected":false},"author":1788,"featured_media":0,"comment_status":"closed","ping_status":"closed","sticky":false,"template":"","format":"standard","meta":{"fifu_image_url":"","fifu_image_alt":"","footnotes":""},"categories":[54,76],"tags":[],"class_list":["post-68237","post","type-post","status-publish","format-standard","hentry","category-maroc","category-regions"],"_links":{"self":[{"href":"https:\/\/linitiative.ca\/International\/wp-json\/wp\/v2\/posts\/68237","targetHints":{"allow":["GET"]}}],"collection":[{"href":"https:\/\/linitiative.ca\/International\/wp-json\/wp\/v2\/posts"}],"about":[{"href":"https:\/\/linitiative.ca\/International\/wp-json\/wp\/v2\/types\/post"}],"author":[{"embeddable":true,"href":"https:\/\/linitiative.ca\/International\/wp-json\/wp\/v2\/users\/1788"}],"replies":[{"embeddable":true,"href":"https:\/\/linitiative.ca\/International\/wp-json\/wp\/v2\/comments?post=68237"}],"version-history":[{"count":0,"href":"https:\/\/linitiative.ca\/International\/wp-json\/wp\/v2\/posts\/68237\/revisions"}],"wp:attachment":[{"href":"https:\/\/linitiative.ca\/International\/wp-json\/wp\/v2\/media?parent=68237"}],"wp:term":[{"taxonomy":"category","embeddable":true,"href":"https:\/\/linitiative.ca\/International\/wp-json\/wp\/v2\/categories?post=68237"},{"taxonomy":"post_tag","embeddable":true,"href":"https:\/\/linitiative.ca\/International\/wp-json\/wp\/v2\/tags?post=68237"}],"curies":[{"name":"wp","href":"https:\/\/api.w.org\/{rel}","templated":true}]}}