{"id":68238,"date":"2019-11-22T06:21:31","date_gmt":"2019-11-22T11:21:31","guid":{"rendered":"https:\/\/linitiative.ca\/International\/guercif-accueille-la-30eme-edition-du-festival-de-lolivier\/"},"modified":"2019-11-22T06:21:31","modified_gmt":"2019-11-22T11:21:31","slug":"guercif-accueille-la-30eme-edition-du-festival-de-lolivier","status":"publish","type":"post","link":"https:\/\/linitiative.ca\/International\/guercif-accueille-la-30eme-edition-du-festival-de-lolivier\/","title":{"rendered":"Guercif accueille la 30\u00e8me \u00e9dition du Festival de l\u2019olivier"},"content":{"rendered":"<p class=\"c4\">La ville de Guercif accueille depuis jeudi et jusqu\u2019au 24 novembre courant, la 30\u00e8me\u00a0\u00e9dition du Festival de l\u2019olivier, plac\u00e9e sous le th\u00e8me \u00abLa formation professionnelle, un enjeu strat\u00e9gique pour le d\u00e9veloppement de la fili\u00e8re de la production ol\u00e9icole\u00bb.<\/p>\n<p class=\"c4\">Cet \u00e9v\u00e8nement, organis\u00e9 par l\u2019Association du festival de l\u2019olivier, s\u2019est ouverte en pr\u00e9sence notamment du secr\u00e9taire g\u00e9n\u00e9ral de la pr\u00e9fecture de la province de Guercif, des pr\u00e9sidents du Conseil provincial et du Conseil communal de Guercif, d\u2019\u00e9lus, de repr\u00e9sentants des autorit\u00e9s locales et chefs de services ext\u00e9rieurs.<\/p>\n<p class=\"c4\">Le festival vise \u00e0 valoriser et promouvoir les produits ol\u00e9icoles, \u00e0 augmenter la comp\u00e9titivit\u00e9 du secteur et renforcer les comp\u00e9tences locales et le soutien institutionnel \u00e0 ce secteur, en plus de mettre en avant le patrimoine culturel et artistique de la province.<\/p>\n<p class=\"c4\">Ce festival, organis\u00e9 pour la premi\u00e8re fois en 1971 et qui co\u00efncide cette ann\u00e9e avec les festivit\u00e9s marquant l\u2019anniversaire de la F\u00eate de l\u2019Ind\u00e9pendance, est devenu un rendez-vous incontournable pour faire connaitre les potentialit\u00e9s \u00e9conomiques, sociales et culturelles et les richesses agricoles dont regorge la province de Guercif, notamment le secteur des olives.<\/p>\n<p class=\"c4\">Cette \u00e9dition, organis\u00e9e en collaboration et en coordination avec plusieurs partenaires, notamment la direction r\u00e9gionale de l\u2019Agriculture, la Chambre r\u00e9gionale de l\u2019agriculture, la province de Guercif et les conseils communal et provincial, compte un programme riche en activit\u00e9s sportives, culturelles, artistiques et sociales, en plus d\u2019ateliers sur le secteur ol\u00e9icole.<\/p>\n<p class=\"c4\">En plus des spectacles d\u2019arts \u00e9questres traditionnels (Tbourida), l\u2019\u00e9v\u00e8nement porte sur l\u2019organisation, entre autres, d\u2019un carnaval avec la participation de plusieurs troupes artistiques et folkloriques, d\u2019une soir\u00e9e musicale anim\u00e9e par les artistes Hatim Idar et Cheba Maria, de projections cin\u00e9matographiques et diverses activit\u00e9s sportives et culturelles.<\/p>\n<p>Auteur: Soufiane ELAHMAR<br \/>\n<a href=\"http:\/\/www.mapoujda.ma\/fr\/guercif-accueille-la-30-eme-edition-du-festival-de-lolivier\/\">Cliquez ici pour lire l&rsquo;article depuis sa source.<\/a><\/p>\n","protected":false},"excerpt":{"rendered":"<p>La ville de Guercif accueille depuis jeudi et jusqu\u2019au 24 novembre courant, la 30\u00e8me\u00a0\u00e9dition du Festival de l\u2019olivier, plac\u00e9e sous le th\u00e8me \u00abLa formation professionnelle, un enjeu strat\u00e9gique pour le d\u00e9veloppement de la fili\u00e8re de la production ol\u00e9icole\u00bb. Cet \u00e9v\u00e8nement, organis\u00e9 par l\u2019Association du festival de l\u2019olivier, s\u2019est ouverte en pr\u00e9sence notamment du secr\u00e9taire g\u00e9n\u00e9ral [&hellip;]<\/p>\n","protected":false},"author":1788,"featured_media":0,"comment_status":"closed","ping_status":"closed","sticky":false,"template":"","format":"standard","meta":{"fifu_image_url":"","fifu_image_alt":"","footnotes":""},"categories":[54,76],"tags":[],"class_list":["post-68238","post","type-post","status-publish","format-standard","hentry","category-maroc","category-regions"],"_links":{"self":[{"href":"https:\/\/linitiative.ca\/International\/wp-json\/wp\/v2\/posts\/68238","targetHints":{"allow":["GET"]}}],"collection":[{"href":"https:\/\/linitiative.ca\/International\/wp-json\/wp\/v2\/posts"}],"about":[{"href":"https:\/\/linitiative.ca\/International\/wp-json\/wp\/v2\/types\/post"}],"author":[{"embeddable":true,"href":"https:\/\/linitiative.ca\/International\/wp-json\/wp\/v2\/users\/1788"}],"replies":[{"embeddable":true,"href":"https:\/\/linitiative.ca\/International\/wp-json\/wp\/v2\/comments?post=68238"}],"version-history":[{"count":0,"href":"https:\/\/linitiative.ca\/International\/wp-json\/wp\/v2\/posts\/68238\/revisions"}],"wp:attachment":[{"href":"https:\/\/linitiative.ca\/International\/wp-json\/wp\/v2\/media?parent=68238"}],"wp:term":[{"taxonomy":"category","embeddable":true,"href":"https:\/\/linitiative.ca\/International\/wp-json\/wp\/v2\/categories?post=68238"},{"taxonomy":"post_tag","embeddable":true,"href":"https:\/\/linitiative.ca\/International\/wp-json\/wp\/v2\/tags?post=68238"}],"curies":[{"name":"wp","href":"https:\/\/api.w.org\/{rel}","templated":true}]}}