{"id":68239,"date":"2019-11-22T10:50:26","date_gmt":"2019-11-22T15:50:26","guid":{"rendered":"https:\/\/linitiative.ca\/International\/migration-clandestine-arrestation-de-11-subsahariens\/"},"modified":"2019-11-22T10:50:26","modified_gmt":"2019-11-22T15:50:26","slug":"migration-clandestine-arrestation-de-11-subsahariens","status":"publish","type":"post","link":"https:\/\/linitiative.ca\/International\/migration-clandestine-arrestation-de-11-subsahariens\/","title":{"rendered":"Migration clandestine: Arrestation de 11 subsahariens"},"content":{"rendered":"<div class=\"single-featured\"><img alt=\"\" data-src=\"http:\/\/www.mapoujda.ma\/map\/uploads\/2019\/03\/\u0627\u0644\u0645\u062f\u064a\u0631\u064a\u0629-\u0627\u0644\u0639\u0627\u0645\u0629-\u0644\u0644\u0623\u0645\u0646-\u0627\u0644\u0648\u0637\u0646\u064a.jpg\"\/><\/div>\n<div class=\"entry-content clearfix single-post-content\" readability=\"66\">\n<p class=\"c4\">Les \u00e9l\u00e9ments du service pr\u00e9fectoral de la police judiciaire d\u2019Oujda ont arr\u00eat\u00e9 vendredi, sur la base d\u2019informations pr\u00e9cises fournies par les services de la Direction g\u00e9n\u00e9rale de la surveillance du territoire (DGST), onze ressortissants subsahariens, dont un mineur, pour leur implication pr\u00e9sum\u00e9e dans l\u2019organisation de la migration clandestine, la traite\u00a0humaine et le trafic de drogues, de psychotropes et d\u2019alcool de contrebande.<\/p>\n<p class=\"c4\">Les services de s\u00fbret\u00e9 avaient effectu\u00e9 des descentes dans cinq habitations \u00e0 Oujda dans le cadre de la lutte contre la migration clandestine et la r\u00e9sidence ill\u00e9gale au Maroc, indique la Direction g\u00e9n\u00e9rale de la s\u00fbret\u00e9 nationale (DGSN) dans un communiqu\u00e9, pr\u00e9cisant que 75 personnes de diff\u00e9rentes nationalit\u00e9s africaines ont \u00e9t\u00e9 interpell\u00e9es, dont 15 femmes et 6 mineurs, alors que 48 bouteilles d\u2019alcool et 27 grammes de chira, destin\u00e9s \u00e0 la vente au d\u00e9tail, ont \u00e9t\u00e9 saisis.<\/p>\n<p class=\"c4\">Les enqu\u00eates et les investigations men\u00e9es ont d\u00e9montr\u00e9 que cinq des personnes arr\u00eat\u00e9es s\u2019activaient dans la migration clandestine et \u00e9taient en train de pr\u00e9parer le transfert des autres individus interpell\u00e9s vers l\u2019Europe contre des sommes d\u2019argent, ajoute le communiqu\u00e9, notant que six autres personnes s\u2019activaient dans le trafic d\u2019alcool de contrebande alors que les individus restants r\u00e9sidaient au Maroc de mani\u00e8re ill\u00e9gale et \u00e9taient candidats \u00e0 la migration clandestine.<\/p>\n<p class=\"c4\">Les mis en cause ont \u00e9t\u00e9 plac\u00e9s en garde \u00e0 vue et sous contr\u00f4le \u00e0 la disposition de l\u2019enqu\u00eate men\u00e9e sous la supervision du parquet comp\u00e9tent, alors que les candidats \u00e0 la migration clandestine interpell\u00e9s ont \u00e9t\u00e9 soumis aux mesures l\u00e9gales et r\u00e9glementaires relatives \u00e0 la r\u00e9sidence des \u00e9trangers au Royaume, conclut la DGSN.<\/p>\n<\/div>\n<p>Auteur: Soufiane ELAHMAR<br \/>\n<a href=\"http:\/\/www.mapoujda.ma\/fr\/migration-clandestine-arrestation-de-11-subsahariens\/\">Cliquez ici pour lire l&rsquo;article depuis sa source.<\/a><\/p>\n","protected":false},"excerpt":{"rendered":"<p>Les \u00e9l\u00e9ments du service pr\u00e9fectoral de la police judiciaire d\u2019Oujda ont arr\u00eat\u00e9 vendredi, sur la base d\u2019informations pr\u00e9cises fournies par les services de la Direction g\u00e9n\u00e9rale de la surveillance du territoire (DGST), onze ressortissants subsahariens, dont un mineur, pour leur implication pr\u00e9sum\u00e9e dans l\u2019organisation de la migration clandestine, la traite\u00a0humaine et le trafic de drogues, [&hellip;]<\/p>\n","protected":false},"author":1788,"featured_media":68240,"comment_status":"closed","ping_status":"closed","sticky":false,"template":"","format":"standard","meta":{"fifu_image_url":"","fifu_image_alt":"","footnotes":""},"categories":[54,76],"tags":[],"class_list":["post-68239","post","type-post","status-publish","format-standard","has-post-thumbnail","hentry","category-maroc","category-regions"],"_links":{"self":[{"href":"https:\/\/linitiative.ca\/International\/wp-json\/wp\/v2\/posts\/68239","targetHints":{"allow":["GET"]}}],"collection":[{"href":"https:\/\/linitiative.ca\/International\/wp-json\/wp\/v2\/posts"}],"about":[{"href":"https:\/\/linitiative.ca\/International\/wp-json\/wp\/v2\/types\/post"}],"author":[{"embeddable":true,"href":"https:\/\/linitiative.ca\/International\/wp-json\/wp\/v2\/users\/1788"}],"replies":[{"embeddable":true,"href":"https:\/\/linitiative.ca\/International\/wp-json\/wp\/v2\/comments?post=68239"}],"version-history":[{"count":0,"href":"https:\/\/linitiative.ca\/International\/wp-json\/wp\/v2\/posts\/68239\/revisions"}],"wp:featuredmedia":[{"embeddable":true,"href":"https:\/\/linitiative.ca\/International\/wp-json\/"}],"wp:attachment":[{"href":"https:\/\/linitiative.ca\/International\/wp-json\/wp\/v2\/media?parent=68239"}],"wp:term":[{"taxonomy":"category","embeddable":true,"href":"https:\/\/linitiative.ca\/International\/wp-json\/wp\/v2\/categories?post=68239"},{"taxonomy":"post_tag","embeddable":true,"href":"https:\/\/linitiative.ca\/International\/wp-json\/wp\/v2\/tags?post=68239"}],"curies":[{"name":"wp","href":"https:\/\/api.w.org\/{rel}","templated":true}]}}