{"id":68241,"date":"2019-11-22T03:23:43","date_gmt":"2019-11-22T08:23:43","guid":{"rendered":"https:\/\/linitiative.ca\/International\/wilaya-dalger-signature-de-marches-pour-le-raccordement-au-reseau-de-gaz-et-delectricite\/"},"modified":"2019-11-22T03:23:43","modified_gmt":"2019-11-22T08:23:43","slug":"wilaya-dalger-signature-de-marches-pour-le-raccordement-au-reseau-de-gaz-et-delectricite","status":"publish","type":"post","link":"https:\/\/linitiative.ca\/International\/wilaya-dalger-signature-de-marches-pour-le-raccordement-au-reseau-de-gaz-et-delectricite\/","title":{"rendered":"Wilaya d&rsquo;Alger: signature de march\u00e9s pour le raccordement au r\u00e9seau de gaz et d&rsquo;\u00e9lectricit\u00e9"},"content":{"rendered":"<div readability=\"35\">\n<p><strong>ALGER- La wilaya d&rsquo;Alger a sign\u00e9 jeudi avec le groupe Sonelgaz, des march\u00e9s d&rsquo;une enveloppe d&rsquo;un milliard DA pour le raccordement au r\u00e9seau d&rsquo;\u00e9lectricit\u00e9 et de gaz de plus de 17.000 foyers \u00e0 travers le territoire de la wilaya.<\/strong><\/p>\n<\/div>\n<div readability=\"78.5\">\n<p>La c\u00e9r\u00e9monie de signature de ces march\u00e9s s&rsquo;est d\u00e9roul\u00e9e en pr\u00e9sence du ministre de l&rsquo;Energie, Mohamed Arkab, le wali d&rsquo;Alger, Abdelkhalek Sayouda, le Pr\u00e9sident directeur g\u00e9n\u00e9ral (P-dg) du groupe Sonelgaz, Chahar Boulakhras et des directeurs de distribution de la soci\u00e9t\u00e9 de distribution d&rsquo;\u00e9lectricit\u00e9 et du gaz d&rsquo;Alger (SDA).<\/p>\n<blockquote readability=\"9\">\n<p><em><strong>Intervenant \u00e0 cette occasion, le ministre de l&rsquo;Energie, a affirm\u00e9 qu&rsquo;une enveloppe d&rsquo;un milliard DA a \u00e9t\u00e9 allou\u00e9e \u00e0 cette premi\u00e8re \u00e9tape de l&rsquo;op\u00e9ration de raccordement au r\u00e9seau d&rsquo;\u00e9lectricit\u00e9 et du gaz qui touchera plus de 17.000 foyers alg\u00e9rois.<\/strong><\/em><\/p>\n<\/blockquote>\n<p>Le premi\u00e8re \u00e9tape sera r\u00e9alis\u00e9e dans un d\u00e9lais de trois (03) mois avec des comp\u00e9tences locales, a-t-il mis en avant, ajoutant que le taux de raccordement en \u00e9lectricit\u00e9 \u00e0 la capitale \u00ab\u00a0d\u00e9passe 98%\u00a0\u00bb.<\/p>\n<p>Dans le cadre du parach\u00e8vement des projets et des op\u00e9rations de raccordement au r\u00e9seau de gaz et d&rsquo;\u00e9lectricit\u00e9, un budget suppl\u00e9mentaire d&rsquo;un milliard DA a \u00e9t\u00e9 enregistr\u00e9 au titre du budget de l&rsquo;exercice 2020.<\/p>\n<p>De son c\u00f4t\u00e9, le wali Abdelkhalek Sayouda a fait savoir que les services de la wilaya avaient effectu\u00e9 une op\u00e9ration de recensement de l&rsquo;ensemble des agglom\u00e9rations, des Haouchs et des quartiers de la capitale n&rsquo;ayant pas encore connu des op\u00e9rations de raccordement au r\u00e9seau \u00e9lectrique et de gaz, d\u00e9termin\u00e9s \u00e0 travers 32 communes sur un total de 57 commune dans la capitale.<\/p>\n<blockquote readability=\"10\">\n<p><em><strong>Le wali a relev\u00e9, \u00e0 ce titre, que l&rsquo;op\u00e9ration aura un impact positif, en ce sens qu&rsquo;elle permettra d&rsquo;\u00e9radiquer le ph\u00e9nom\u00e8ne de raccordement anarchique au r\u00e9seau \u00e9lectrique et de doter les habitants et les \u00e9quipements publics.<\/strong><\/em><\/p>\n<\/blockquote>\n<p>A son tour, le directeur de l&rsquo;\u00e9nergie de la wilaya d&rsquo;Alger, Ali Benyakhlef a pass\u00e9 en revue l&rsquo;essentiel des statistiques portant sur l&rsquo;op\u00e9ration dans sa premi\u00e8re \u00e9tape qui englobera le raccordement au r\u00e9seau d&rsquo;\u00e9lectricit\u00e9 et de gaz et concernera plus de 7.989 habitations au r\u00e9seau de gaz \u00e0 travers 30 communes \u00e0 Alger (10 circonscriptions administratives), ainsi que le raccordement de plus de 10.600 habitations au r\u00e9seau de gaz naturel, ayant \u00e9t\u00e9 recens\u00e9es \u00e0 travers 32 communes (11 circonscriptions administratives).<\/p>\n<p>Le m\u00eame responsable a \u00e9galement indiqu\u00e9 que ces projets permettront d&rsquo;augmenter le taux de couverture en gaz naturel dans la capitale, qui passera de 76% actuellement \u00e0 plus de 80%.<\/p>\n<\/div>\n<p>Auteur:<br \/>\n<a href=\"http:\/\/www.aps.dz\/regions\/97867-wilaya-d-alger-signature-de-marches-pour-le-raccordement-au-reseau-de-gaz-et-d-electricite\">Cliquez ici pour lire l&rsquo;article depuis sa source.<\/a><\/p>\n","protected":false},"excerpt":{"rendered":"<p>ALGER- La wilaya d&rsquo;Alger a sign\u00e9 jeudi avec le groupe Sonelgaz, des march\u00e9s d&rsquo;une enveloppe d&rsquo;un milliard DA pour le raccordement au r\u00e9seau d&rsquo;\u00e9lectricit\u00e9 et de gaz de plus de 17.000 foyers \u00e0 travers le territoire de la wilaya. La c\u00e9r\u00e9monie de signature de ces march\u00e9s s&rsquo;est d\u00e9roul\u00e9e en pr\u00e9sence du ministre de l&rsquo;Energie, Mohamed [&hellip;]<\/p>\n","protected":false},"author":1790,"featured_media":0,"comment_status":"closed","ping_status":"closed","sticky":false,"template":"","format":"standard","meta":{"fifu_image_url":"","fifu_image_alt":"","footnotes":""},"categories":[53,76],"tags":[],"class_list":["post-68241","post","type-post","status-publish","format-standard","hentry","category-algerie","category-regions"],"_links":{"self":[{"href":"https:\/\/linitiative.ca\/International\/wp-json\/wp\/v2\/posts\/68241","targetHints":{"allow":["GET"]}}],"collection":[{"href":"https:\/\/linitiative.ca\/International\/wp-json\/wp\/v2\/posts"}],"about":[{"href":"https:\/\/linitiative.ca\/International\/wp-json\/wp\/v2\/types\/post"}],"author":[{"embeddable":true,"href":"https:\/\/linitiative.ca\/International\/wp-json\/wp\/v2\/users\/1790"}],"replies":[{"embeddable":true,"href":"https:\/\/linitiative.ca\/International\/wp-json\/wp\/v2\/comments?post=68241"}],"version-history":[{"count":0,"href":"https:\/\/linitiative.ca\/International\/wp-json\/wp\/v2\/posts\/68241\/revisions"}],"wp:attachment":[{"href":"https:\/\/linitiative.ca\/International\/wp-json\/wp\/v2\/media?parent=68241"}],"wp:term":[{"taxonomy":"category","embeddable":true,"href":"https:\/\/linitiative.ca\/International\/wp-json\/wp\/v2\/categories?post=68241"},{"taxonomy":"post_tag","embeddable":true,"href":"https:\/\/linitiative.ca\/International\/wp-json\/wp\/v2\/tags?post=68241"}],"curies":[{"name":"wp","href":"https:\/\/api.w.org\/{rel}","templated":true}]}}