{"id":68242,"date":"2019-11-22T05:28:00","date_gmt":"2019-11-22T10:28:00","guid":{"rendered":"https:\/\/linitiative.ca\/International\/seisme-de-trois-degres-dans-la-wilaya-de-guelma\/"},"modified":"2019-11-22T05:28:00","modified_gmt":"2019-11-22T10:28:00","slug":"seisme-de-trois-degres-dans-la-wilaya-de-guelma","status":"publish","type":"post","link":"https:\/\/linitiative.ca\/International\/seisme-de-trois-degres-dans-la-wilaya-de-guelma\/","title":{"rendered":"S\u00e9isme de trois degr\u00e9s dans la wilaya de Guelma"},"content":{"rendered":"<p><span class=\"sp-nh-title\">Pr\u00e9sidentielle : les candidats promettent l&rsquo;ouverture de l&rsquo;\u00e9conomie et la relance du d\u00e9veloppement dans le Sud \u00a0<\/span> &#8211; <span class=\"sp-nh-date\">vendredi 22 novembre 2019 19:52<\/span><\/p>\n<p><span class=\"sp-nh-title\">Sahara occidental: le Maroc doit \u00eatre trait\u00e9 par l&rsquo;ONU comme un occupant, non comme un partenaire<\/span> &#8211; <span class=\"sp-nh-date\">vendredi 22 novembre 2019 19:31<\/span><\/p>\n<p><span class=\"sp-nh-title\">l&rsquo;Alg\u00e9rie a besoin d&rsquo;un dirigeant de la g\u00e9n\u00e9ration post-ind\u00e9pendance \u00a0<\/span> &#8211; <span class=\"sp-nh-date\">vendredi 22 novembre 2019 19:29<\/span><\/p>\n<p><span class=\"sp-nh-title\">44e Eucoco: Galland interpelle l&rsquo;ONU pour d\u00e9p\u00eacher des missions des droits de l&rsquo;Homme au Sahara occidental occup\u00e9<\/span> &#8211; <span class=\"sp-nh-date\">vendredi 22 novembre 2019 18:35<\/span><\/p>\n<p><span class=\"sp-nh-title\">Une campagne de sensibilisation aux risques d&rsquo;asphyxie au monoxyde de carbone<\/span> &#8211; <span class=\"sp-nh-date\">vendredi 22 novembre 2019 18:01<\/span><\/p>\n<p><span class=\"sp-nh-title\">Tindouf : le poste frontalier Mustapha Benboulaid, un facteur d\u2019attrait des investissements<\/span> &#8211; <span class=\"sp-nh-date\">vendredi 22 novembre 2019 17:56<\/span><\/p>\n<p><span class=\"sp-nh-title\">Des averses de pluie sur plusieurs wilayas du pays \u00e0 partir du vendredi soir (BMS)<\/span> &#8211; <span class=\"sp-nh-date\">vendredi 22 novembre 2019 17:27<\/span><\/p>\n<p><span class=\"sp-nh-title\">Sahara occidental: la r\u00e9solution du conflit passe par l&rsquo;application de la r\u00e9solution onusienne 1514<\/span> &#8211; <span class=\"sp-nh-date\">vendredi 22 novembre 2019 17:21<\/span><\/p>\n<p><span class=\"sp-nh-title\">Cannibale , une nouvelle pi\u00e8ce au Th\u00e9\u00e2tre r\u00e9gional de B\u00e9jaia<\/span> &#8211; <span class=\"sp-nh-date\">vendredi 22 novembre 2019 16:49<\/span><\/p>\n<p><span class=\"sp-nh-title\">CAN-2020 : l&rsquo;Alg\u00e9rie d\u00e9butera face \u00e0 la Zambie<\/span> &#8211; <span class=\"sp-nh-date\">vendredi 22 novembre 2019 16:33<\/span><\/p>\n<p><span class=\"sp-nh-title\">Bengrina insiste sur l&rsquo;imp\u00e9ratif de gagner la bataille de la s\u00e9curit\u00e9 alimentaire en Alg\u00e9rie<\/span> &#8211; <span class=\"sp-nh-date\">vendredi 22 novembre 2019 16:22<\/span><\/p>\n<p><span class=\"sp-nh-title\">Les tentatives d\u00e9sesp\u00e9r\u00e9es ciblant la s\u00e9curit\u00e9 de l&rsquo;Alg\u00e9rie ont \u00e9chou\u00e9 et vont encore \u00e9chouer<\/span> &#8211; <span class=\"sp-nh-date\">vendredi 22 novembre 2019 15:23<\/span><\/p>\n<p><span class=\"sp-nh-title\">Sahara occidental: les parlementaires ont une place \u00e9minente dans le combat pour la paix<\/span> &#8211; <span class=\"sp-nh-date\">vendredi 22 novembre 2019 14:19<\/span><\/p>\n<p><span class=\"sp-nh-title\">41e Festival international du cin\u00e9ma du Caire : deux films alg\u00e9riens en comp\u00e9tition<\/span> &#8211; <span class=\"sp-nh-date\">vendredi 22 novembre 2019 13:30<\/span><\/p>\n<p><span class=\"sp-nh-title\">Karat\u00e9-do : apr\u00e8s l&rsquo;or mondial, Anis Helassa r\u00eave des JO<\/span> &#8211; <span class=\"sp-nh-date\">vendredi 22 novembre 2019 13:09<\/span><\/p>\n<p><span class=\"sp-nh-title\">Vo Vietnam: la F\u00e9d\u00e9ration alg\u00e9rienne passe sous l&rsquo;\u00e9gide de la World Federation<\/span> &#8211; <span class=\"sp-nh-date\">vendredi 22 novembre 2019 12:38<\/span><\/p>\n<p><span class=\"sp-nh-title\">Toutes les options seront examin\u00e9es lors du Congr\u00e8s du Polisario y compris la lutte arm\u00e9e<\/span> &#8211; <span class=\"sp-nh-date\">vendredi 22 novembre 2019 12:20<\/span><\/p>\n<p><span class=\"sp-nh-title\">Arrestation de 6 individus pour tentative de ralliement aux groupes terroristes au Sahel<\/span> &#8211; <span class=\"sp-nh-date\">vendredi 22 novembre 2019 12:13<\/span><\/p>\n<p><span class=\"sp-nh-title\">Mondiaux de para-athl\u00e9tisme: Bernaoui encense la s\u00e9lection alg\u00e9rienne aur\u00e9ol\u00e9e de 16 m\u00e9dailles<\/span> &#8211; <span class=\"sp-nh-date\">vendredi 22 novembre 2019 12:06<\/span><\/p>\n<p><span class=\"sp-nh-title\">Alg\u00e9rie T\u00e9l\u00e9com lance une nouvelle application mobile \u00a0\u00bbE-Paiement espace client\u00a0\u00bb<\/span> &#8211; <span class=\"sp-nh-date\">vendredi 22 novembre 2019 11:54<\/span><\/p>\n<p>Auteur:<br \/>\n<a href=\"http:\/\/www.aps.dz\/regions\/97877-seisme-de-trois-degres-dans-la-wilaya-de-guelma-craag\">Cliquez ici pour lire l&rsquo;article depuis sa source.<\/a><\/p>\n","protected":false},"excerpt":{"rendered":"<p>Pr\u00e9sidentielle : les candidats promettent l&rsquo;ouverture de l&rsquo;\u00e9conomie et la relance du d\u00e9veloppement dans le Sud \u00a0 &#8211; vendredi 22 novembre 2019 19:52 Sahara occidental: le Maroc doit \u00eatre trait\u00e9 par l&rsquo;ONU comme un occupant, non comme un partenaire &#8211; vendredi 22 novembre 2019 19:31 l&rsquo;Alg\u00e9rie a besoin d&rsquo;un dirigeant de la g\u00e9n\u00e9ration post-ind\u00e9pendance \u00a0 [&hellip;]<\/p>\n","protected":false},"author":1790,"featured_media":0,"comment_status":"closed","ping_status":"closed","sticky":false,"template":"","format":"standard","meta":{"fifu_image_url":"","fifu_image_alt":"","footnotes":""},"categories":[53,76],"tags":[],"class_list":["post-68242","post","type-post","status-publish","format-standard","hentry","category-algerie","category-regions"],"_links":{"self":[{"href":"https:\/\/linitiative.ca\/International\/wp-json\/wp\/v2\/posts\/68242","targetHints":{"allow":["GET"]}}],"collection":[{"href":"https:\/\/linitiative.ca\/International\/wp-json\/wp\/v2\/posts"}],"about":[{"href":"https:\/\/linitiative.ca\/International\/wp-json\/wp\/v2\/types\/post"}],"author":[{"embeddable":true,"href":"https:\/\/linitiative.ca\/International\/wp-json\/wp\/v2\/users\/1790"}],"replies":[{"embeddable":true,"href":"https:\/\/linitiative.ca\/International\/wp-json\/wp\/v2\/comments?post=68242"}],"version-history":[{"count":0,"href":"https:\/\/linitiative.ca\/International\/wp-json\/wp\/v2\/posts\/68242\/revisions"}],"wp:attachment":[{"href":"https:\/\/linitiative.ca\/International\/wp-json\/wp\/v2\/media?parent=68242"}],"wp:term":[{"taxonomy":"category","embeddable":true,"href":"https:\/\/linitiative.ca\/International\/wp-json\/wp\/v2\/categories?post=68242"},{"taxonomy":"post_tag","embeddable":true,"href":"https:\/\/linitiative.ca\/International\/wp-json\/wp\/v2\/tags?post=68242"}],"curies":[{"name":"wp","href":"https:\/\/api.w.org\/{rel}","templated":true}]}}