{"id":68243,"date":"2019-11-22T11:56:05","date_gmt":"2019-11-22T16:56:05","guid":{"rendered":"https:\/\/linitiative.ca\/International\/tindouf-le-poste-frontalier-mustapha-benboulaid-un-facteur-dattrait-des-investissements\/"},"modified":"2019-11-22T11:56:05","modified_gmt":"2019-11-22T16:56:05","slug":"tindouf-le-poste-frontalier-mustapha-benboulaid-un-facteur-dattrait-des-investissements","status":"publish","type":"post","link":"https:\/\/linitiative.ca\/International\/tindouf-le-poste-frontalier-mustapha-benboulaid-un-facteur-dattrait-des-investissements\/","title":{"rendered":"Tindouf : le poste frontalier Mustapha Benboulaid, un facteur d\u2019attrait des investissements"},"content":{"rendered":"<div readability=\"41\">\n<p><strong>\u00a0TINDOUF- Le ministre de la Communication, Porte parole du Gouvernement, et ministre de la Culture par int\u00e9rim, Hassane Rabehi, a indiqu\u00e9, vendredi \u00e0 Tindouf, que le poste frontalier alg\u00e9ro-mauritanien \u00ab\u00a0Mustapha Benboulaid\u00a0\u00bb allait constituer un facteur d\u2019attrait des investissements dans la r\u00e9gion.<\/strong><\/p>\n<\/div>\n<div readability=\"93\">\n<p>\u00a0S\u2019exprimant lors de sa visite du poste, le ministre a affirm\u00e9 que ce dernier \u00ab\u00a0constituera un facteur d\u2019attrait des investissements sur cet axe reliant Tindouf \u00e0 la Mauritanie voisine, \u00e0 la lumi\u00e8re de la d\u00e9termination des directions de l\u2019Alg\u00e9rie et de la Mauritanie de raffermir leurs liens de solidarit\u00e9 et de coop\u00e9ration dans tous les domaines\u00a0\u00bb.<\/p>\n<blockquote readability=\"8\">\n<p><strong>\u00ab\u00a0Il existe un cadre juridique organis\u00e9 pouvant \u00eatre exploit\u00e9 par les op\u00e9rateurs \u00e9conomiques dans leurs d\u00e9marches et visant \u00e0 consolider les liens de solidarit\u00e9 et les relations commerciales entre les deux pays\u00a0\u00bb, a soulign\u00e9 M.Rabehi.<\/strong><\/p>\n<\/blockquote>\n<p>Il a salu\u00e9, \u00e0 ce propos, \u00ab\u00a0les efforts des diff\u00e9rentes institutions s\u00e9curitaires op\u00e9rant au niveau de ce poste frontalier, qui de par la formation sp\u00e9ciale qu\u2019elles ont re\u00e7ue, sont \u00e0 m\u00eame de s\u00e9curiser le pays\u00a0\u00a0contre toute atteinte, notamment \u00e0 travers la contrebande et les trafics d\u2019armes et de drogues\u00a0\u00bb.<\/p>\n<p>Et de rassurer, dans ce contexte, que \u00ab\u00a0le poste frontalier en question dispose d\u2019\u00e9quipements, de techniques et de sp\u00e9cialistes aptes \u00e0 d\u00e9jouer ces formes de criminalit\u00e9 et \u00e0 assurer la s\u00e9curit\u00e9 du pays\u00a0\u00bb.<\/p>\n<blockquote readability=\"11\">\n<p><strong>\u00ab\u00a0Ce poste est en mesure d\u2019immuniser les deux pays fr\u00e8res et de consacrer l\u2019action commune entre les corps s\u00e9curitaires qui y op\u00e8rent aux c\u00f4t\u00e9s des Douanes des deux pays, et ce au service de leur stabilit\u00e9 et s\u00e9curit\u00e9, en plus de renforcer les \u00e9changes \u00e9conomiques et commerciaux et de faciliter les circulations des personnes entre les deux pays\u00a0\u00bb, a ajout\u00e9 le ministre.<\/strong><\/p>\n<\/blockquote>\n<p>Selon les donn\u00e9es fournies \u00e0 la d\u00e9l\u00e9gation minist\u00e9rielle, le poste frontalier \u00ab\u00a0Mustapha Benboulaid\u00a0\u00bb a permis, depuis son ouverture en aout 2018, de fluidifier la circulation des personnes et d\u2019accroitre le flux des \u00e9changes \u00e9conomico-commerciaux bilat\u00e9raux.<\/p>\n<p>Il a enregistr\u00e9 52 op\u00e9rations d\u2019export en 2018 pour d\u00e9passer les 130 op\u00e9rations d\u2019exportation en 2019, a-t-on pr\u00e9cis\u00e9.<\/p>\n<p>M.Rabehi a fait savoir que le Gouvernement \u00ab\u00a0souhaite que les op\u00e9rateurs \u00e9conomiques, tout en veillant \u00e0 leurs int\u00e9r\u00eats et ceux des populations des r\u00e9gions frontali\u00e8res, contribuent au renforcement des liens de coop\u00e9ration et de solidarit\u00e9 entre les deux pays fr\u00e8res\u00a0\u00bb.<\/p>\n<blockquote readability=\"14\">\n<p><strong>Sur un autre registre, et r\u00e9pondant \u00e0 des questions de la presse sur le traitement des m\u00e9dias nationaux du processus des \u00e9lections pr\u00e9sidentielles, M.Rabehi a relev\u00e9 que \u00ab\u00a0les textes la concernant ont \u00e9t\u00e9 d\u00e9finis par l\u2019autorit\u00e9 qui en a la charge, selon des conditions connues de tous\u00a0\u00bb, avant de souligner que \u00ab\u00a0les m\u00e9dias qui ont eu l\u2019honneur de recevoir les candidats, et m\u00eame le pr\u00e9sident de l\u2019ANIE, se conforment jusque l\u00e0 dans leurs d\u00e9marches aux crit\u00e8res arr\u00eat\u00e9s de transparence et de d\u00e9mocratie\u00a0\u00bb.<\/strong><\/p>\n<\/blockquote>\n<p>Au terme de cette tourn\u00e9e de travail de deux jours dans la wilaya de Tindouf, le ministre de la Communication, Porte parole du Gouvernement et ministre de la Culture par int\u00e9rim, visitera une exploitation agricole priv\u00e9e au p\u00e9rim\u00e8tre de \u00ab\u00a0Oued Mehya\u00a0\u00bb, o\u00f9 il est pr\u00e9vue une action symbolique\u00a0de plantation d\u2019arbustes d\u2019arganier, une esp\u00e8ce sylvicole r\u00e9pandue dans la r\u00e9gion.<\/p>\n<\/div>\n<p>Auteur:<br \/>\n<a href=\"http:\/\/www.aps.dz\/regions\/97892-tindouf-le-poste-frontalier-mustapha-benboulaid-un-facteur-d-attrait-des-investissements-dans-la-region\">Cliquez ici pour lire l&rsquo;article depuis sa source.<\/a><\/p>\n","protected":false},"excerpt":{"rendered":"<p>\u00a0TINDOUF- Le ministre de la Communication, Porte parole du Gouvernement, et ministre de la Culture par int\u00e9rim, Hassane Rabehi, a indiqu\u00e9, vendredi \u00e0 Tindouf, que le poste frontalier alg\u00e9ro-mauritanien \u00ab\u00a0Mustapha Benboulaid\u00a0\u00bb allait constituer un facteur d\u2019attrait des investissements dans la r\u00e9gion. \u00a0S\u2019exprimant lors de sa visite du poste, le ministre a affirm\u00e9 que ce dernier [&hellip;]<\/p>\n","protected":false},"author":1790,"featured_media":0,"comment_status":"closed","ping_status":"closed","sticky":false,"template":"","format":"standard","meta":{"fifu_image_url":"","fifu_image_alt":"","footnotes":""},"categories":[53,76],"tags":[],"class_list":["post-68243","post","type-post","status-publish","format-standard","hentry","category-algerie","category-regions"],"_links":{"self":[{"href":"https:\/\/linitiative.ca\/International\/wp-json\/wp\/v2\/posts\/68243","targetHints":{"allow":["GET"]}}],"collection":[{"href":"https:\/\/linitiative.ca\/International\/wp-json\/wp\/v2\/posts"}],"about":[{"href":"https:\/\/linitiative.ca\/International\/wp-json\/wp\/v2\/types\/post"}],"author":[{"embeddable":true,"href":"https:\/\/linitiative.ca\/International\/wp-json\/wp\/v2\/users\/1790"}],"replies":[{"embeddable":true,"href":"https:\/\/linitiative.ca\/International\/wp-json\/wp\/v2\/comments?post=68243"}],"version-history":[{"count":0,"href":"https:\/\/linitiative.ca\/International\/wp-json\/wp\/v2\/posts\/68243\/revisions"}],"wp:attachment":[{"href":"https:\/\/linitiative.ca\/International\/wp-json\/wp\/v2\/media?parent=68243"}],"wp:term":[{"taxonomy":"category","embeddable":true,"href":"https:\/\/linitiative.ca\/International\/wp-json\/wp\/v2\/categories?post=68243"},{"taxonomy":"post_tag","embeddable":true,"href":"https:\/\/linitiative.ca\/International\/wp-json\/wp\/v2\/tags?post=68243"}],"curies":[{"name":"wp","href":"https:\/\/api.w.org\/{rel}","templated":true}]}}