{"id":68244,"date":"2019-11-22T12:01:41","date_gmt":"2019-11-22T17:01:41","guid":{"rendered":"https:\/\/linitiative.ca\/International\/une-campagne-de-sensibilisation-aux-risques-dasphyxie-au-monoxyde-de-carbone\/"},"modified":"2019-11-22T12:01:41","modified_gmt":"2019-11-22T17:01:41","slug":"une-campagne-de-sensibilisation-aux-risques-dasphyxie-au-monoxyde-de-carbone","status":"publish","type":"post","link":"https:\/\/linitiative.ca\/International\/une-campagne-de-sensibilisation-aux-risques-dasphyxie-au-monoxyde-de-carbone\/","title":{"rendered":"Une campagne de sensibilisation aux risques d&rsquo;asphyxie au monoxyde de carbone"},"content":{"rendered":"<div readability=\"39\">\n<p><strong>ALGER- La direction de la protection civile de la wilaya d&rsquo;Alger organisera, \u00e0 partir de dimanche \u00e0 Alger, des journ\u00e9es de sensibilisation aux moyens de pr\u00e9vention des risques d&rsquo;asphyxie au monoxyde\u00a0de carbone (CO), qui s&rsquo;\u00e9taleront du 24 novembre au 12 f\u00e9vrier 2019, a-t-on appris vendredi aupr\u00e8s d&rsquo;un responsable de ce corps.<\/strong><\/p>\n<\/div>\n<div readability=\"72.5\">\n<p>Dans une d\u00e9claration \u00e0 l&rsquo;APS, le lieutenant Khaled Benkhalfallah, charg\u00e9 de l&rsquo;information aupr\u00e8s de ces services a indiqu\u00e9 que ces journ\u00e9es de sensibilisation, qui co\u00efncident avec la saison hivernale, ont pour objectif de sensibiliser les citoyens aux dangers de l&rsquo;asphyxie au monoxyde de carbone pour r\u00e9duire les accidents et \u00e9viter les pertes humaines.\u00a0\u00a0\u00a0\u00a0\u00a0\u00a0\u00a0<\/p>\n<p>L&rsquo;objectif de ces campagnes de sensibilisation consiste \u00e0 donner une image claire et simplifi\u00e9e sur les \u00e9ventuels risques du monoxyde de carbone sur la vie du citoyen, si les conditions et les instructions ne sont pas respect\u00e9es, \u00e0 travers des images et des d\u00e9pliants, selon le responsable.<\/p>\n<blockquote readability=\"13\">\n<p><strong>Ces journ\u00e9es de sensibilisation qui seront lanc\u00e9es, dimanche prochain, \u00e0 partir du centre de formation professionnelle d&rsquo;El Harrach sillonnera jusqu&rsquo;\u00e0 la mi-f\u00e9vrier plusieurs \u00e9tablissements scolaires, centres de\u00a0formation et places publiques des diff\u00e9rentes communes de la capitale, \u00e0 l&rsquo;instar de l&rsquo;\u00e9cole primaire Malek Maouche pr\u00e8s de la station de M\u00e9tro de Bachdjerrah, l&rsquo;\u00e9cole primaire Sidi Abdallah de Z\u00e9ralda et le centre de formation professionnelle de Staoueli.<\/strong><\/p>\n<\/blockquote>\n<p>D&rsquo;autre part, le programme des journ\u00e9es de sensibilisation englobera \u00e9galement les centres de formation professionnelle des communes de Birtouta, de Regha\u00efa et Hussein Dey, les \u00e9coles primaires des cit\u00e9s du\u00a0Colonel Athmane (Birtouta) et de l&rsquo;AADL El Kerrouche (Regha\u00efa) et l&rsquo;\u00e9cole El Mirage (Alger centre) ainsi que l&rsquo;institut des travaux publics de Kouba.<\/p>\n<p>La cl\u00f4ture de cet \u00e9v\u00e8nement est pr\u00e9vue \u00e0 la Gare routi\u00e8re du Caroubier (Hussein Dey).<\/p>\n<blockquote readability=\"10\">\n<p><strong>Selon le m\u00eame responsable, l&rsquo;accent sera mis durant ces journ\u00e9es de sensibilisation sur les cit\u00e9s et les nouvelles agglom\u00e9rations ayant b\u00e9n\u00e9fici\u00e9 des op\u00e9rations de relogement dans le cadre du programme de la wilaya et ce en coordination avec plusieurs partenaires \u00e0 l&rsquo;image des directions de distribution de gaz et d&rsquo;\u00e9lectricit\u00e9 d&rsquo;Alger\u00a0 (SDA), de la sant\u00e9 et du commerce d&rsquo;Alger.<\/strong><\/p>\n<\/blockquote>\n<p>La plupart des cas d&rsquo;asphyxie au monoxyde de carbone est due \u00e0 la non-conformit\u00e9 de certains appareils de chauffage aux normes de s\u00e9curit\u00e9, aux dysfonctionnements dans l\u2019installation et la maintenance des\u00a0\u00e9quipements de chauffage, \u00e0 la mauvaise fermeture des robinets et des vannes du gaz ainsi qu&rsquo;\u00e0 des d\u00e9fauts dans le dispositif de s\u00e9curit\u00e9 de certains appareils utilis\u00e9s, outre l&rsquo;absence d&rsquo;a\u00e9ration.<\/p>\n<\/div>\n<p>Auteur:<br \/>\n<a href=\"http:\/\/www.aps.dz\/regions\/97893-une-campagne-de-sensibilisation-aux-risques-d-asphyxie-au-monoxyde-de-carbone\">Cliquez ici pour lire l&rsquo;article depuis sa source.<\/a><\/p>\n","protected":false},"excerpt":{"rendered":"<p>ALGER- La direction de la protection civile de la wilaya d&rsquo;Alger organisera, \u00e0 partir de dimanche \u00e0 Alger, des journ\u00e9es de sensibilisation aux moyens de pr\u00e9vention des risques d&rsquo;asphyxie au monoxyde\u00a0de carbone (CO), qui s&rsquo;\u00e9taleront du 24 novembre au 12 f\u00e9vrier 2019, a-t-on appris vendredi aupr\u00e8s d&rsquo;un responsable de ce corps. Dans une d\u00e9claration \u00e0 [&hellip;]<\/p>\n","protected":false},"author":1790,"featured_media":0,"comment_status":"closed","ping_status":"closed","sticky":false,"template":"","format":"standard","meta":{"fifu_image_url":"","fifu_image_alt":"","footnotes":""},"categories":[53,76],"tags":[],"class_list":["post-68244","post","type-post","status-publish","format-standard","hentry","category-algerie","category-regions"],"_links":{"self":[{"href":"https:\/\/linitiative.ca\/International\/wp-json\/wp\/v2\/posts\/68244","targetHints":{"allow":["GET"]}}],"collection":[{"href":"https:\/\/linitiative.ca\/International\/wp-json\/wp\/v2\/posts"}],"about":[{"href":"https:\/\/linitiative.ca\/International\/wp-json\/wp\/v2\/types\/post"}],"author":[{"embeddable":true,"href":"https:\/\/linitiative.ca\/International\/wp-json\/wp\/v2\/users\/1790"}],"replies":[{"embeddable":true,"href":"https:\/\/linitiative.ca\/International\/wp-json\/wp\/v2\/comments?post=68244"}],"version-history":[{"count":0,"href":"https:\/\/linitiative.ca\/International\/wp-json\/wp\/v2\/posts\/68244\/revisions"}],"wp:attachment":[{"href":"https:\/\/linitiative.ca\/International\/wp-json\/wp\/v2\/media?parent=68244"}],"wp:term":[{"taxonomy":"category","embeddable":true,"href":"https:\/\/linitiative.ca\/International\/wp-json\/wp\/v2\/categories?post=68244"},{"taxonomy":"post_tag","embeddable":true,"href":"https:\/\/linitiative.ca\/International\/wp-json\/wp\/v2\/tags?post=68244"}],"curies":[{"name":"wp","href":"https:\/\/api.w.org\/{rel}","templated":true}]}}