{"id":68249,"date":"2019-11-22T05:45:00","date_gmt":"2019-11-22T10:45:00","guid":{"rendered":"https:\/\/linitiative.ca\/International\/otan-la-france-a-loffensive\/"},"modified":"2019-11-22T05:45:00","modified_gmt":"2019-11-22T10:45:00","slug":"otan-la-france-a-loffensive","status":"publish","type":"post","link":"https:\/\/linitiative.ca\/International\/otan-la-france-a-loffensive\/","title":{"rendered":"Otan: La France \u00e0 l&rsquo;offensive"},"content":{"rendered":"<div readability=\"34\">\n<p>Le pays doit soumettre aux alli\u00e9s ses demandes pour modifier le processus<\/p>\n<p>Un sommet pr\u00e9vu \u00e0 Londres<\/p>\n<\/div>\n<div readability=\"83\">\n<div class=\"dnd-atom-wrapper type-image context-sdl_editor_representation\" contenteditable=\"false\">\n<div class=\"dnd-drop-wrapper image\"><img loading=\"lazy\" decoding=\"async\" typeof=\"foaf:Image\" class=\"img-responsive\" src=\"https:\/\/leconomiste.com\/sites\/default\/files\/eco7\/public\/thumbnails\/image\/otan-038.jpg\" width=\"800\" height=\"495\" alt=\"otan-038.jpg\" title=\"otan-038.jpg\"\/><\/div>\n<\/div>\n<p class=\"rtejustify\">A deux semaines du sommet de Londres (3 et 4 d\u00e9cembre), la France devait soumettre hier mercredi 20 novembre aux alli\u00e9s ses demandes pour modifier le processus de d\u00e9cision au sein de l&rsquo;Otan. Lequel est consid\u00e9r\u00e9 par Emmanuel Macron en \u00e9tat de \u00abmort c\u00e9r\u00e9brale\u00bb avec le d\u00e9sengagement des Etats-Unis.<\/p>\n<p class=\"rtejustify\">Ce diagnostic du chef de l&rsquo;Etat fran\u00e7ais et la critique du leadership am\u00e9ricain ont choqu\u00e9 \u00e0 l&rsquo;Otan. \u00abL&rsquo;Alliance a besoin aujourd&rsquo;hui de repenser sa strat\u00e9gie\u00bb, a soutenu la secr\u00e9taire d&rsquo;Etat aux Affaires europ\u00e9ennes Am\u00e9lie de Montchalin. Au cours d&rsquo;une r\u00e9union avec ses homologues \u00e0 Bruxelles, le chef de la diplomatie fran\u00e7aise Jean-Yves Le Drian devait fournir \u00e0 l&rsquo;Alliance des explications et formuler des demandes et des propositions.<\/p>\n<p class=\"rtejustify\">Paris va r\u00e9affirmer son attachement \u00e0 l&rsquo;Otan. \u00abL\u2019Alliance est indispensable, mais elle ne sera pas forte sans une d\u00e9fense europ\u00e9enne forte\u00bb, r\u00e9p\u00e8tent les responsables fran\u00e7ais. La crispation des alli\u00e9s n&rsquo;est pas une surprise. \u00abOn ne cherche pas \u00e0 gagner un concours de popularit\u00e9, mais on veut \u00eatre \u00e9cout\u00e9s et entendus\u00bb, explique-t-on \u00e0 Paris.<\/p>\n<p class=\"rtejustify\">La plupart des alli\u00e9s redoutent les r\u00e9actions \u00e0 Londres de Donald Trump, confront\u00e9 \u00e0 une proc\u00e9dure de destitution. Lors du dernier sommet de l&rsquo;Otan, le pr\u00e9sident am\u00e9ricain avait critiqu\u00e9 la chanceli\u00e8re Angela Merkel. Celle-ci a \u00e9t\u00e9 accus\u00e9e de ne pas suffisamment contribuer \u00e0 l&rsquo;effort de d\u00e9fense et de participer au r\u00e9armement de la Russie par ses achats de gaz.<\/p>\n<p class=\"rtejustify\">La r\u00e9union de Londres sera largement domin\u00e9e par le d\u00e9bat autour de l\u2019avenir de l\u2019Alliance. Et surtout l&rsquo;Allemagne ne veut plus \u00eatre d\u00e9nonc\u00e9e comme un mauvais \u00e9l\u00e8ve. Son budget pour la d\u00e9fense a \u00e9t\u00e9 augment\u00e9 et devrait se monter \u00e0 50,3 milliards d&rsquo;euros en 2020, soit 1,42% de son PIB, encore loin des 2% exig\u00e9s par Donald Trump. De nouveaux chiffres sur les contributions des alli\u00e9s seront publi\u00e9s avant le sommet, a annonc\u00e9 le secr\u00e9taire g\u00e9n\u00e9ral de l&rsquo;Otan Jens Stoltenberg.<\/p>\n<p class=\"rtejustify\">La France dit ne pas redouter l&rsquo;\u00e9preuve. Emmanuel Macron et Donald Trump ont eu une bonne discussion apr\u00e8s la prise de position du chef de l&rsquo;Etat, selon Paris.<\/p>\n<p class=\"rtejustify\">La r\u00e9union organis\u00e9e \u00e0 Bruxelles devait permettre de traiter les questions strat\u00e9giques, notamment l&rsquo;espace, nouveau terrain d&rsquo;op\u00e9rations de d\u00e9fense pour l&rsquo;Alliance dont les membres ont pr\u00e8s de 1.000 satellites en orbite. A l\u2019ordre du jour \u00e9galement, le positionnement de l&rsquo;Otan face \u00e0 la mont\u00e9e en puissance de la Chine, \u00absecond budget militaire du monde et tr\u00e8s pr\u00e9sente dans le cyberespace\u00bb, a expliqu\u00e9 Stoltenberg.<\/p>\n<p class=\"rtejustify\"><em>F. Z. T. avec agences<\/em><\/p>\n<p class=\"rtejustify\">\u00a0<\/p>\n<\/div>\n<p>Auteur: hlafriqi<br \/>\n<a href=\"https:\/\/www.leconomiste.com\/article\/1053421-otan-la-france-l-offensive\">Cliquez ici pour lire l&rsquo;article depuis sa source.<\/a><\/p>\n","protected":false},"excerpt":{"rendered":"<p>Le pays doit soumettre aux alli\u00e9s ses demandes pour modifier le processus Un sommet pr\u00e9vu \u00e0 Londres A deux semaines du sommet de Londres (3 et 4 d\u00e9cembre), la France devait soumettre hier mercredi 20 novembre aux alli\u00e9s ses demandes pour modifier le processus de d\u00e9cision au sein de l&rsquo;Otan. Lequel est consid\u00e9r\u00e9 par Emmanuel [&hellip;]<\/p>\n","protected":false},"author":1763,"featured_media":68250,"comment_status":"closed","ping_status":"closed","sticky":false,"template":"","format":"standard","meta":{"fifu_image_url":"","fifu_image_alt":"","footnotes":""},"categories":[78,54],"tags":[],"class_list":["post-68249","post","type-post","status-publish","format-standard","has-post-thumbnail","hentry","category-economie","category-maroc"],"_links":{"self":[{"href":"https:\/\/linitiative.ca\/International\/wp-json\/wp\/v2\/posts\/68249","targetHints":{"allow":["GET"]}}],"collection":[{"href":"https:\/\/linitiative.ca\/International\/wp-json\/wp\/v2\/posts"}],"about":[{"href":"https:\/\/linitiative.ca\/International\/wp-json\/wp\/v2\/types\/post"}],"author":[{"embeddable":true,"href":"https:\/\/linitiative.ca\/International\/wp-json\/wp\/v2\/users\/1763"}],"replies":[{"embeddable":true,"href":"https:\/\/linitiative.ca\/International\/wp-json\/wp\/v2\/comments?post=68249"}],"version-history":[{"count":0,"href":"https:\/\/linitiative.ca\/International\/wp-json\/wp\/v2\/posts\/68249\/revisions"}],"wp:featuredmedia":[{"embeddable":true,"href":"https:\/\/linitiative.ca\/International\/wp-json\/"}],"wp:attachment":[{"href":"https:\/\/linitiative.ca\/International\/wp-json\/wp\/v2\/media?parent=68249"}],"wp:term":[{"taxonomy":"category","embeddable":true,"href":"https:\/\/linitiative.ca\/International\/wp-json\/wp\/v2\/categories?post=68249"},{"taxonomy":"post_tag","embeddable":true,"href":"https:\/\/linitiative.ca\/International\/wp-json\/wp\/v2\/tags?post=68249"}],"curies":[{"name":"wp","href":"https:\/\/api.w.org\/{rel}","templated":true}]}}