{"id":68252,"date":"2019-11-22T06:15:00","date_gmt":"2019-11-22T11:15:00","guid":{"rendered":"https:\/\/linitiative.ca\/International\/cheques-sans-provisions-les-penalites-revues-a-la-baisse\/"},"modified":"2019-11-22T06:15:00","modified_gmt":"2019-11-22T11:15:00","slug":"cheques-sans-provisions-les-penalites-revues-a-la-baisse","status":"publish","type":"post","link":"https:\/\/linitiative.ca\/International\/cheques-sans-provisions-les-penalites-revues-a-la-baisse\/","title":{"rendered":"Ch\u00e8ques sans provisions: Les p\u00e9nalit\u00e9s revues \u00e0 la baisse"},"content":{"rendered":"<div class=\"dnd-atom-wrapper type-image context-sdl_editor_representation\" contenteditable=\"false\">\n<div class=\"dnd-drop-wrapper image\"><img loading=\"lazy\" decoding=\"async\" typeof=\"foaf:Image\" class=\"img-responsive\" src=\"https:\/\/www.leconomiste.com\/sites\/default\/files\/eco7\/public\/thumbnails\/image\/cheque-038.jpg\" width=\"660\" height=\"330\" alt=\"cheque-038.jpg\" title=\"cheque-038.jpg\"\/><\/div>\n<\/div>\n<p class=\"rtejustify\">Les amendes sur ch\u00e8ques sans provisions ont r\u00e9cemment \u00e9t\u00e9 revues \u00e0 la baisse. La nouvelle mesure permet de s\u2019acquitter du montant du ch\u00e8que impay\u00e9 en payant une p\u00e9nalit\u00e9 de 1,5%, au lieu de 5% pour le premier incident de paiement, 10% pour le second ou 20 au troisi\u00e8me. Une r\u00e9forme qui n\u2019a pas \u00e9t\u00e9 bien per\u00e7ue par nos lecteurs. <a href=\"https:\/\/leconomiste.com\/archive\/edition\/5633\" target=\"_blank\" rel=\"noopener noreferrer\"><span class=\"c4\"><strong><em>(cf. notre \u00e9dition du 13 \/11 \/2019)\u00a0<\/em><\/strong><\/span><\/a><\/p>\n<p class=\"rtejustify\"><strong>\u25a0 Une mesure encourageant presque les ch\u00e8ques en bois<\/strong><br \/>Pour les ch\u00e8ques impay\u00e9s de montant \u00e9gal ou sup\u00e9rieur \u00e0 50.000 DH, la p\u00e9nalit\u00e9 ne d\u00e9passe d\u00e9sormais pas 1% ! Une r\u00e9forme vraiment int\u00e9ressante pour encourager les ch\u00e8ques en bois \u00e9mis par certaines personnes morales. La remarque vaut \u00e9galement pour les personnes physiques!<br \/><em>B.L.<\/em><br \/><strong>\u25a0 Le monde \u00e0 l\u2019envers<\/strong><br \/>Je suis vraiment surpris\u2026 Au lieu d&rsquo;augmenter la p\u00e9nalit\u00e9 pour les \u00e9metteurs de ch\u00e8ques sans provision qui contribuent \u00e0 la d\u00e9gradation de l\u2019image de ce dernier, c\u2019est tout l\u2019inverse ! Voici venu le temps du lobby des ch\u00e8ques impay\u00e9s qui fait pression sur le syst\u00e8me pour ridiculiser la sanction, et ce abstraction faite du volet p\u00e9nal.<br \/><em>M.M.<\/em><\/p>\n<div class=\"dnd-atom-wrapper type-image context-sdl_editor_representation atom-align-right\" contenteditable=\"false\">\n<div class=\"dnd-drop-wrapper image\"><img loading=\"lazy\" decoding=\"async\" typeof=\"foaf:Image\" class=\"img-responsive\" src=\"https:\/\/www.leconomiste.com\/sites\/default\/files\/eco7\/public\/thumbnails\/image\/cari-cl-038.jpg\" width=\"397\" height=\"298\" alt=\"cari-cl-038.jpg\" title=\"cari-cl-038.jpg\"\/><\/div>\n<\/div>\n<p class=\"rtecenter\"><strong><u>\u00a0\u00a0\u00a0\u00a0\u00a0\u00a0\u00a0\u00a0\u00a0\u00a0\u00a0\u00a0\u00a0\u00a0\u00a0\u00a0\u00a0\u00a0\u00a0\u00a0\u00a0\u00a0\u00a0\u00a0\u00a0\u00a0\u00a0\u00a0\u00a0\u00a0\u00a0\u00a0\u00a0\u00a0\u00a0\u00a0\u00a0\u00a0\u00a0\u00a0\u00a0\u00a0\u00a0\u00a0\u00a0\u00a0\u00a0\u00a0\u00a0\u00a0\u00a0\u00a0\u00a0\u00a0\u00a0\u00a0\u00a0\u00a0\u00a0\u00a0\u00a0\u00a0\u00a0\u00a0\u00a0\u00a0\u00a0\u00a0\u00a0\u00a0\u00a0\u00a0\u00a0\u00a0\u00a0\u00a0\u00a0\u00a0\u00a0\u00a0<\/u><\/strong><\/p>\n<p class=\"rtecenter\"><strong>M\u00e9ga-centres commerciaux: De nouvelles villes bient\u00f4t desservies<\/strong><\/p>\n<div class=\"dnd-atom-wrapper type-image context-sdl_editor_representation atom-align-right\" contenteditable=\"false\">\n<div class=\"dnd-drop-wrapper image\"><img loading=\"lazy\" decoding=\"async\" typeof=\"foaf:Image\" class=\"img-responsive\" src=\"https:\/\/www.leconomiste.com\/sites\/default\/files\/eco7\/public\/thumbnails\/image\/morocco-mall-rabat-038.jpg\" width=\"369\" height=\"290\" alt=\"morocco-mall-rabat-038.jpg\" title=\"morocco-mall-rabat-038.jpg\"\/><\/div>\n<\/div>\n<p class=\"rtejustify\">Marrakech et Rabat auront bient\u00f4t leurs propres m\u00e9ga-centres commerciaux.\u00a0 Le futur Morocco-mall de la capitale s\u2019\u00e9tendra sur pr\u00e8s de 110.000 m2 tandis que celui de la ville ocre aura une superficie de 130.000 m2. De v\u00e9ritables temples de la consommation boud\u00e9s par nos lecteurs qui n\u2019en voient pas l\u2019utilit\u00e9. <a href=\"https:\/\/leconomiste.com\/archive\/edition\/5633\" target=\"_blank\" rel=\"noopener noreferrer\"><strong><span class=\"c4\"><em>(cf. notre \u00e9dition du 13 \/11 \/2019)<\/em><\/span><\/strong><\/a><\/p>\n<p class=\"rtejustify\"><strong>\u25a0 Quid d\u2019Agadir?<\/strong><br \/>Tout ceci est bien beau mais quid de la ville d\u2019Agadir ? Le projet de construction d\u2019un Mall est en attente depuis des mois! En effet, les grues sont pr\u00eates \u00e0 l\u2019emploi mais le chantier est totalement \u00e0 l\u2019arr\u00eat. Depuis pr\u00e8s de deux ans, cette ville repr\u00e9sente ni plus ni moins la cave de l\u2019\u00e9conomie marocaine.<br \/><em>D.T.<\/em><br \/><strong>\u25a0\u00a0Les temples de la consommation ont fait leur temps<\/strong><br \/>La croissance par la consommation a fait son temps. Les Marocains ont pris conscience qu\u2019accumuler les achats impulsifs et poss\u00e9der une garde-robe inutilement fournie s\u2019av\u00e8re polluant pour l\u2019environnement. Au lieu d\u2019\u00e9riger des temples de la consommation destin\u00e9s \u00e0 la malbouffe et \u00e0 la s\u00e9dentarit\u00e9, cultivons \u00e0 la place une \u00e9conomie du bien \u00eatre !<br \/><em>B.D.<\/em><br \/><strong>\u25a0 Construisons des parcs avant tout !<\/strong><br \/>La ville de Marrakech n\u2019a absolument pas besoin d\u2019un mall g\u00e9ant ! Construisons plut\u00f4t de grands parcs animaliers, des espaces verts ou encore des lieux regorgeant de jeux d\u2019enfants. o<br \/><em>I.S.<\/em><\/p>\n<p class=\"rtecenter\"><strong><u>\u00a0\u00a0\u00a0\u00a0\u00a0\u00a0\u00a0\u00a0\u00a0\u00a0\u00a0\u00a0\u00a0\u00a0\u00a0\u00a0\u00a0\u00a0\u00a0\u00a0\u00a0\u00a0\u00a0\u00a0\u00a0\u00a0\u00a0\u00a0\u00a0\u00a0\u00a0\u00a0\u00a0\u00a0\u00a0\u00a0\u00a0\u00a0\u00a0\u00a0\u00a0\u00a0\u00a0\u00a0\u00a0\u00a0\u00a0\u00a0\u00a0\u00a0\u00a0\u00a0\u00a0\u00a0\u00a0\u00a0\u00a0\u00a0\u00a0\u00a0\u00a0\u00a0\u00a0\u00a0\u00a0\u00a0\u00a0\u00a0\u00a0\u00a0\u00a0\u00a0\u00a0\u00a0\u00a0\u00a0\u00a0\u00a0\u00a0\u00a0<\/u><\/strong><\/p>\n<p class=\"rtecenter\"><strong>Startuppers: Ils sont en nombre insuffisant!<\/strong><\/p>\n<div class=\"dnd-atom-wrapper type-image context-sdl_editor_representation\" contenteditable=\"false\">\n<div class=\"dnd-drop-wrapper image\"><img loading=\"lazy\" decoding=\"async\" typeof=\"foaf:Image\" class=\"img-responsive\" src=\"https:\/\/www.leconomiste.com\/sites\/default\/files\/eco7\/public\/thumbnails\/image\/startuppers-pc-038.jpg\" width=\"660\" height=\"330\" alt=\"startuppers-pc-038.jpg\" title=\"startuppers-pc-038.jpg\"\/><\/div>\n<\/div>\n<p class=\"rtejustify\"><strong>\u25a0 La faute \u00e0 un syst\u00e8me \u00e9ducatif d\u00e9faillant<\/strong><br \/>Le syst\u00e8me \u00e9ducatif marocain ne permet pas aux \u00e9tudiants d&rsquo;acqu\u00e9rir les comp\u00e9tences n\u00e9cessaires pour se lancer dans l&rsquo;entrepreneuriat ! Je fais notamment allusion aux \u00e9coles publiques de tous niveaux, et en particulier aux \u00e9coles d&rsquo;ing\u00e9nieurs d&rsquo;\u00e9tat. L&rsquo;\u00e9cosyst\u00e8me des startups se d\u00e9veloppe de plus en plus, mais la majorit\u00e9 des acteurs travaillent en silo. Ces derniers doivent prendre en compte le fait que la concurrence existe au niveau international et non pas \u00e0 l&rsquo;\u00e9chelle nationale.<br \/><em>B.C.<\/em><\/p>\n<p class=\"rtejustify\"><strong>\u25a0 Un potentiel enfoui \u00e0 exploiter malgr\u00e9 tout<\/strong><br \/>Les jeunes Marocains ne sont pas moins innovants que les autres. La mati\u00e8re grise est \u00e9qui-r\u00e9partie de par le monde. Ceux qui cr\u00e9ent leurs startups sont courageux, mais l&rsquo;\u00e9cosyst\u00e8me local ne leur est aucunement favorable. En d\u2019autres termes, le tissu scientifique ambiant est pauvre\u2026 Pour mieux comprendre le sens de mes propos, faisons la corr\u00e9lation entre ce classement et le classement dans la production scientifique du Maroc par rapport aux autres pays. J&rsquo;ai \u00e9t\u00e9 Pr\u00e9sident du Conseil Scientifique pour la mise en place de la Technopole de l&rsquo;A\u00e9roport Mohammed V au d\u00e9but des ann\u00e9es 90. Il n&rsquo;y a pas eu de Technopole, mais une zone industrielle \u00e9tant donn\u00e9 que le tissu scientifique ambiant \u00e9tait peu performant. Si, dans la c\u00f4te Ouest des Etats-Unis, ont fleuri des startups \u00e0 succ\u00e8s, c&rsquo;est parce que ces derni\u00e8res b\u00e9n\u00e9ficiaient d&rsquo;un tissu scientifique parmi les plus denses du monde. Encourageons les jeunes pleins de talent et valorisons ceux qui, dans la recherche, se concentrent sur leur activit\u00e9 de formateurs et de chercheurs tout en nouant des partenariats avec le secteur socio-\u00e9conomique. Un moyen de contribuer \u00e0 d\u00e9velopper la formation professionnelle et de valoriser les nouveaux doctorants.o<br \/><em>M.N.<\/em><\/p>\n<p class=\"rtejustify\">\u00a0<\/p>\n<p>Auteur: hlafriqi<br \/>\n<a href=\"https:\/\/www.leconomiste.com\/article\/1053418-cheques-sans-provisions-les-penalites-revues-la-baisse\">Cliquez ici pour lire l&rsquo;article depuis sa source.<\/a><\/p>\n","protected":false},"excerpt":{"rendered":"<p>Les amendes sur ch\u00e8ques sans provisions ont r\u00e9cemment \u00e9t\u00e9 revues \u00e0 la baisse. La nouvelle mesure permet de s\u2019acquitter du montant du ch\u00e8que impay\u00e9 en payant une p\u00e9nalit\u00e9 de 1,5%, au lieu de 5% pour le premier incident de paiement, 10% pour le second ou 20 au troisi\u00e8me. Une r\u00e9forme qui n\u2019a pas \u00e9t\u00e9 bien [&hellip;]<\/p>\n","protected":false},"author":1763,"featured_media":68253,"comment_status":"closed","ping_status":"closed","sticky":false,"template":"","format":"standard","meta":{"fifu_image_url":"","fifu_image_alt":"","footnotes":""},"categories":[78,54],"tags":[],"class_list":["post-68252","post","type-post","status-publish","format-standard","has-post-thumbnail","hentry","category-economie","category-maroc"],"_links":{"self":[{"href":"https:\/\/linitiative.ca\/International\/wp-json\/wp\/v2\/posts\/68252","targetHints":{"allow":["GET"]}}],"collection":[{"href":"https:\/\/linitiative.ca\/International\/wp-json\/wp\/v2\/posts"}],"about":[{"href":"https:\/\/linitiative.ca\/International\/wp-json\/wp\/v2\/types\/post"}],"author":[{"embeddable":true,"href":"https:\/\/linitiative.ca\/International\/wp-json\/wp\/v2\/users\/1763"}],"replies":[{"embeddable":true,"href":"https:\/\/linitiative.ca\/International\/wp-json\/wp\/v2\/comments?post=68252"}],"version-history":[{"count":0,"href":"https:\/\/linitiative.ca\/International\/wp-json\/wp\/v2\/posts\/68252\/revisions"}],"wp:featuredmedia":[{"embeddable":true,"href":"https:\/\/linitiative.ca\/International\/wp-json\/"}],"wp:attachment":[{"href":"https:\/\/linitiative.ca\/International\/wp-json\/wp\/v2\/media?parent=68252"}],"wp:term":[{"taxonomy":"category","embeddable":true,"href":"https:\/\/linitiative.ca\/International\/wp-json\/wp\/v2\/categories?post=68252"},{"taxonomy":"post_tag","embeddable":true,"href":"https:\/\/linitiative.ca\/International\/wp-json\/wp\/v2\/tags?post=68252"}],"curies":[{"name":"wp","href":"https:\/\/api.w.org\/{rel}","templated":true}]}}