{"id":68258,"date":"2019-11-22T15:14:05","date_gmt":"2019-11-22T20:14:05","guid":{"rendered":"https:\/\/linitiative.ca\/International\/international-barca-valverde-soutient-griezmann\/"},"modified":"2019-11-22T15:14:05","modified_gmt":"2019-11-22T20:14:05","slug":"international-barca-valverde-soutient-griezmann","status":"publish","type":"post","link":"https:\/\/linitiative.ca\/International\/international-barca-valverde-soutient-griezmann\/","title":{"rendered":"International : Bar\u00e7a : Valverde soutient Griezmann"},"content":{"rendered":"<div readability=\"32\">\n<p>Auteur : <span class=\"time\">vendredi 22 novembre 2019 19:32<\/span><\/p>\n<\/div>\n<div id=\"post_core\" readability=\"48\">\n<p>Loin de faire l&rsquo;unanimit\u00e9 depuis son arriv\u00e9e l&rsquo;\u00e9t\u00e9 dernier en provenance de l&rsquo;Atletico Madrid, le natif de M\u00e2con conserve la confiance du coach des Blaugrana.<\/p>\n<p>\u00ab\u00a0Je le sens bien. Je sais qu&rsquo;il y en a beaucoup qui ont un \u0153il sur lui. On regarde s&rsquo;il a fait tel d\u00e9marquage ou pas, telle passe ou pas. Il nous apporte beaucoup, et on sait qu&rsquo;il peut nous apporter encore plus. Il nous offre du travail, des buts, de la continuit\u00e9, parce qu&rsquo;il rend le jeu plus propre. Et s&rsquo;il brille avec sa s\u00e9lection, tant mieux\u00a0\u00bb, a comment\u00e9 Valverde rapporte Maxifoot.<\/p>\n<p><strong>Publi\u00e9 dans :<\/strong> <span>bar\u00e7a<\/span> <span>Griezmann<\/span> <span>Valverde<\/span><\/p>\n<\/div>\n<p>Auteur:<br \/>\n<a href=\"http:\/\/www.lebuteur.com\/article\/detail?titre=barca-valverde-soutient-griezmann&#038;id=93104&#038;utm_source=feedburner&#038;utm_medium=feed&#038;utm_campaign=Feed%3A+GalerieFArtciles+%28Les+derniers+articles++-+lebuteur.com%29\">Cliquez ici pour lire l&rsquo;article depuis sa source.<\/a><\/p>\n","protected":false},"excerpt":{"rendered":"<p>Auteur : vendredi 22 novembre 2019 19:32 Loin de faire l&rsquo;unanimit\u00e9 depuis son arriv\u00e9e l&rsquo;\u00e9t\u00e9 dernier en provenance de l&rsquo;Atletico Madrid, le natif de M\u00e2con conserve la confiance du coach des Blaugrana. \u00ab\u00a0Je le sens bien. Je sais qu&rsquo;il y en a beaucoup qui ont un \u0153il sur lui. On regarde s&rsquo;il a fait tel [&hellip;]<\/p>\n","protected":false},"author":1738,"featured_media":68259,"comment_status":"closed","ping_status":"closed","sticky":false,"template":"","format":"standard","meta":{"fifu_image_url":"","fifu_image_alt":"","footnotes":""},"categories":[53,75],"tags":[],"class_list":["post-68258","post","type-post","status-publish","format-standard","has-post-thumbnail","hentry","category-algerie","category-sport"],"_links":{"self":[{"href":"https:\/\/linitiative.ca\/International\/wp-json\/wp\/v2\/posts\/68258","targetHints":{"allow":["GET"]}}],"collection":[{"href":"https:\/\/linitiative.ca\/International\/wp-json\/wp\/v2\/posts"}],"about":[{"href":"https:\/\/linitiative.ca\/International\/wp-json\/wp\/v2\/types\/post"}],"author":[{"embeddable":true,"href":"https:\/\/linitiative.ca\/International\/wp-json\/wp\/v2\/users\/1738"}],"replies":[{"embeddable":true,"href":"https:\/\/linitiative.ca\/International\/wp-json\/wp\/v2\/comments?post=68258"}],"version-history":[{"count":0,"href":"https:\/\/linitiative.ca\/International\/wp-json\/wp\/v2\/posts\/68258\/revisions"}],"wp:featuredmedia":[{"embeddable":true,"href":"https:\/\/linitiative.ca\/International\/wp-json\/"}],"wp:attachment":[{"href":"https:\/\/linitiative.ca\/International\/wp-json\/wp\/v2\/media?parent=68258"}],"wp:term":[{"taxonomy":"category","embeddable":true,"href":"https:\/\/linitiative.ca\/International\/wp-json\/wp\/v2\/categories?post=68258"},{"taxonomy":"post_tag","embeddable":true,"href":"https:\/\/linitiative.ca\/International\/wp-json\/wp\/v2\/tags?post=68258"}],"curies":[{"name":"wp","href":"https:\/\/api.w.org\/{rel}","templated":true}]}}