{"id":68260,"date":"2019-11-22T15:14:06","date_gmt":"2019-11-22T20:14:06","guid":{"rendered":"https:\/\/linitiative.ca\/International\/pros-orleans-anthar-yahia-nest-plus-le-manager-general\/"},"modified":"2019-11-22T15:14:06","modified_gmt":"2019-11-22T20:14:06","slug":"pros-orleans-anthar-yahia-nest-plus-le-manager-general","status":"publish","type":"post","link":"https:\/\/linitiative.ca\/International\/pros-orleans-anthar-yahia-nest-plus-le-manager-general\/","title":{"rendered":"Pros : Orl\u00e9ans : Anthar Yahia n&rsquo;est plus le manager g\u00e9n\u00e9ral"},"content":{"rendered":"<div readability=\"32\">\n<p>Auteur : <span class=\"time\">vendredi 22 novembre 2019 19:51<\/span><\/p>\n<\/div>\n<div id=\"post_core\" readability=\"41\">\n<p>Mais le d\u00e9part d&rsquo;Anthar Yahia a \u00e9t\u00e9 officialis\u00e9 ce vendredi par un communiqu\u00e9 du club qui indique la fin effective de l&rsquo;aventure pour le d\u00e9sormais ex-manager g\u00e9n\u00e9ral de l&rsquo;USO.<\/p>\n<p>\u00ab\u00a0Au regard de la situation sportive actuelle du club, et de la n\u00e9cessit\u00e9 de pouvoir pr\u00e9parer les prochaines \u00e9ch\u00e9ances sportives dans les meilleures conditions possibles, notamment gr\u00e2ce \u00e0 une synergie compl\u00e8te entre la direction et le staff technique du club, l&rsquo;US Orl\u00e9ans et Monsieur Anthar Yahia ont d\u00e9cid\u00e9 de cesser leur collaboration avec effet imm\u00e9diat.\u00a0\u00bb Un message relay\u00e9 par Football.<\/p>\n<p><strong>Publi\u00e9 dans :<\/strong> <span>Orl\u00e9ans<\/span><\/p>\n<\/div>\n<p>Auteur:<br \/>\n<a href=\"http:\/\/www.lebuteur.com\/article\/detail?titre=orleans-anthar-yahia-nest-plus-le-manager-general&#038;id=93105&#038;utm_source=feedburner&#038;utm_medium=feed&#038;utm_campaign=Feed%3A+GalerieFArtciles+%28Les+derniers+articles++-+lebuteur.com%29\">Cliquez ici pour lire l&rsquo;article depuis sa source.<\/a><\/p>\n","protected":false},"excerpt":{"rendered":"<p>Auteur : vendredi 22 novembre 2019 19:51 Mais le d\u00e9part d&rsquo;Anthar Yahia a \u00e9t\u00e9 officialis\u00e9 ce vendredi par un communiqu\u00e9 du club qui indique la fin effective de l&rsquo;aventure pour le d\u00e9sormais ex-manager g\u00e9n\u00e9ral de l&rsquo;USO. \u00ab\u00a0Au regard de la situation sportive actuelle du club, et de la n\u00e9cessit\u00e9 de pouvoir pr\u00e9parer les prochaines \u00e9ch\u00e9ances [&hellip;]<\/p>\n","protected":false},"author":1738,"featured_media":68261,"comment_status":"closed","ping_status":"closed","sticky":false,"template":"","format":"standard","meta":{"fifu_image_url":"","fifu_image_alt":"","footnotes":""},"categories":[53,75],"tags":[],"class_list":["post-68260","post","type-post","status-publish","format-standard","has-post-thumbnail","hentry","category-algerie","category-sport"],"_links":{"self":[{"href":"https:\/\/linitiative.ca\/International\/wp-json\/wp\/v2\/posts\/68260","targetHints":{"allow":["GET"]}}],"collection":[{"href":"https:\/\/linitiative.ca\/International\/wp-json\/wp\/v2\/posts"}],"about":[{"href":"https:\/\/linitiative.ca\/International\/wp-json\/wp\/v2\/types\/post"}],"author":[{"embeddable":true,"href":"https:\/\/linitiative.ca\/International\/wp-json\/wp\/v2\/users\/1738"}],"replies":[{"embeddable":true,"href":"https:\/\/linitiative.ca\/International\/wp-json\/wp\/v2\/comments?post=68260"}],"version-history":[{"count":0,"href":"https:\/\/linitiative.ca\/International\/wp-json\/wp\/v2\/posts\/68260\/revisions"}],"wp:featuredmedia":[{"embeddable":true,"href":"https:\/\/linitiative.ca\/International\/wp-json\/"}],"wp:attachment":[{"href":"https:\/\/linitiative.ca\/International\/wp-json\/wp\/v2\/media?parent=68260"}],"wp:term":[{"taxonomy":"category","embeddable":true,"href":"https:\/\/linitiative.ca\/International\/wp-json\/wp\/v2\/categories?post=68260"},{"taxonomy":"post_tag","embeddable":true,"href":"https:\/\/linitiative.ca\/International\/wp-json\/wp\/v2\/tags?post=68260"}],"curies":[{"name":"wp","href":"https:\/\/api.w.org\/{rel}","templated":true}]}}