{"id":68262,"date":"2019-11-22T15:19:02","date_gmt":"2019-11-22T20:19:02","guid":{"rendered":"https:\/\/linitiative.ca\/International\/diplomatie-agrement-a-la-nomination-des-ambassadeurs-dalgerie-en-afrique-du-sud-et-en-tchequie\/"},"modified":"2019-11-22T15:19:02","modified_gmt":"2019-11-22T20:19:02","slug":"diplomatie-agrement-a-la-nomination-des-ambassadeurs-dalgerie-en-afrique-du-sud-et-en-tchequie","status":"publish","type":"post","link":"https:\/\/linitiative.ca\/International\/diplomatie-agrement-a-la-nomination-des-ambassadeurs-dalgerie-en-afrique-du-sud-et-en-tchequie\/","title":{"rendered":"Diplomatie :   Agr\u00e9ment \u00e0 la nomination  des ambassadeurs d\u2019Alg\u00e9rie  en Afrique du Sud et en Tch\u00e9quie"},"content":{"rendered":"<div class=\"TxArtcile\" readability=\"15\">\n<div class=\"ImgCapt\"><img loading=\"lazy\" decoding=\"async\" width=\"208\" height=\"208\" src=\"http:\/\/www.elmoudjahid.com\/temp\/fr\/actualite2[144824].jpg\" alt=\"\" \/><span>D.R<\/span><\/div>\n<p>Les gouvernements sud-africain et tch\u00e8que ont donn\u00e9 leur agr\u00e9ment \u00e0 la nomination de MM. Rachid Benlounes et Hamid Boukrif, respectivement en qualit\u00e9 d&rsquo;ambassadeurs extraordinaires et pl\u00e9nipotentiaires de la R\u00e9publique alg\u00e9rienne d\u00e9mocratique et populaire, a indiqu\u00e9, jeudi, le minist\u00e8re des Affaires \u00e9trang\u00e8res, dans un communiqu\u00e9.<\/p>\n<\/div>\n<div class=\"ModliArtilUne\">\n<ul>\n<li><strong>Publi\u00e9 dans :<\/strong><\/li>\n<\/ul>\n<\/div>\n<div class=\"MbComIns\" id=\"newcom\" readability=\"5.69402985075\">\n<h6>DONNEZ VOTRE AVIS<\/h6>\n<p>Il n&rsquo;y a actuellement aucune r\u00e9action \u00e0 cette information. Soyez le premier \u00e0 r\u00e9agir !<\/p>\n<p><a href=\"\" rel=\"#popup\" class=\"login resetbutton\">Identifiez-vous<\/a><a class=\"button\" href=\"http:\/\/www.elmoudjahid.com\/fr\/inscription\/\"><span>S&rsquo;inscrire<\/span><\/a><\/p>\n<\/div>\n<p>Auteur: elmoudjahid<br \/>\n<a href=\"http:\/\/www.elmoudjahid.com\/fr\/actualites\/144824\">Cliquez ici pour lire l&rsquo;article depuis sa source.<\/a><\/p>\n","protected":false},"excerpt":{"rendered":"<p>D.R Les gouvernements sud-africain et tch\u00e8que ont donn\u00e9 leur agr\u00e9ment \u00e0 la nomination de MM. Rachid Benlounes et Hamid Boukrif, respectivement en qualit\u00e9 d&rsquo;ambassadeurs extraordinaires et pl\u00e9nipotentiaires de la R\u00e9publique alg\u00e9rienne d\u00e9mocratique et populaire, a indiqu\u00e9, jeudi, le minist\u00e8re des Affaires \u00e9trang\u00e8res, dans un communiqu\u00e9. Publi\u00e9 dans : DONNEZ VOTRE AVIS Il n&rsquo;y a actuellement [&hellip;]<\/p>\n","protected":false},"author":1744,"featured_media":68263,"comment_status":"closed","ping_status":"closed","sticky":false,"template":"","format":"standard","meta":{"fifu_image_url":"","fifu_image_alt":"","footnotes":""},"categories":[73,53],"tags":[],"class_list":["post-68262","post","type-post","status-publish","format-standard","has-post-thumbnail","hentry","category-actualite","category-algerie"],"_links":{"self":[{"href":"https:\/\/linitiative.ca\/International\/wp-json\/wp\/v2\/posts\/68262","targetHints":{"allow":["GET"]}}],"collection":[{"href":"https:\/\/linitiative.ca\/International\/wp-json\/wp\/v2\/posts"}],"about":[{"href":"https:\/\/linitiative.ca\/International\/wp-json\/wp\/v2\/types\/post"}],"author":[{"embeddable":true,"href":"https:\/\/linitiative.ca\/International\/wp-json\/wp\/v2\/users\/1744"}],"replies":[{"embeddable":true,"href":"https:\/\/linitiative.ca\/International\/wp-json\/wp\/v2\/comments?post=68262"}],"version-history":[{"count":0,"href":"https:\/\/linitiative.ca\/International\/wp-json\/wp\/v2\/posts\/68262\/revisions"}],"wp:featuredmedia":[{"embeddable":true,"href":"https:\/\/linitiative.ca\/International\/wp-json\/"}],"wp:attachment":[{"href":"https:\/\/linitiative.ca\/International\/wp-json\/wp\/v2\/media?parent=68262"}],"wp:term":[{"taxonomy":"category","embeddable":true,"href":"https:\/\/linitiative.ca\/International\/wp-json\/wp\/v2\/categories?post=68262"},{"taxonomy":"post_tag","embeddable":true,"href":"https:\/\/linitiative.ca\/International\/wp-json\/wp\/v2\/tags?post=68262"}],"curies":[{"name":"wp","href":"https:\/\/api.w.org\/{rel}","templated":true}]}}