{"id":68264,"date":"2019-11-22T15:19:05","date_gmt":"2019-11-22T20:19:05","guid":{"rendered":"https:\/\/linitiative.ca\/International\/ayant-obtenu-16-medailles-aux-mondiaux-2019-de-para-athletisme-la-selection-de-handisport-honoree-par-m-%e2%80%88raouf-bernaoui\/"},"modified":"2019-11-22T15:19:05","modified_gmt":"2019-11-22T20:19:05","slug":"ayant-obtenu-16-medailles-aux-mondiaux-2019-de-para-athletisme-la-selection-de-handisport-honoree-par-m-%e2%80%88raouf-bernaoui","status":"publish","type":"post","link":"https:\/\/linitiative.ca\/International\/ayant-obtenu-16-medailles-aux-mondiaux-2019-de-para-athletisme-la-selection-de-handisport-honoree-par-m-%e2%80%88raouf-bernaoui\/","title":{"rendered":"Ayant obtenu 16 m\u00e9dailles aux Mondiaux-2019  de para-athl\u00e9tisme :  la s\u00e9lection de Handisport  honor\u00e9e par M.\u2008Raouf Bernaoui"},"content":{"rendered":"<p>Le ministre de la Jeunesse et des Sports, Raouf Salim Bernaoui, a honor\u00e9, jeudi dernier, au Centre international des conf\u00e9rences Abdelatif-Rahal (CIC), les athl\u00e8tes de la s\u00e9lection alg\u00e9rienne de para-athl\u00e9tisme, laur\u00e9ats de 16 m\u00e9dailles aux Mondiaux-2019 de la discipline, qui se sont d\u00e9roul\u00e9s du 7 au 15 novembre \u00e0 Duba\u00ef.<\/p>\n<div readability=\"53\">\n<p>Ayant honor\u00e9 l\u2019embl\u00e8me national dans cette comp\u00e9tition internationale, avec\u00a0 16 m\u00e9dailles, dont 2 en or (Nassima Saifi et Houari Bahlaz), les athl\u00e8tes ont fait preuve lors de ce tournoi d\u2019une grande volont\u00e9 de vaincre et une ambition d\u00e9mesur\u00e9e pour brandir le drapeau national haut dans le concert des Nations. \u00abJe n\u2019aime pas l\u2019appellation \u2018\u2019d\u2019athl\u00e8tes aux besoins\u2018\u2019 mais plut\u00f4t \u2018\u2019champions aux grands talents et d\u00e9termination\u2019\u2019. Ils sont des grands champions qui prouvent \u00e0 chaque rendez-vous international leur d\u00e9vouement pour la patrie et leur passion pour le sport\u00bb, a d\u00e9clar\u00e9 le ministre de la Jeunesse et Sports.<\/p>\n<p>Les athl\u00e8tes de la s\u00e9lection nationale, aur\u00e9ol\u00e9s par 16 m\u00e9dailles ont pu s\u2019imposer face \u00e0 des athl\u00e8tes du monde entier, avec au total 16 m\u00e9dailles (2 or, 8 argent, 6 bronze). La s\u00e9lection alg\u00e9rienne a occup\u00e9 la 15e\u00a0 place du classement g\u00e9n\u00e9ral des Mondiaux-2019 sur un total de 122 pays participants, ce qui prouve leur haut niveau, eux qui poursuivent la mission de leurs pr\u00e9d\u00e9cesseurs comme feu Mohamed Allek, plusieurs fois champions du monde et en Jeux para-olympiques.<\/p>\n<p>Multiple championne du monde, Nassima Saifi, laur\u00e9ate de m\u00e9daille d\u2019or au lancer de disque apr\u00e8s l\u2019exploit de battre le record du monde, \u00e9galement m\u00e9daill\u00e9e d&rsquo;argent au lancer de poids, s&rsquo;est dite tr\u00e8s honor\u00e9e par cette c\u00e9r\u00e9monie.\u00a0<\/p>\n<p>\u00abJ\u2019esp\u00e8re que les m\u00e9dailles d\u00e9croch\u00e9es \u00e0 Duba\u00ef procurent un sentiment de joie et de fiert\u00e9 \u00e0 tous les Alg\u00e9riens. C\u2019est une immense fiert\u00e9 et un honneur incommensurable de porter les couleurs de l\u2019Alg\u00e9rie sur les podiums internationaux.<\/p>\n<p>\u00a0Ma volont\u00e9 de vaincre et ma rigueur au travail ne va pas cesser pour d\u00e9crocher d\u2019autres m\u00e9dailles et rendre fier le peuple alg\u00e9rien\u00bb, a-t-elle fait savoir.<\/p>\n<p>Le Premier ministre, Nourddine Bedoui, a \u00e9galement adress\u00e9 un message de f\u00e9licitations aux champions alg\u00e9riens, lu en son nom par le directeur de cabinet du Premier minist\u00e8re, Abdelhakim Chater, et a encourag\u00e9 les para-athl\u00e8tes alg\u00e9riens \u00e0 se d\u00e9passer pour d\u00e9crocher d\u2019autres succ\u00e8s. Pour encourager les champions alg\u00e9riens, le gouvernement alg\u00e9rien a attribu\u00e9 des r\u00e9compenses (sommes d\u2019argent) \u00e0 tous les athl\u00e8tes m\u00e9daill\u00e9s lors des Mondiaux de Duba\u00ef. Il y a lieu de rappeler que 22 athl\u00e8tes alg\u00e9riens ont pris part \u00e0 cette comp\u00e9tition qualificative aux Jeux paralympiques de Tokyo-2020.\u00a0\u00a0<\/p>\n<p><strong>Kader Bentoun\u00e8s<\/strong><\/p>\n<\/div>\n<p>Auteur: elmoudjahid<br \/>\n<a href=\"http:\/\/www.elmoudjahid.com\/fr\/actualites\/144825\">Cliquez ici pour lire l&rsquo;article depuis sa source.<\/a><\/p>\n","protected":false},"excerpt":{"rendered":"<p>Le ministre de la Jeunesse et des Sports, Raouf Salim Bernaoui, a honor\u00e9, jeudi dernier, au Centre international des conf\u00e9rences Abdelatif-Rahal (CIC), les athl\u00e8tes de la s\u00e9lection alg\u00e9rienne de para-athl\u00e9tisme, laur\u00e9ats de 16 m\u00e9dailles aux Mondiaux-2019 de la discipline, qui se sont d\u00e9roul\u00e9s du 7 au 15 novembre \u00e0 Duba\u00ef. Ayant honor\u00e9 l\u2019embl\u00e8me national dans [&hellip;]<\/p>\n","protected":false},"author":1744,"featured_media":0,"comment_status":"closed","ping_status":"closed","sticky":false,"template":"","format":"standard","meta":{"fifu_image_url":"","fifu_image_alt":"","footnotes":""},"categories":[73,53],"tags":[],"class_list":["post-68264","post","type-post","status-publish","format-standard","hentry","category-actualite","category-algerie"],"_links":{"self":[{"href":"https:\/\/linitiative.ca\/International\/wp-json\/wp\/v2\/posts\/68264","targetHints":{"allow":["GET"]}}],"collection":[{"href":"https:\/\/linitiative.ca\/International\/wp-json\/wp\/v2\/posts"}],"about":[{"href":"https:\/\/linitiative.ca\/International\/wp-json\/wp\/v2\/types\/post"}],"author":[{"embeddable":true,"href":"https:\/\/linitiative.ca\/International\/wp-json\/wp\/v2\/users\/1744"}],"replies":[{"embeddable":true,"href":"https:\/\/linitiative.ca\/International\/wp-json\/wp\/v2\/comments?post=68264"}],"version-history":[{"count":0,"href":"https:\/\/linitiative.ca\/International\/wp-json\/wp\/v2\/posts\/68264\/revisions"}],"wp:attachment":[{"href":"https:\/\/linitiative.ca\/International\/wp-json\/wp\/v2\/media?parent=68264"}],"wp:term":[{"taxonomy":"category","embeddable":true,"href":"https:\/\/linitiative.ca\/International\/wp-json\/wp\/v2\/categories?post=68264"},{"taxonomy":"post_tag","embeddable":true,"href":"https:\/\/linitiative.ca\/International\/wp-json\/wp\/v2\/tags?post=68264"}],"curies":[{"name":"wp","href":"https:\/\/api.w.org\/{rel}","templated":true}]}}