{"id":68265,"date":"2019-11-22T15:19:06","date_gmt":"2019-11-22T20:19:06","guid":{"rendered":"https:\/\/linitiative.ca\/International\/hommage-a-bahlaz-et-kardjena\/"},"modified":"2019-11-22T15:19:06","modified_gmt":"2019-11-22T20:19:06","slug":"hommage-a-bahlaz-et-kardjena","status":"publish","type":"post","link":"https:\/\/linitiative.ca\/International\/hommage-a-bahlaz-et-kardjena\/","title":{"rendered":"Hommage \u00e0 Bahlaz et Kardjena"},"content":{"rendered":"<p>L\u2019association Radieuse vient d\u2019honorer les deux champions olympiques, Bahlaz Houari et Kardjena Kamel, qui viennent de s\u2019illustrer aux championnats du monde de para-athl\u00e9tisme qui se sont d\u00e9roul\u00e9s \u00e0 Duba\u00ef, en remportant deux m\u00e9dailles d\u2019or. Bahlaz a remport\u00e9 le titre au lancer du poids et Kardjena au Salonge.<\/p>\n<p>Le pr\u00e9sident de la Radieuse, Chafi Kada, a remis un dipl\u00f4me d\u2019honneur, une m\u00e9daille du m\u00e9rite et des cadeaux aux deux champions, \u00e0 titre de reconnaissance pour avoir port\u00e9 haut les couleurs de l\u2019Alg\u00e9rie, sachant que c\u2019\u00e9tait un d\u00e9fi pour cette cat\u00e9gorie de sportifs qui m\u00e9rite respect et encouragements. La c\u00e9r\u00e9monie s\u2019est d\u00e9roul\u00e9e en pr\u00e9sence des anciens internationaux, Ali Me\u00e7abih, Cheikh Benzerga, Mokhtar Chibani et Sma\u00efn Faradji, ainsi que des adh\u00e9rents de la Radieuse.<\/p>\n<p>Bahlaz et Kardjena ont remerci\u00e9 l\u2019association pour cette louable initiative, ainsi que l\u2019encouragement continu de ses responsables durant toute la pr\u00e9paration des Mondiaux et lors du sacre.<\/p>\n<p>Pour sa part, Kada Chafi a rendu un vibrant hommage aux deux athl\u00e8tes, ainsi qu\u2019\u00e0 leurs entra\u00eeneurs et dirigeants, mettant en exergue le r\u00f4le positif jou\u00e9 par leurs parents et leur entourage, sans oublier le soutien ind\u00e9fectible de l\u2019\u00c9tat qui a mis \u00e0 leur service tous les moyens pour atteindre cette performance.<\/p>\n<p>Auteur: elmoudjahid<br \/>\n<a href=\"http:\/\/www.elmoudjahid.com\/fr\/actualites\/144826\">Cliquez ici pour lire l&rsquo;article depuis sa source.<\/a><\/p>\n","protected":false},"excerpt":{"rendered":"<p>L\u2019association Radieuse vient d\u2019honorer les deux champions olympiques, Bahlaz Houari et Kardjena Kamel, qui viennent de s\u2019illustrer aux championnats du monde de para-athl\u00e9tisme qui se sont d\u00e9roul\u00e9s \u00e0 Duba\u00ef, en remportant deux m\u00e9dailles d\u2019or. Bahlaz a remport\u00e9 le titre au lancer du poids et Kardjena au Salonge. Le pr\u00e9sident de la Radieuse, Chafi Kada, a [&hellip;]<\/p>\n","protected":false},"author":1744,"featured_media":0,"comment_status":"closed","ping_status":"closed","sticky":false,"template":"","format":"standard","meta":{"fifu_image_url":"","fifu_image_alt":"","footnotes":""},"categories":[73,53],"tags":[],"class_list":["post-68265","post","type-post","status-publish","format-standard","hentry","category-actualite","category-algerie"],"_links":{"self":[{"href":"https:\/\/linitiative.ca\/International\/wp-json\/wp\/v2\/posts\/68265","targetHints":{"allow":["GET"]}}],"collection":[{"href":"https:\/\/linitiative.ca\/International\/wp-json\/wp\/v2\/posts"}],"about":[{"href":"https:\/\/linitiative.ca\/International\/wp-json\/wp\/v2\/types\/post"}],"author":[{"embeddable":true,"href":"https:\/\/linitiative.ca\/International\/wp-json\/wp\/v2\/users\/1744"}],"replies":[{"embeddable":true,"href":"https:\/\/linitiative.ca\/International\/wp-json\/wp\/v2\/comments?post=68265"}],"version-history":[{"count":0,"href":"https:\/\/linitiative.ca\/International\/wp-json\/wp\/v2\/posts\/68265\/revisions"}],"wp:attachment":[{"href":"https:\/\/linitiative.ca\/International\/wp-json\/wp\/v2\/media?parent=68265"}],"wp:term":[{"taxonomy":"category","embeddable":true,"href":"https:\/\/linitiative.ca\/International\/wp-json\/wp\/v2\/categories?post=68265"},{"taxonomy":"post_tag","embeddable":true,"href":"https:\/\/linitiative.ca\/International\/wp-json\/wp\/v2\/tags?post=68265"}],"curies":[{"name":"wp","href":"https:\/\/api.w.org\/{rel}","templated":true}]}}