{"id":68268,"date":"2019-11-22T06:06:55","date_gmt":"2019-11-22T11:06:55","guid":{"rendered":"https:\/\/linitiative.ca\/International\/97879-mondiaux-de-para-athletisme-bernaoui-encense-la-selection-algerienne-aureolee-de-16-medailles\/"},"modified":"2019-11-22T06:06:55","modified_gmt":"2019-11-22T11:06:55","slug":"97879-mondiaux-de-para-athletisme-bernaoui-encense-la-selection-algerienne-aureolee-de-16-medailles","status":"publish","type":"post","link":"https:\/\/linitiative.ca\/International\/97879-mondiaux-de-para-athletisme-bernaoui-encense-la-selection-algerienne-aureolee-de-16-medailles\/","title":{"rendered":"Mondiaux de para-athl\u00e9tisme: Bernaoui encense la s\u00e9lection alg\u00e9rienne aur\u00e9ol\u00e9e de 16 m\u00e9dailles"},"content":{"rendered":"<div readability=\"41\">\n<p><strong>ALGER &#8211; Les athl\u00e8tes de la s\u00e9lection alg\u00e9rienne de para-athl\u00e9tisme, aur\u00e9ol\u00e9s par une moisson de 16 m\u00e9dailles, dont deux en or, aux Mondiaux-2019 de la discipline (7-15 novembre \u00e0 Duba\u00ef), sont de \u00ab\u00a0grands champions\u00a0\u00bb qui prouvent \u00e0 chaque rendez-vous international leur \u00ab\u00a0d\u00e9vouement pour la patrie\u00a0\u00bb et leur \u00ab\u00a0passion pour le sport\u00a0\u00bb, a assur\u00e9 jeudi soir \u00e0 Alger le ministre de la Jeunesse et Sports, Abderaouf Bernaoui.<\/strong><\/p>\n<\/div>\n<div readability=\"98.1595890411\">\n<p>\u00ab\u00a0C\u2019est un grand honneur de r\u00e9compenser notre s\u00e9lection nationale de para-athl\u00e9tisme qui s\u2019est distingu\u00e9e lors des derniers Mondiaux avec une moisson de 16 m\u00e9dailles (2 or, 8 argent, 6 bronze). F\u00e9licitations aux athl\u00e8tes m\u00e9daill\u00e9s, qui sont de grands champions reconnus \u00e0 travers le monde entier, et grand bravo \u00e0 leurs entraineurs, qui les accompagnent durant toute la saison\u00a0\u00bb, a d\u00e9clar\u00e9 Bernaoui lors d\u2019une c\u00e9r\u00e9monie en l\u2019honneur de la s\u00e9lection nationale de para-athl\u00e9tisme, organis\u00e9e au Centre international des conf\u00e9rences \u00ab\u00a0Abdelatif-Rahal\u00a0\u00bb, en pr\u00e9sence de membres du gouvernement.<\/p>\n<blockquote readability=\"14\">\n<p><em><strong>\u00ab\u00a0Le d\u00e9vouement et la pers\u00e9v\u00e9rance de ces athl\u00e8tes, qui sont des exemples \u00e0 suivre dans tous les domaines, nous encourage \u00e0 redoubler d\u2019effort pour fournir toute l&rsquo;aide n\u00e9cessaire aux athl\u00e8tes de l&rsquo;handisport, pour progresser, et d\u00e9crocher le maximum de m\u00e9dailles lors des prochaines olympiades paralympiques, pr\u00e9vues en 2020 \u00e0 Tokyo (Japon)\u00a0\u00bb, ajoute le ministre.<\/strong><\/em><\/p>\n<\/blockquote>\n<p>Le premier ministre Nourddine Bedoui a \u00e9galement adress\u00e9 un message de f\u00e9licitations aux champions alg\u00e9riens, lu en son nom par le Directeur de cabinet du premier minist\u00e8re, Abdelhakim Chater, et a encourag\u00e9 les para-athl\u00e8tes alg\u00e9riens \u00e0 se d\u00e9passer pour d\u00e9crocher d\u2019autres succ\u00e8s.<\/p>\n<hr\/>\n<p><a href=\"http:\/\/www.aps.dz\/sport\/97806-para-athletisme-lahouari-bahlaz-et-kerdjena-kamel-honores-a-oran\">Para-athl\u00e9tisme: Lahouari Bahlaz et Kerdjena Kamel honor\u00e9s \u00e0 Oran<\/a><\/p>\n<hr\/>\n<p>Pour encourager les champions alg\u00e9riens, le Gouvernement alg\u00e9rien a attribu\u00e9 des r\u00e9compenses financi\u00e8res \u00e0 tous les athl\u00e8tes m\u00e9daill\u00e9s lors des Mondiaux de Dubai.<\/p>\n<p>Avec total de 16 m\u00e9dailles (2 or, 8 argent, 6 bronze), la s\u00e9lection alg\u00e9rienne a termin\u00e9 la 15e place au classement g\u00e9n\u00e9ral des Mondiaux-2019, sur un total de 122 pays participants.<\/p>\n<p>La multiple championne du monde, Nassima Saifi, qui a battu le record du monde au lancer de disque (F56\/57), s&rsquo;est dite tr\u00e8s honor\u00e9e par cette c\u00e9r\u00e9monie, d\u00e9clarant que les m\u00e9dailles d\u00e9croch\u00e9es \u00e0 Duba\u00ef sont des cadeaux pour tous les Alg\u00e9riens.<\/p>\n<blockquote readability=\"9\">\n<p><em><strong>\u00ab\u00a0C\u2019est avec une immense fiert\u00e9 et un grand honneur que je porte les couleurs de l\u2019Alg\u00e9rie sur les podiums internationaux. Je vais continuer \u00e0 travailler pour d\u00e9crocher d\u2019autres m\u00e9dailles et ainsi rendre fier le peuple alg\u00e9rien\u00a0\u00bb, a assur\u00e9e la m\u00e9daill\u00e9e d&rsquo;or au concours du lancer de disque (F56\/57) et d&rsquo;argent au lancer de poids (F56\/57).<\/strong><\/em><\/p>\n<\/blockquote>\n<p>Pour sa part, Lahouari Bahlaz, sacr\u00e9 au club F32 et m\u00e9daill\u00e9 d&rsquo;argent au lancer de poids (F32), s&rsquo;est dit \u00ab\u00a0tr\u00e8s heureux\u00a0\u00bb de participer \u00e0 cette c\u00e9r\u00e9monie, qui l\u2019encourage \u00e0 pers\u00e9v\u00e9rer pour d\u00e9crocher d\u2019autres distinctions \u00e0 l\u2019avenir.<\/p>\n<p>\u00ab\u00a0L&rsquo;objectif, maintenant, ce sont les Jeux paralympiques de Tokyo, o\u00f9 la concurrence sera plus rude. Mais je reste confiant de nos capacit\u00e9s \u00e0 aller d\u00e9fier les meilleurs\u00a0\u00bb, a-t-il d\u00e9clar\u00e9.<\/p>\n<p>Plus de 1.400 athl\u00e8tes issus de 120 pays, dont 22 Alg\u00e9riens, ont pris part au rendez-vous de Duba\u00ef, qualificatif aux Jeux paralympiques de Tokyo-2020.<\/p>\n<\/div>\n<p>Auteur:<br \/>\n<a href=\"http:\/\/www.aps.dz\/sport\/97879-mondiaux-de-para-athletisme-bernaoui-encense-la-selection-algerienne-aureolee-de-16-medailles?utm_source=feedburner&#038;utm_medium=feed&#038;utm_campaign=Feed%3A+aps-sport+%28APS+-+SPORT%29\">Cliquez ici pour lire l&rsquo;article depuis sa source.<\/a><\/p>\n","protected":false},"excerpt":{"rendered":"<p>ALGER &#8211; Les athl\u00e8tes de la s\u00e9lection alg\u00e9rienne de para-athl\u00e9tisme, aur\u00e9ol\u00e9s par une moisson de 16 m\u00e9dailles, dont deux en or, aux Mondiaux-2019 de la discipline (7-15 novembre \u00e0 Duba\u00ef), sont de \u00ab\u00a0grands champions\u00a0\u00bb qui prouvent \u00e0 chaque rendez-vous international leur \u00ab\u00a0d\u00e9vouement pour la patrie\u00a0\u00bb et leur \u00ab\u00a0passion pour le sport\u00a0\u00bb, a assur\u00e9 jeudi soir [&hellip;]<\/p>\n","protected":false},"author":1790,"featured_media":0,"comment_status":"closed","ping_status":"closed","sticky":false,"template":"","format":"standard","meta":{"fifu_image_url":"","fifu_image_alt":"","footnotes":""},"categories":[53,75],"tags":[],"class_list":["post-68268","post","type-post","status-publish","format-standard","hentry","category-algerie","category-sport"],"_links":{"self":[{"href":"https:\/\/linitiative.ca\/International\/wp-json\/wp\/v2\/posts\/68268","targetHints":{"allow":["GET"]}}],"collection":[{"href":"https:\/\/linitiative.ca\/International\/wp-json\/wp\/v2\/posts"}],"about":[{"href":"https:\/\/linitiative.ca\/International\/wp-json\/wp\/v2\/types\/post"}],"author":[{"embeddable":true,"href":"https:\/\/linitiative.ca\/International\/wp-json\/wp\/v2\/users\/1790"}],"replies":[{"embeddable":true,"href":"https:\/\/linitiative.ca\/International\/wp-json\/wp\/v2\/comments?post=68268"}],"version-history":[{"count":0,"href":"https:\/\/linitiative.ca\/International\/wp-json\/wp\/v2\/posts\/68268\/revisions"}],"wp:attachment":[{"href":"https:\/\/linitiative.ca\/International\/wp-json\/wp\/v2\/media?parent=68268"}],"wp:term":[{"taxonomy":"category","embeddable":true,"href":"https:\/\/linitiative.ca\/International\/wp-json\/wp\/v2\/categories?post=68268"},{"taxonomy":"post_tag","embeddable":true,"href":"https:\/\/linitiative.ca\/International\/wp-json\/wp\/v2\/tags?post=68268"}],"curies":[{"name":"wp","href":"https:\/\/api.w.org\/{rel}","templated":true}]}}