{"id":68269,"date":"2019-11-22T06:38:48","date_gmt":"2019-11-22T11:38:48","guid":{"rendered":"https:\/\/linitiative.ca\/International\/97882-vo-vietnam-la-federation-algerienne-passe-sous-l-egide-de-la-world-federation\/"},"modified":"2019-11-22T06:38:48","modified_gmt":"2019-11-22T11:38:48","slug":"97882-vo-vietnam-la-federation-algerienne-passe-sous-l-egide-de-la-world-federation","status":"publish","type":"post","link":"https:\/\/linitiative.ca\/International\/97882-vo-vietnam-la-federation-algerienne-passe-sous-l-egide-de-la-world-federation\/","title":{"rendered":"Vo Vietnam: la F\u00e9d\u00e9ration alg\u00e9rienne passe sous l&rsquo;\u00e9gide de la World Federation"},"content":{"rendered":"<div readability=\"38\">\n<p><strong>ALGER- La F\u00e9d\u00e9ration alg\u00e9rienne de Vo Vietnam (FAVV) a d\u00e9cid\u00e9 d&rsquo;activer et d&rsquo;exercer ses missions sous l&rsquo;\u00e9gide de l&rsquo;instance mondiale de cet art martial, la World Federation of Vo Vietnam (WFVV) dont les modes de comp\u00e9tition et r\u00e8glements sont aux normes internationales, a r\u00e9v\u00e9l\u00e9 le pr\u00e9sident de l&rsquo;instance alg\u00e9rienne, Rabie A\u00eft Medjber.<\/strong><\/p>\n<\/div>\n<div readability=\"108.5\">\n<p>\u00ab\u00a0Dor\u00e9navant, nous coop\u00e9rons uniquement avec la World Federation of Vo Vietnam et non plus avec la F\u00e9d\u00e9ration internationale (FIVV). La raison est que la WFVV a mis en place des r\u00e8glements officiellement reconnus et adopt\u00e9s par 120 pays membres, issus de tous les continents\u00a0\u00bb, a indiqu\u00e9 A\u00eft Medjber \u00e0 l&rsquo;APS.<\/p>\n<blockquote readability=\"9\">\n<p><em><strong>La F\u00e9d\u00e9ration alg\u00e9rienne active actuellement \u00ab\u00a0dans un climat serein\u00a0\u00bb avec la WFVV et \u00ab\u00a0organise avec sa collaboration, des passages de grades et des stages de formation pour arbitres dirig\u00e9s par des experts vietnamiens,outre la participation \u00e0 diff\u00e9rents Championnats et Coupes du monde\u00a0\u00bb.<\/strong><\/em><\/p>\n<\/blockquote>\n<p>En revanche, le premier responsable de l&rsquo;instance alg\u00e9rienne a cit\u00e9, entre autres reproches envers la FIVV, le fait que celle-ci adopte comme formule de comp\u00e9tition, \u00ab\u00a0une pause de six heures avant le d\u00e9roulement des quarts, demies et finales, alors que la WFVV opte pour neuf heures\u00a0\u00bb.<\/p>\n<p>La d\u00e9cision du non-renouvellement de l&rsquo;adh\u00e9sion de l&rsquo;instance alg\u00e9rienne \u00e0 la FIVV qui \u00ab\u00a0repr\u00e9sente en v\u00e9rit\u00e9 une Ecole purement traditionnelle\u00a0\u00bb selon A\u00eft Medjber, \u00ab\u00a0d\u00e9coule de notre conviction que cette instance ne r\u00e9pond pasaux ambitions de la frange de la jeunesse et n&rsquo;organise pas de comp\u00e9titions internationales ou des passages de grades&#8230;etc. En un mot, elle ne peut \u00eatre consid\u00e9r\u00e9e comme une f\u00e9d\u00e9ration au sens propre du terme\u00a0\u00bb.<\/p>\n<p>Sur la page facebook de son instance, A\u00eft Medjber a annonc\u00e9 que sa f\u00e9d\u00e9ration \u00ab\u00a0n&rsquo;entreprendra aucune activit\u00e9 sous l&rsquo;\u00e9gide de la FIVV tant que cette derni\u00e8re ne respecte pas les engagements conclus lors des derni\u00e8resrencontres bilat\u00e9rales\u00a0\u00bb.<\/p>\n<p>Selon lui, la FIVV \u00ab\u00a0doit changer sa vision et sa politique envers la F\u00e9d\u00e9ration alg\u00e9rienne et la consid\u00e9rer \u00e0 sa juste valeur, puisque l&rsquo;Alg\u00e9rie rec\u00e8le un nombre important de pratiquants de niveau mondial\u00a0\u00bb.<\/p>\n<blockquote readability=\"11\">\n<p><em><strong>Le premier responsable de l&rsquo;instance alg\u00e9rienne a, en outre, indiqu\u00e9 que les personnes parlant en Alg\u00e9rie, au nom de la F\u00e9d\u00e9ration internationale, \u00ab\u00a0ne repr\u00e9sentent qu&rsquo;elles-m\u00eames et travaillent pour leurs propres int\u00e9r\u00eats\u00a0\u00bb.<\/strong><\/em><\/p>\n<\/blockquote>\n<p>Tout r\u00e9cemment, Rabie A\u00eft Medjber s&rsquo;est rendu au Vietnam o\u00f9 il a rencontr\u00e9 des responsables dece pays dont le pr\u00e9sident de la WFVV et le Directeur des Sports au minist\u00e8re des Sports vietnamien, avec lesquels il a \u00e9voqu\u00e9 divers sujets dont l&rsquo;organisation en Alg\u00e9rie du Championnat du monde de Vo Vietnam en novembre 2020.<\/p>\n<p>La d\u00e9cision d&rsquo;organiser le Mondial-2020 a obtenu l&rsquo;aval du minist\u00e8re de la Jeunesse et des Sports et de l&rsquo;instance mondiale, selon le pr\u00e9sident de la FAVV qui a indiqu\u00e9 que les pr\u00e9paratifs pour cela ont d\u00e9j\u00e0 \u00e9t\u00e9 lanc\u00e9s, selon un calendrier bien \u00e9tabli, appelant au passage le minist\u00e8re de tutelle \u00e0 apporter le soutien n\u00e9cessaire \u00e0 la F\u00e9d\u00e9ration alg\u00e9rienne pour abriter cette comp\u00e9tition mondiale.<\/p>\n<blockquote readability=\"16\">\n<p><em><strong>Plus de 9.000 jeunes repr\u00e9sentant 140 clubs pratiquent en Alg\u00e9rie le Vo Vietnam, une discipline pr\u00e9sente dans 19 wilayas dont six sont des p\u00f4les de formation : Tizi-Ouzou, Alger, El Oued, Bouira, Boumerd\u00e8s et Batna. Parmi les experts alg\u00e9riens dans cet art martial, figurent entre autres Tahar Hadjoudj, A\u00eft Larbi Abdelmalek, Rachid Cha\u00efb et Abdelfettah Boudjelkha.<\/strong><\/em><\/p>\n<\/blockquote>\n<p>Le Vo Vietnam, cr\u00e9\u00e9 en 1957 par le ma\u00eetre vietnamien Nguyen Duc Moc, a \u00e9t\u00e9 introduit en Alg\u00e9rie en 1973 par le ma\u00eetre alg\u00e9rien Abdelmalek A\u00eft Larbi.<\/p>\n<p>Au Championnat du monde-2019, en mai dernier \u00e0 Marseille (France), l&rsquo;\u00e9quipe alg\u00e9rienne avait pris la premi\u00e8re place dans la sp\u00e9cialit\u00e9 Combats et la troisi\u00e8me place au classement g\u00e9n\u00e9ral, derri\u00e8re le Vietnam (champion) et la France. En 2018 au Vietnam, l&rsquo;Alg\u00e9rie avait termin\u00e9 au quatri\u00e8me rang.<\/p>\n<\/div>\n<p>Auteur:<br \/>\n<a href=\"http:\/\/www.aps.dz\/sport\/97882-vo-vietnam-la-federation-algerienne-passe-sous-l-egide-de-la-world-federation?utm_source=feedburner&#038;utm_medium=feed&#038;utm_campaign=Feed%3A+aps-sport+%28APS+-+SPORT%29\">Cliquez ici pour lire l&rsquo;article depuis sa source.<\/a><\/p>\n","protected":false},"excerpt":{"rendered":"<p>ALGER- La F\u00e9d\u00e9ration alg\u00e9rienne de Vo Vietnam (FAVV) a d\u00e9cid\u00e9 d&rsquo;activer et d&rsquo;exercer ses missions sous l&rsquo;\u00e9gide de l&rsquo;instance mondiale de cet art martial, la World Federation of Vo Vietnam (WFVV) dont les modes de comp\u00e9tition et r\u00e8glements sont aux normes internationales, a r\u00e9v\u00e9l\u00e9 le pr\u00e9sident de l&rsquo;instance alg\u00e9rienne, Rabie A\u00eft Medjber. \u00ab\u00a0Dor\u00e9navant, nous coop\u00e9rons [&hellip;]<\/p>\n","protected":false},"author":1790,"featured_media":0,"comment_status":"closed","ping_status":"closed","sticky":false,"template":"","format":"standard","meta":{"fifu_image_url":"","fifu_image_alt":"","footnotes":""},"categories":[53,75],"tags":[],"class_list":["post-68269","post","type-post","status-publish","format-standard","hentry","category-algerie","category-sport"],"_links":{"self":[{"href":"https:\/\/linitiative.ca\/International\/wp-json\/wp\/v2\/posts\/68269","targetHints":{"allow":["GET"]}}],"collection":[{"href":"https:\/\/linitiative.ca\/International\/wp-json\/wp\/v2\/posts"}],"about":[{"href":"https:\/\/linitiative.ca\/International\/wp-json\/wp\/v2\/types\/post"}],"author":[{"embeddable":true,"href":"https:\/\/linitiative.ca\/International\/wp-json\/wp\/v2\/users\/1790"}],"replies":[{"embeddable":true,"href":"https:\/\/linitiative.ca\/International\/wp-json\/wp\/v2\/comments?post=68269"}],"version-history":[{"count":0,"href":"https:\/\/linitiative.ca\/International\/wp-json\/wp\/v2\/posts\/68269\/revisions"}],"wp:attachment":[{"href":"https:\/\/linitiative.ca\/International\/wp-json\/wp\/v2\/media?parent=68269"}],"wp:term":[{"taxonomy":"category","embeddable":true,"href":"https:\/\/linitiative.ca\/International\/wp-json\/wp\/v2\/categories?post=68269"},{"taxonomy":"post_tag","embeddable":true,"href":"https:\/\/linitiative.ca\/International\/wp-json\/wp\/v2\/tags?post=68269"}],"curies":[{"name":"wp","href":"https:\/\/api.w.org\/{rel}","templated":true}]}}