{"id":68270,"date":"2019-11-22T07:09:42","date_gmt":"2019-11-22T12:09:42","guid":{"rendered":"https:\/\/linitiative.ca\/International\/97883-karate-do-apres-l-or-mondial-anis-helassa-reve-des-jo\/"},"modified":"2019-11-22T07:09:42","modified_gmt":"2019-11-22T12:09:42","slug":"97883-karate-do-apres-l-or-mondial-anis-helassa-reve-des-jo","status":"publish","type":"post","link":"https:\/\/linitiative.ca\/International\/97883-karate-do-apres-l-or-mondial-anis-helassa-reve-des-jo\/","title":{"rendered":"Karat\u00e9-do : apr\u00e8s l&rsquo;or mondial, Anis Helassa r\u00eave des JO"},"content":{"rendered":"<div readability=\"37\">\n<p><strong>CONSTANTINE- Ayant r\u00e9alis\u00e9 un \u00ab\u00a0r\u00eave d&rsquo;enfant\u00a0\u00bb dans une discipline qui le passionne depuis ses 4 ans, le karat\u00e9ka Ayoub Anis Helassa, r\u00e9cent champion du monde juniors au Chili, voit d\u00e9sormais grand et vise les Jeux Olympiques (JO) de Tokyo-2020.<\/strong><\/p>\n<\/div>\n<div readability=\"105.604600219\">\n<p>Rencontr\u00e9 \u00e0 la salle omnisports d\u2019El-Mansoura (Constantine), Helassa (-55 kg) a d\u00e9j\u00e0 repris ses entra\u00eenements et l\u2019or qu\u2019il a remport\u00e9 \u00e0 Santiago, pourtant en proie \u00e0 une grave crise sociale depuis plus d&rsquo;un mois qui a fait plusieurs morts, semble lui donner des ailes.<\/p>\n<blockquote readability=\"8\">\n<p><em><strong>\u00ab\u00a0Cette victoire au Championnat du monde me donne \u00e9norm\u00e9ment de confiance pour aborder les prochaines comp\u00e9titions nationales et internationales dans les meilleures conditions possibles\u00a0\u00bb, a d\u00e9clar\u00e9 l&rsquo;athl\u00e8te du Club Mostakbel de Constantine \u00e0 l&rsquo;APS.<\/strong><\/em><\/p>\n<\/blockquote>\n<p>Et d\u2019ajouter : \u00ab\u00a0La m\u00e9daille olympique demeure la plus prestigieuse de toutes les distinctions et mon ambition est grande pour la d\u00e9crocher\u00a0\u00bb et inscrire son nom dans l\u2019histoire en tant que premier Alg\u00e9rien champion olympique en kumit\u00e9.<\/p>\n<p>Les grands d\u00e9buts de Helassa sur la sc\u00e8ne internationale ont eu lieu en 2018 lors du Championnat m\u00e9diterran\u00e9en \u00e0 Antalya (Turquie) o\u00f9 il a d\u00e9croch\u00e9 la 2e place, ainsi qu&rsquo;une m\u00e9daille de bronze au Championnat arabe \u00e0 Tunis (Tunisie), auxquelles s&rsquo;ajoutent plusieurs titres nationaux, notamment en cat\u00e9gorie minimes.<\/p>\n<hr\/>\n<p><span class=\"c30\"><strong>Lire aussi:<\/strong><\/span>\u00a0<a href=\"http:\/\/www.aps.dz\/sport\/96561-karate-do-mondiaux-2019-ma-medaille-d-or-n-est-qu-une-etape-de-ma-carriere\">Karat\u00e9 Do\/Mondiaux 2019: \u00ab\u00a0ma m\u00e9daille d&rsquo;or n&rsquo;est qu&rsquo;une \u00e9tape de ma carri\u00e8re\u00a0\u00bb<\/a><\/p>\n<hr\/>\n<p>Le jeune prodige de 16 ans ambitionne, \u00e0 court terme, de s\u2019illustrer aux Championnats locaux puis au niveau continental, tout en gardant \u00e0 l\u2019esprit son objectif principal, les Olympiades de Tokyo-2020, o\u00f9 le karat\u00e9 fera son apparition pour la premi\u00e8re fois dans l&rsquo;histoire des Jeux.<\/p>\n<blockquote readability=\"9\">\n<p class=\"c31\"><em><strong>\u00ab\u00a0S\u2019entra\u00eener quotidiennement, travailler ardemment et redoubler d\u2019efforts pour se perfectionner sont les conditions que je m\u2019impose pour disputer toutes les comp\u00e9titions qualificatives aux JO d\u2019\u00e9t\u00e9\u00a0\u00bb, rel\u00e8ve-t-il.<\/strong><\/em><\/p>\n<\/blockquote>\n<p>Et de revenir sur son sacre mondial : \u00ab\u00a0Le Championnat du monde au Chili \u00e9tait une comp\u00e9tition tr\u00e8s rude qui a connu la participation de plus de 1.500 karat\u00e9kas. J&rsquo;ai r\u00e9ussi \u00e0 remporter la finale gr\u00e2ce notamment au travail psychologique du s\u00e9lectionneur national, consistant \u00e0 trouver le juste \u00e9quilibre entre la ferveur et l\u2019usage des techniques\u00a0\u00bb, soulignant par la m\u00eame occasion toute l&rsquo;aide qu&rsquo;a pu lui apporter le s\u00e9lectionneur Tarek Adnan ainsi que les conseils pr\u00e9cieux de son entra\u00eeneur au Club Mostakbel de Constantine, Tabet Skander.<\/p>\n<p><strong>La distinction \u00ab\u00a0contagieuse\u00a0\u00bb d\u2019Anis Hellassa<\/strong><\/p>\n<p>Au Club Mostakbel de karat\u00e9-do, o\u00f9 le champion constantinois \u00e9volue depuis sa tendre enfance, l&rsquo;or mondial ramen\u00e9 de Santiago, dans un climat tendu en raison de la crise sociale, semble donner des ailes \u00e0 toute l\u2019\u00e9quipe.<\/p>\n<blockquote readability=\"10\">\n<p><em><strong>\u00ab\u00a0Le titre d\u00e9croch\u00e9 par Anis au rendez-vous mondial a chang\u00e9 \u00e9norm\u00e9ment de choses au club, \u00e0 commencer par l\u2019enthousiasme grandissant qu\u2019il a provoqu\u00e9 chez ses co\u00e9quipiers et les autres entra\u00eeneurs pour redoubler d\u2019efforts avec l\u2019ambition de repr\u00e9senter leur club sur la sc\u00e8ne internationale\u00a0\u00bb, t\u00e9moigne le coach Skander Tabet.<\/strong><\/em><\/p>\n<\/blockquote>\n<p>Et de poursuivre : \u00ab\u00a0Au Club Mostakbel, des athl\u00e8tes comme Sayad Aya, Amina Boufenara, Krouech Mahdi, Kasimi Mahdi, Hamdouche Fares et Boukharou Cherif constituent l&rsquo;espoir de cette discipline et peuvent aller tr\u00e8s loin avec un bon encadrement et les moyens n\u00e9cessaires pour permettre de fixer tr\u00e8s haut la barre des d\u00e9fis\u00a0\u00bb.<\/p>\n<p>Le technicien se f\u00e9licite aussi qu\u2019au Club Mostakbel Constantine, des efforts \u00ab\u00a0colossaux\u00a0\u00bb ont \u00e9t\u00e9 d\u00e9ploy\u00e9s pour passer de l\u2019amateurisme et du sport de plaisir au professionnalisme dans le karat\u00e9-do.<\/p>\n<p>\u00ab\u00a0Nous avons oeuvr\u00e9 \u00e0 faire \u00e9clore les comp\u00e9tences des jeunes talents et au fil des jours, on a d\u00e9couvert des athl\u00e8tes aux qualit\u00e9s de futurs champions et Helassa en est un\u00a0\u00bb, poursuit-il avec fiert\u00e9.<\/p>\n<\/div>\n<p>Auteur:<br \/>\n<a href=\"http:\/\/www.aps.dz\/sport\/97883-karate-do-apres-l-or-mondial-anis-helassa-reve-des-jo?utm_source=feedburner&#038;utm_medium=feed&#038;utm_campaign=Feed%3A+aps-sport+%28APS+-+SPORT%29\">Cliquez ici pour lire l&rsquo;article depuis sa source.<\/a><\/p>\n","protected":false},"excerpt":{"rendered":"<p>CONSTANTINE- Ayant r\u00e9alis\u00e9 un \u00ab\u00a0r\u00eave d&rsquo;enfant\u00a0\u00bb dans une discipline qui le passionne depuis ses 4 ans, le karat\u00e9ka Ayoub Anis Helassa, r\u00e9cent champion du monde juniors au Chili, voit d\u00e9sormais grand et vise les Jeux Olympiques (JO) de Tokyo-2020. Rencontr\u00e9 \u00e0 la salle omnisports d\u2019El-Mansoura (Constantine), Helassa (-55 kg) a d\u00e9j\u00e0 repris ses entra\u00eenements et [&hellip;]<\/p>\n","protected":false},"author":1790,"featured_media":0,"comment_status":"closed","ping_status":"closed","sticky":false,"template":"","format":"standard","meta":{"fifu_image_url":"","fifu_image_alt":"","footnotes":""},"categories":[53,75],"tags":[],"class_list":["post-68270","post","type-post","status-publish","format-standard","hentry","category-algerie","category-sport"],"_links":{"self":[{"href":"https:\/\/linitiative.ca\/International\/wp-json\/wp\/v2\/posts\/68270","targetHints":{"allow":["GET"]}}],"collection":[{"href":"https:\/\/linitiative.ca\/International\/wp-json\/wp\/v2\/posts"}],"about":[{"href":"https:\/\/linitiative.ca\/International\/wp-json\/wp\/v2\/types\/post"}],"author":[{"embeddable":true,"href":"https:\/\/linitiative.ca\/International\/wp-json\/wp\/v2\/users\/1790"}],"replies":[{"embeddable":true,"href":"https:\/\/linitiative.ca\/International\/wp-json\/wp\/v2\/comments?post=68270"}],"version-history":[{"count":0,"href":"https:\/\/linitiative.ca\/International\/wp-json\/wp\/v2\/posts\/68270\/revisions"}],"wp:attachment":[{"href":"https:\/\/linitiative.ca\/International\/wp-json\/wp\/v2\/media?parent=68270"}],"wp:term":[{"taxonomy":"category","embeddable":true,"href":"https:\/\/linitiative.ca\/International\/wp-json\/wp\/v2\/categories?post=68270"},{"taxonomy":"post_tag","embeddable":true,"href":"https:\/\/linitiative.ca\/International\/wp-json\/wp\/v2\/tags?post=68270"}],"curies":[{"name":"wp","href":"https:\/\/api.w.org\/{rel}","templated":true}]}}