{"id":68272,"date":"2019-11-22T11:06:00","date_gmt":"2019-11-22T16:06:00","guid":{"rendered":"https:\/\/linitiative.ca\/International\/pour-preserver-la-stabilite-de-lalgerie-les-candidats-soulignent-la-necessite-de-renforcer-le-front-interne\/"},"modified":"2019-11-22T11:06:00","modified_gmt":"2019-11-22T16:06:00","slug":"pour-preserver-la-stabilite-de-lalgerie-les-candidats-soulignent-la-necessite-de-renforcer-le-front-interne","status":"publish","type":"post","link":"https:\/\/linitiative.ca\/International\/pour-preserver-la-stabilite-de-lalgerie-les-candidats-soulignent-la-necessite-de-renforcer-le-front-interne\/","title":{"rendered":"POUR PRESERVER LA STABILITE DE L&rsquo;ALGERIE : Les candidats soulignent la n\u00e9cessit\u00e9 de renforcer le front interne"},"content":{"rendered":"<p><br id=\"sep_para_1\" class=\"sep_para access\"\/><\/p>\n<div id=\"para_1\" class=\"para_34151504 resize\">\n<div class=\"texte access firstletter\">Animant un meeting \u00e0 la maison de la Culture \u00ab\u00a0Ali Maachi\u00a0\u00bb \u00e0 Tiaret, le candidat Ali Benflis, a mis l&rsquo;accent, en effet, sur l&rsquo;imp\u00e9ratif du \u00ab\u00a0renforcement du front interne sur la base de la confiance plac\u00e9e dans les institutions de l&rsquo;Etat, l&rsquo;unit\u00e9 entre le peuple et son arm\u00e9e et la pr\u00e9servation de l&rsquo;Etat national\u00a0\u00bb. De son c\u00f4t\u00e9, Abdelkader Bengrina s&rsquo;est engag\u00e9 depuis Relizane \u00e0 faire face \u00e0 ceux qui veulent attenter \u00e0 la s\u00e9curit\u00e9 de l&rsquo;Alg\u00e9rie, mettant en garde contre d'\u00a0\u00bbhorribles plans\u00a0\u00bb visant la d\u00e9stabilisation du pays. \u00ab\u00a0Nous ne pouvons retourner aux ann\u00e9es 90, ni accepter un sc\u00e9nario similaire \u00e0 ceux de la Libye et de la Syrie\u00a0\u00bb, a pr\u00e9cis\u00e9 le candidat du Mouvement El-Bina, tout en d\u00e9non\u00e7ant des \u00ab\u00a0parties tendancieuses impliqu\u00e9es dans le projet de report des \u00e9lections et du maintien du statu-quo\u00a0\u00bb. Dans le m\u00eame esprit, le candidat ind\u00e9pendant, Abdelmadjid Tebboune, a affirm\u00e9, quant \u00e0 lui, lors de son meeting populaire \u00e0 la salle Z\u00e9nith de Constantine que la tenue de la pr\u00e9sidentielle en cette conjoncture pr\u00e9cise, \u00e9tait \u00ab\u00a0un imp\u00e9ratif national\u00a0\u00bb pour \u00ab\u00a0sauver le pays des menaces qui le guettent et barrer la route aux comploteurs\u00a0\u00bb. Tout en appelant au respect des avis de ceux qui sont en faveur du boycott de la pr\u00e9sidentielle, M.Tebboune a d\u00e9clar\u00e9 n\u00e9anmoins que \u00ab\u00a0nul n&rsquo;a le droit d&#8217;emp\u00eacher ceux qui sont pour aller voter\u00a0\u00bb. Le candidat Abdelaziz Bela\u00efd, a promis, pour sa part, d&rsquo;ouvrir tous les dossiers en suspens avec les pays voisins, compte tenu de l&rsquo;int\u00e9r\u00eat du pays, appelant dans ce contexte \u00e0 l&rsquo;\u00e9dification du grand Maghreb.\u00a0 Intervenant lors d&rsquo;un rassemblement populaire organis\u00e9 au palais de la culture Abdelkarim Dali \u00e0 Tlemcen, M. Bela\u00efd a estim\u00e9 aussi que l&rsquo;avenir de l&rsquo;Alg\u00e9rie est li\u00e9 aussi \u00e0 celui de tous les pays africains voisins, notamment ceux de la r\u00e9gion du Sahel, appelant \u00e0 l&rsquo;\u00e9tablissement de la zone de libre-\u00e9change et \u00e0 des projets de d\u00e9veloppements communs aux profits des populations de la r\u00e9gion. Dans le m\u00eame sillage, le candidat Azzedine Mihoubi a \u00e9voqu\u00e9, lors de son meeting \u00e0 Tamanrasset, le d\u00e9veloppement \u00e9conomique dans le Sud du pays afin de renforcer le r\u00f4le r\u00e9gional de l&rsquo;Alg\u00e9rie, notamment au sein de l&rsquo;espace sah\u00e9lien, proposant la cr\u00e9ation d&rsquo;une agence d\u00e9di\u00e9e \u00e0 cette mission. Le candidat du Rassemblement national d\u00e9mocratique (RND) a promis, en outre, de renforcer les capacit\u00e9s agricoles des wilayas du Sud r\u00e9it\u00e9rant sa confiance vis-\u00e0-vis du peuple alg\u00e9rien et de son adh\u00e9sion au processus \u00e9lectoral.<\/div>\n<\/div>\n<p>Auteur: Ismain<br \/>\n<a href=\"https:\/\/www.reflexiondz.net\/POUR-PRESERVER-LA-STABILITE-DE-L-ALGERIE-Les-candidats-soulignent-la-necessite-de-renforcer-le-front-interne_a58951.html\">Cliquez ici pour lire l&rsquo;article depuis sa source.<\/a><\/p>\n","protected":false},"excerpt":{"rendered":"<p>Animant un meeting \u00e0 la maison de la Culture \u00ab\u00a0Ali Maachi\u00a0\u00bb \u00e0 Tiaret, le candidat Ali Benflis, a mis l&rsquo;accent, en effet, sur l&rsquo;imp\u00e9ratif du \u00ab\u00a0renforcement du front interne sur la base de la confiance plac\u00e9e dans les institutions de l&rsquo;Etat, l&rsquo;unit\u00e9 entre le peuple et son arm\u00e9e et la pr\u00e9servation de l&rsquo;Etat national\u00a0\u00bb. De [&hellip;]<\/p>\n","protected":false},"author":1740,"featured_media":0,"comment_status":"closed","ping_status":"closed","sticky":false,"template":"","format":"standard","meta":{"fifu_image_url":"","fifu_image_alt":"","footnotes":""},"categories":[53,76],"tags":[],"class_list":["post-68272","post","type-post","status-publish","format-standard","hentry","category-algerie","category-regions"],"_links":{"self":[{"href":"https:\/\/linitiative.ca\/International\/wp-json\/wp\/v2\/posts\/68272","targetHints":{"allow":["GET"]}}],"collection":[{"href":"https:\/\/linitiative.ca\/International\/wp-json\/wp\/v2\/posts"}],"about":[{"href":"https:\/\/linitiative.ca\/International\/wp-json\/wp\/v2\/types\/post"}],"author":[{"embeddable":true,"href":"https:\/\/linitiative.ca\/International\/wp-json\/wp\/v2\/users\/1740"}],"replies":[{"embeddable":true,"href":"https:\/\/linitiative.ca\/International\/wp-json\/wp\/v2\/comments?post=68272"}],"version-history":[{"count":0,"href":"https:\/\/linitiative.ca\/International\/wp-json\/wp\/v2\/posts\/68272\/revisions"}],"wp:attachment":[{"href":"https:\/\/linitiative.ca\/International\/wp-json\/wp\/v2\/media?parent=68272"}],"wp:term":[{"taxonomy":"category","embeddable":true,"href":"https:\/\/linitiative.ca\/International\/wp-json\/wp\/v2\/categories?post=68272"},{"taxonomy":"post_tag","embeddable":true,"href":"https:\/\/linitiative.ca\/International\/wp-json\/wp\/v2\/tags?post=68272"}],"curies":[{"name":"wp","href":"https:\/\/api.w.org\/{rel}","templated":true}]}}